{"id":1,"date":"2009-12-07T16:49:47","date_gmt":"2009-12-07T15:49:47","guid":{"rendered":"http:\/\/www.ladislavjakl.cz\/?p=1"},"modified":"2011-08-19T13:54:52","modified_gmt":"2011-08-19T12:54:52","slug":"ahoj-vsichni","status":"publish","type":"post","link":"https:\/\/www.ladislavjakl.cz\/?p=1","title":{"rendered":"Ladislav Jakl: Rocker na Hrad\u011b, rozhovor Petra \u017dantovsk\u00e9ho"},"content":{"rendered":"<p><img loading=\"lazy\" decoding=\"async\" class=\"ngg-singlepic ngg-none alignleft\" src=\"https:\/\/www.ladislavjakl.cz\/wp-content\/gallery\/perexy\/kniha_small.png\" alt=\"kniha_small\" width=\"165\" height=\"239\" \/> Ladislav Jakl slav\u00ed 17. prosince 009 <a href=\"https:\/\/www.ladislavjakl.cz\/?p=51\" target=\"_self\"><strong>pades\u00e1tiny<\/strong><\/a>. A to je docela dobr\u00e1 p\u0159\u00edle\u017eitost k\u00a0tomu, aby se cel\u00e9 to p\u016flstolet\u00ed p\u011bkn\u011b popsalo, shrnulo a uk\u00e1zalo sv\u011btu. Tak vznikla kniha Rocker na Hrad\u011b. Je to velik\u00fd \u017eivotopisn\u00fd rozhovor, kde v\u00a0pov\u00edd\u00e1n\u00ed s\u00a0novin\u00e1\u0159em Petrem \u017dantovsk\u00fdm p\u0159edkl\u00e1d\u00e1 Ladislav Jakl \u010dten\u00e1\u0159\u016fm sv\u00e9 \u017eivotn\u00ed z\u00e1\u017eitky, ale tak\u00e9 hodn\u011b n\u00e1zor\u016f na politiku, muziku a hlavn\u011b v\u016fbec\u00a0 na sv\u011bt kolem. Je tam kousek soukrom\u00ed, hodn\u011b piva, hodn\u011b bigb\u00edtu a tak\u00e9 n\u011bco ze sv\u011bta, ve kter\u00e9m \u017eije tajemn\u00edk prezidenta republiky. Ladislav Jakl mluv\u00ed otev\u0159en\u011b o \u010demkoli, ot\u00e1zky si nevyb\u00edral, odpov\u00eddal na v\u0161echno, n\u011bkde stroze, jindy se rozpov\u00eddal. A tak je kniha Rocker na Hrad\u011b nejen podrobnou pitvou jednoho \u017eivota, ale tak\u00e9 docela podrobnou mapou krajiny, ve kter\u00e9 jsme posledn\u00edch pades\u00e1t let \u017eili v\u0161ichni.<\/p>\n<p>P\u0159ebal knihy:<\/p>\nngg_shortcode_0_placeholder\n<p>Zvukov\u00e1 upout\u00e1vka:<\/p>\n<p><object classid=\"clsid:d27cdb6e-ae6d-11cf-96b8-444553540000\" width=\"280\" height=\"40\" codebase=\"http:\/\/download.macromedia.com\/pub\/shockwave\/cabs\/flash\/swflash.cab#version=6,0,40,0\"><param name=\"src\" value=\"https:\/\/www.ladislavjakl.cz\/data\/zvukovaupoutavka_280_40.swf\" \/><embed type=\"application\/x-shockwave-flash\" width=\"280\" height=\"40\" src=\"https:\/\/www.ladislavjakl.cz\/data\/zvukovaupoutavka_280_40.swf\"><\/embed><\/object><\/p>\n<p>Detail knihy: V\u00e1zan\u00e1, form\u00e1t 148&#215;205 mm, 288 stran + 16 stran fotop\u0159\u00edlohy na  k\u0159\u00edd\u011b.<br \/>\n<strong>Doporu\u010den\u00e1 maloobchodn\u00ed cena: K\u010d 229,-.<\/strong><\/p>\n<p><strong>Kniha je dostupn\u00e1 k prodeji. Objednat si j\u00ed m\u016f\u017eete na adrese: <a href=\"mailto:milan@kabrna.cz\">milan@kabrna.cz<\/a><\/strong><\/p>\n","protected":false},"excerpt":{"rendered":"<p>Ladislav Jakl slav\u00ed 17. prosince 009 pades\u00e1tiny. A to je docela dobr\u00e1 p\u0159\u00edle\u017eitost k\u00a0tomu, aby se cel\u00e9 to p\u016flstolet\u00ed p\u011bkn\u011b popsalo, shrnulo a uk\u00e1zalo sv\u011btu. Tak vznikla kniha Rocker na Hrad\u011b. Je to velik\u00fd \u017eivotopisn\u00fd rozhovor, kde v\u00a0pov\u00edd\u00e1n\u00ed s\u00a0novin\u00e1\u0159em Petrem \u017dantovsk\u00fdm p\u0159edkl\u00e1d\u00e1 Ladislav Jakl \u010dten\u00e1\u0159\u016fm sv\u00e9 \u017eivotn\u00ed z\u00e1\u017eitky, ale tak\u00e9 hodn\u011b n\u00e1zor\u016f na politiku, muziku [&hellip;]<\/p>\n","protected":false},"author":1,"featured_media":0,"comment_status":"open","ping_status":"open","sticky":false,"template":"","format":"standard","meta":{"ngg_post_thumbnail":0,"footnotes":""},"categories":[8],"tags":[],"class_list":["post-1","post","type-post","status-publish","format-standard","hentry","category-hlavni-stranka"],"_links":{"self":[{"href":"https:\/\/www.ladislavjakl.cz\/index.php?rest_route=\/wp\/v2\/posts\/1","targetHints":{"allow":["GET"]}}],"collection":[{"href":"https:\/\/www.ladislavjakl.cz\/index.php?rest_route=\/wp\/v2\/posts"}],"about":[{"href":"https:\/\/www.ladislavjakl.cz\/index.php?rest_route=\/wp\/v2\/types\/post"}],"author":[{"embeddable":true,"href":"https:\/\/www.ladislavjakl.cz\/index.php?rest_route=\/wp\/v2\/users\/1"}],"replies":[{"embeddable":true,"href":"https:\/\/www.ladislavjakl.cz\/index.php?rest_route=%2Fwp%2Fv2%2Fcomments&post=1"}],"version-history":[{"count":19,"href":"https:\/\/www.ladislavjakl.cz\/index.php?rest_route=\/wp\/v2\/posts\/1\/revisions"}],"predecessor-version":[{"id":36,"href":"https:\/\/www.ladislavjakl.cz\/index.php?rest_route=\/wp\/v2\/posts\/1\/revisions\/36"}],"wp:attachment":[{"href":"https:\/\/www.ladislavjakl.cz\/index.php?rest_route=%2Fwp%2Fv2%2Fmedia&parent=1"}],"wp:term":[{"taxonomy":"category","embeddable":true,"href":"https:\/\/www.ladislavjakl.cz\/index.php?rest_route=%2Fwp%2Fv2%2Fcategories&post=1"},{"taxonomy":"post_tag","embeddable":true,"href":"https:\/\/www.ladislavjakl.cz\/index.php?rest_route=%2Fwp%2Fv2%2Ftags&post=1"}],"curies":[{"name":"wp","href":"https:\/\/api.w.org\/{rel}","templated":true}]}}