{"id":1000,"date":"2011-05-05T12:45:22","date_gmt":"2011-05-05T11:45:22","guid":{"rendered":"http:\/\/www.ladislavjakl.cz\/?p=1000"},"modified":"2011-05-05T12:45:22","modified_gmt":"2011-05-05T11:45:22","slug":"smrtelne-hrichy","status":"publish","type":"post","link":"https:\/\/www.ladislavjakl.cz\/?p=1000","title":{"rendered":"Smrteln\u00e9 h\u0159\u00edchy"},"content":{"rendered":"<p><strong>Pr\u016fb\u011bh jedn\u00e9 esemeskov\u00e9 v\u00fdm\u011bny: p. \u0160\u0165astn\u00fd z Mlad\u00e9 fronty vs. L.J.<\/strong><\/p>\n<p><!--more--><\/p>\n<p>Ot\u00e1zka p. \u0160\u0165astn\u00e9ho z\u00a0Mlad\u00e9 fronty:<\/p>\n<p><em>Dobr\u00fd den, dovolte ot\u00e1zku: Co si mysl\u00edte o v\u00fdroc\u00edch Petra H\u00e1jka ohledn\u011b zabit\u00ed Us\u00e1my bin L\u00e1dina? Souhlas\u00edte s\u00a0panem prezidentem, \u017ee tyto v\u00fdroky byly ne\u0161\u0165astn\u00e9 a nedomy\u0161len\u00e9? Ond\u0159ej \u0160\u0165astn\u00fd. MF Dnes<\/em><\/p>\n<p>M\u00e1 odpov\u011b\u010f:<\/p>\n<p><em>V\u00a0o\u010d\u00edch \u010desk\u00fdch novin\u00e1\u0159\u016f existuj\u00ed dva smrteln\u00e9 h\u0159\u00edchy spolupracovn\u00edk\u016f pana prezidenta:<\/em><\/p>\n<p><em>1)\u00a0\u00a0\u00a0\u00a0\u00a0 Kdy\u017e maj\u00ed shodn\u00fd n\u00e1zor s\u00a0V\u00e1clavem Klausem.<\/em><\/p>\n<p><em>2)\u00a0\u00a0\u00a0\u00a0\u00a0 Kdy\u017e nemaj\u00ed shodn\u00fd n\u00e1zor s\u00a0V\u00e1clavem Klausem.<\/em><\/p>\n<p>A proto\u017ee jist\u00fd typ \u010desk\u00fdch novin\u00e1\u0159\u016f uzn\u00e1v\u00e1 pouze ty odpov\u011bdi, kter\u00e9 se shoduj\u00ed s\u00a0t\u011bmi, co u\u017e maj\u00ed p\u0159edem napsan\u00e9, d\u011bl\u00e1 pan \u0160\u0165astn\u00fd v\u00a0dal\u0161\u00ed SMS nech\u00e1pav\u00e9ho:<\/p>\n<p><em>Jak to pros\u00edm souvis\u00ed s\u00a0odpov\u011bd\u00ed na mou ot\u00e1zku, co si Vy mysl\u00edte o v\u00fdroc\u00edch Petra H\u00e1jka o smrti Us\u00e1my bin L\u00e1dina? D\u011bkuji. O.\u0160.<\/em><\/p>\n<p>A h\u00e1danka nakonec: Mysl\u00edte, \u017ee z\u00a0m\u00e9 reakce vy\u0161lo jedin\u00e9 slovo? No, schv\u00e1ln\u011b koukn\u011bte do dne\u0161n\u00ed Mlad\u00e9 fronty.<\/p>\n<p>L. J.<\/p>\n","protected":false},"excerpt":{"rendered":"<p>Pr\u016fb\u011bh jedn\u00e9 esemeskov\u00e9 v\u00fdm\u011bny: p. \u0160\u0165astn\u00fd z Mlad\u00e9 fronty vs. L.J.<\/p>\n","protected":false},"author":1,"featured_media":0,"comment_status":"open","ping_status":"open","sticky":false,"template":"","format":"standard","meta":{"ngg_post_thumbnail":0,"footnotes":""},"categories":[6],"tags":[],"class_list":["post-1000","post","type-post","status-publish","format-standard","hentry","category-co-jsem-nerekl"],"_links":{"self":[{"href":"https:\/\/www.ladislavjakl.cz\/index.php?rest_route=\/wp\/v2\/posts\/1000","targetHints":{"allow":["GET"]}}],"collection":[{"href":"https:\/\/www.ladislavjakl.cz\/index.php?rest_route=\/wp\/v2\/posts"}],"about":[{"href":"https:\/\/www.ladislavjakl.cz\/index.php?rest_route=\/wp\/v2\/types\/post"}],"author":[{"embeddable":true,"href":"https:\/\/www.ladislavjakl.cz\/index.php?rest_route=\/wp\/v2\/users\/1"}],"replies":[{"embeddable":true,"href":"https:\/\/www.ladislavjakl.cz\/index.php?rest_route=%2Fwp%2Fv2%2Fcomments&post=1000"}],"version-history":[{"count":1,"href":"https:\/\/www.ladislavjakl.cz\/index.php?rest_route=\/wp\/v2\/posts\/1000\/revisions"}],"predecessor-version":[{"id":1001,"href":"https:\/\/www.ladislavjakl.cz\/index.php?rest_route=\/wp\/v2\/posts\/1000\/revisions\/1001"}],"wp:attachment":[{"href":"https:\/\/www.ladislavjakl.cz\/index.php?rest_route=%2Fwp%2Fv2%2Fmedia&parent=1000"}],"wp:term":[{"taxonomy":"category","embeddable":true,"href":"https:\/\/www.ladislavjakl.cz\/index.php?rest_route=%2Fwp%2Fv2%2Fcategories&post=1000"},{"taxonomy":"post_tag","embeddable":true,"href":"https:\/\/www.ladislavjakl.cz\/index.php?rest_route=%2Fwp%2Fv2%2Ftags&post=1000"}],"curies":[{"name":"wp","href":"https:\/\/api.w.org\/{rel}","templated":true}]}}