{"id":10002,"date":"2019-04-03T11:49:18","date_gmt":"2019-04-03T09:49:18","guid":{"rendered":"http:\/\/www.ladislavjakl.cz\/?p=10002"},"modified":"2019-04-03T11:49:18","modified_gmt":"2019-04-03T09:49:18","slug":"generalni-reditel-ct-dvorak-ostre-zkritizoval-snemovnu-za-volbu-jakla-do-rozhlasove-a-televizni-rady","status":"publish","type":"post","link":"https:\/\/www.ladislavjakl.cz\/?p=10002","title":{"rendered":"Gener\u00e1ln\u00ed \u0159editel \u010cT Dvo\u0159\u00e1k ost\u0159e zkritizoval Sn\u011bmovnu za volbu Jakla do rozhlasov\u00e9 a televizn\u00ed rady"},"content":{"rendered":"<p>Gener\u00e1ln\u00ed \u0159editel \u010cesk\u00e9 televize Petr Dvo\u0159\u00e1k se vyj\u00e1d\u0159il velmi kriticky v\u016f\u010di Sn\u011bmovn\u011b. Nel\u00edb\u00ed se mu, \u017ee \u017ee minul\u00fd t\u00fdden zvolila do Rady pro rozhlasov\u00e9 a televizn\u00ed vys\u00edl\u00e1n\u00ed (RRTV) n\u011bkdej\u0161\u00edho spolupracovn\u00edka prezidenta V\u00e1clava Klause na Hrad\u011b Ladislava Jakla.<\/p>\n<p><!--more--><\/p>\n<p>Pro server&nbsp;<a href=\"https:\/\/zpravy.aktualne.cz\/domaci\/ve-snemovne-sili-nazory-po-omezeni-nezavislych-medii-rika-se\/r~bf3c6adc548211e9b6a9ac1f6b220ee8\/\">Aktu\u00e1ln\u011b.cz<\/a>&nbsp;Dvo\u0159\u00e1k \u0159ekl: \u201eRozhodov\u00e1n\u00ed Poslaneck\u00e9 sn\u011bmovny p\u0159i obsazov\u00e1n\u00ed medi\u00e1ln\u00edch rad v posledn\u00ed dob\u011b z\u0159eteln\u011b ukazuje na snahu pos\u00edlit v nich ty n\u00e1zorov\u00e9 proudy, kter\u00e9 volaj\u00ed po omezen\u00ed nez\u00e1visl\u00fdch m\u00e9di\u00ed, zejm\u00e9na pak \u010cTK, \u010cesk\u00e9ho rozhlasu a \u010cesk\u00e9 televize. Nov\u00e9 funkce d\u00e1vaj\u00ed nositel\u016fm t\u011bchto n\u00e1zor\u016f punc relevance a umo\u017en\u00ed jim ovliv\u0148ovat rozhodov\u00e1n\u00ed org\u00e1n\u016f, kter\u00e9 maj\u00ed naopak toto nez\u00e1visl\u00e9 prost\u0159ed\u00ed pro fungov\u00e1n\u00ed \u010desk\u00fdch m\u00e9di\u00ed garantovat.\u201c Podle n\u011bj \u201eje bohu\u017eel evidentn\u00ed, \u017ee v tuto chv\u00edli vedle \u010dlen\u016f SPD a KS\u010cM v Poslaneck\u00e9 sn\u011bmovn\u011b existuje dal\u0161\u00ed velk\u00e1 skupina poslanc\u016f, kter\u00e1 tento nebezpe\u010dn\u00fd trend podporuje\u201c.<\/p>\n<p>Jakla do RRTV navrhla strana Tomia Okamury SPD, kter\u00e1 m\u00e1 k ve\u0159ejnopr\u00e1vn\u00edm m\u00e9di\u00edm dlouhodob\u011b negativn\u00ed vztah, jako ho m\u00e1 ostatn\u011b dlouhodob\u011b i s\u00e1m Jakl. K tomu, aby do rady pro\u0161el, napomohlo hnut\u00ed Andreje Babi\u0161e ANO. Okamurovci zase v b\u0159eznu pomohli ANO do Rady \u010cesk\u00e9ho rozhlasu dostat Tom\u00e1\u0161e K\u0148ourka. V tom nep\u0159\u00edli\u0161 skryt\u00e1 koalice stran ANO, SPD a KS\u010cM funguje, proto\u017ee t\u011bm v\u0161em jsou ve\u0159ejnopr\u00e1vn\u00ed m\u00e9dai trnem v oku.<\/p>\n<p>Jak si Jakl sv\u00e9 p\u016fsoben\u00ed nejsp\u00ed\u0161 p\u0159edstavuje, si lze snadno odvodit t\u0159eba z jeho v\u00fdroku v rozhovoru na Parlamentn\u00edch listech (28. 3.): \u201e\u0158\u00edk\u00e1m to mnoho let po\u0159\u00e1d dokola. Nelze zest\u00e1tnit, co u\u017e st\u00e1tn\u00ed je. \u010cesk\u00e1 televize i \u010cesk\u00fd rozhlas jsou st\u00e1tn\u00ed instituce. St\u00e1t je t\u0159\u00eddil z\u00e1konem. St\u00e1t jim dal majetek. St\u00e1t jim p\u0159id\u011blil kmito\u010dty. St\u00e1t jim z\u00e1konem dal \u00fakoly a st\u00e1t jim zajistil pen\u00edze poplatn\u00edk\u016f. Ale st\u00e1t u\u017e d\u00e1l tyto instituce nekontroluje a nech\u00e1 je za ve\u0159ejn\u00e9 pen\u00edze d\u011blat, co se jim zl\u00edb\u00ed, nebo sp\u00ed\u0161e co se l\u00edb\u00ed z\u00e1jmov\u00fdm skupin\u00e1m, kter\u00e9 tato m\u00e9dia po cel\u00e1 l\u00e9ta ovl\u00e1daj\u00ed. St\u00e1tn\u00ed m\u00e9dia je t\u0159eba zru\u0161it. A pokud existuj\u00ed n\u011bjak\u00e9 ve\u0159ejn\u00e9 z\u00e1jmy v oblasti vys\u00edl\u00e1n\u00ed, nech\u0165 je st\u00e1t pojmenuje a vymez\u00ed. Pak m\u016f\u017ee vypsat granty nebo ve\u0159ejn\u00e9 zak\u00e1zky na vys\u00edl\u00e1n\u00ed pro \u0161koly, pro men\u0161iny nebo pro jin\u00e9 ve\u0159ejn\u00e9 funkce. A za zlomek dnes vynakl\u00e1dan\u00fdch pen\u011bz to ud\u011bl\u00e1 kdekter\u00e9 soukrom\u00e9 m\u00e9dium kvalitn\u011bji a kontrolovateln\u011bji.\u201c<\/p>\n<p>Jakl je tedy v podstat\u011b likvid\u00e1tor a pokud ho politick\u00e9 strany vys\u00edlaj\u00ed do takov\u00e9 funkce, je i jejich z\u00e1m\u011br jasn\u00fd.<\/p>\n<p><a href=\"https:\/\/forum24.cz\/generalni-reditel-ct-dvorak-ostre-zkritizoval-snemovnu-za-volbu-jakla-do-rozhlasove-a-televizni-rady\/\">Zdroj<\/a><\/p>\n","protected":false},"excerpt":{"rendered":"<p>Gener\u00e1ln\u00ed \u0159editel \u010cesk\u00e9 televize Petr Dvo\u0159\u00e1k se vyj\u00e1d\u0159il velmi kriticky v\u016f\u010di Sn\u011bmovn\u011b. Nel\u00edb\u00ed se mu, \u017ee \u017ee minul\u00fd t\u00fdden zvolila do Rady pro rozhlasov\u00e9 a televizn\u00ed vys\u00edl\u00e1n\u00ed (RRTV) n\u011bkdej\u0161\u00edho spolupracovn\u00edka prezidenta V\u00e1clava Klause na Hrad\u011b Ladislava Jakla.<\/p>\n","protected":false},"author":1,"featured_media":0,"comment_status":"open","ping_status":"open","sticky":false,"template":"","format":"standard","meta":{"ngg_post_thumbnail":0,"footnotes":""},"categories":[11],"tags":[],"class_list":["post-10002","post","type-post","status-publish","format-standard","hentry","category-ozvena"],"_links":{"self":[{"href":"https:\/\/www.ladislavjakl.cz\/index.php?rest_route=\/wp\/v2\/posts\/10002","targetHints":{"allow":["GET"]}}],"collection":[{"href":"https:\/\/www.ladislavjakl.cz\/index.php?rest_route=\/wp\/v2\/posts"}],"about":[{"href":"https:\/\/www.ladislavjakl.cz\/index.php?rest_route=\/wp\/v2\/types\/post"}],"author":[{"embeddable":true,"href":"https:\/\/www.ladislavjakl.cz\/index.php?rest_route=\/wp\/v2\/users\/1"}],"replies":[{"embeddable":true,"href":"https:\/\/www.ladislavjakl.cz\/index.php?rest_route=%2Fwp%2Fv2%2Fcomments&post=10002"}],"version-history":[{"count":1,"href":"https:\/\/www.ladislavjakl.cz\/index.php?rest_route=\/wp\/v2\/posts\/10002\/revisions"}],"predecessor-version":[{"id":10003,"href":"https:\/\/www.ladislavjakl.cz\/index.php?rest_route=\/wp\/v2\/posts\/10002\/revisions\/10003"}],"wp:attachment":[{"href":"https:\/\/www.ladislavjakl.cz\/index.php?rest_route=%2Fwp%2Fv2%2Fmedia&parent=10002"}],"wp:term":[{"taxonomy":"category","embeddable":true,"href":"https:\/\/www.ladislavjakl.cz\/index.php?rest_route=%2Fwp%2Fv2%2Fcategories&post=10002"},{"taxonomy":"post_tag","embeddable":true,"href":"https:\/\/www.ladislavjakl.cz\/index.php?rest_route=%2Fwp%2Fv2%2Ftags&post=10002"}],"curies":[{"name":"wp","href":"https:\/\/api.w.org\/{rel}","templated":true}]}}