{"id":10004,"date":"2019-04-03T12:01:51","date_gmt":"2019-04-03T10:01:51","guid":{"rendered":"http:\/\/www.ladislavjakl.cz\/?p=10004"},"modified":"2019-04-03T12:06:39","modified_gmt":"2019-04-03T10:06:39","slug":"jakl-uctuje-hrebejku-nejsem-tepla-manicka-wollner-je-trouba-a-zachodovy-rvac-vzkaz-pro-onanujiciho-pana","status":"publish","type":"post","link":"https:\/\/www.ladislavjakl.cz\/?p=10004","title":{"rendered":"Jakl \u00fa\u010dtuje: H\u0159ebejku, nejsem tepl\u00e1 m\u00e1ni\u010dka. Wollner je trouba a z\u00e1chodov\u00fd rv\u00e1\u010d. Vzkaz pro onanuj\u00edc\u00edho p\u00e1na"},"content":{"rendered":"<p>ROZHOVOR \u201eHlas\u016f pro m\u00e9 zvolen\u00ed se na\u0161lo 88, \u010dili nem\u016f\u017ee nikdo tvrdit, \u017ee tu m\u00e1me 88 extremist\u016f, na n\u011b\u017e je t\u0159eba hodit s\u00ed\u0165 a izolovat je,\u201c komentuje bou\u0159liv\u00e9 reakce b\u00fdval\u00fd tajemn\u00edk V\u00e1clava Klause Ladislav Jakl, kter\u00fd byl zvolen do Rady pro rozhlasov\u00e9 a televizn\u00ed vys\u00edl\u00e1n\u00ed za SPD. V rozhovoru pro Parlamentn\u00edListy.cz upozornil, \u017ee \u201en\u011bkte\u0159\u00ed demokrat\u00e9 uct\u00edvaj\u00ed demokracii jen tehdy, kdy\u017e nese plody, kter\u00e9 jim chutnaj\u00ed. Jakmile p\u0159inese plody, kter\u00e9 jim nejdou pod fousy, tak by nejrad\u011bji demokracii zru\u0161ili\u201c. Sou\u010dasn\u011b zd\u016fraznil, \u017ee i \u010d\u00e1st ve\u0159ejnosti s odli\u0161n\u00fdmi n\u00e1zory mus\u00ed b\u00fdt v demokracii reprezentov\u00e1na.<\/p>\n<p><!--more--><\/p>\n<p><strong>Proti va\u0161\u00ed nominaci filmov\u00fd re\u017eis\u00e9r Jan H\u0159ebejk napsal, \u017ee jste \u201ezastydl\u00e1 m\u00e1ni\u010dka s&nbsp;bizarn\u00edmi n\u00e1zory, kter\u00e1 sympatizuje s&nbsp;pravicov\u00fdmi extremisty, \u0161ovinisty a&nbsp;rasisty\u201c. Je pravda, \u017ee jste sympatizoval t\u0159eba s&nbsp;Akc\u00ed D.O.S.T. a&nbsp;za&nbsp;SPD jste kandidoval do&nbsp;Sen\u00e1tu. Naopak se objevuj\u00ed n\u00e1zory, \u017ee v&nbsp;rad\u011b chyb\u00ed n\u011bkdo takov\u00fd jako jste vy.<\/strong><\/p>\n<p>J\u00e1 mus\u00edm \u0159\u00edci, \u017ee to od&nbsp;pana re\u017eis\u00e9ra beru docela jako pochvalu, proto\u017ee jsem ur\u010dit\u011b rad\u011bji zastydl\u00e1 m\u00e1ni\u010dka ne\u017e tepl\u00e1 m\u00e1ni\u010dka. A potom jsem m\u011bl oba dny pln\u00fd program a p\u0159\u00edli\u0161 jsem ohlasy nestihl sledovat. Ob\u010das mi n\u011bkdo ty nejv\u011bt\u0161\u00ed perly poslal, ale zrovna dneska si mo\u017en\u00e1 koup\u00edm popcorn a sednu si do prvn\u00ed \u0159ady, proto\u017ee to kino s&nbsp;n\u00e1zvem Kysel\u00e9 ksichty si nenech\u00e1m uj\u00edt, to bude velk\u00e1 z\u00e1bava.&nbsp;<\/p>\n<p>Kdybych k&nbsp;tomu m\u011bl \u0159\u00edci je\u0161t\u011b n\u011bco v\u00e1\u017en\u011bj\u0161\u00edho&#8230; J\u00e1 si mysl\u00edm, \u017ee lidi, kte\u0159\u00ed se takto oz\u00fdvaj\u00ed, t\u00edm d\u00e1vaj\u00ed najevo, \u017ee jim medi\u00e1ln\u00ed sv\u011bt pat\u0159\u00ed a pova\u017euj\u00ed to za svoje nezpochybniteln\u00e9 pr\u00e1vo. Je to velmi \u00fazk\u00e1 skupina lid\u00ed s&nbsp;velmi \u00fazce vymezen\u00fdmi z\u00e1jmy. A probl\u00e9m je v&nbsp;tom, \u017ee tam, kde se to i t\u00fdk\u00e1 m\u00e9di\u00ed, na kter\u00e1 povinn\u011b mus\u00ed p\u0159isp\u00edvat cel\u00e1 ve\u0159ejnost, tak je s&nbsp;podivem, \u017ee vlastn\u011b pat\u0159\u00ed sv\u00fdm zp\u016fsobem k&nbsp;takov\u00e9 omezen\u00e9 skupin\u011b. Ve\u0159ejnost plat\u00ed instituce, kter\u00e9 pak vlastn\u011b bojuj\u00ed proti jej\u00edm z\u00e1jm\u016fm.<\/p>\n<p>Je\u0161t\u011b chci \u0159\u00edct v\u011bc, kterou \u0159\u00edk\u00e1m mnoho let, ale v\u017edycky vybubl\u00e1. N\u011bkte\u0159\u00ed v&nbsp;uvozovk\u00e1ch demokrat\u00e9 uct\u00edvaj\u00ed demokracii jen tehdy, kdy\u017e nese plody, kter\u00e9 jim chutnaj\u00ed. Jakmile p\u0159inese demokracie plody, kter\u00e9 jim nejdou pod fousy, tak by nejrad\u011bji demokracii zru\u0161ili. Rozum\u00edm, \u017ee m\u00e9 n\u00e1zory v&nbsp;oblasti m\u00e9di\u00ed i v jin\u00fdch oblastech ur\u010dit\u011b nejsou v\u011bt\u0161inov\u00e9, nicm\u00e9n\u011b mysl\u00edm, \u017ee je sd\u00edl\u00ed n\u011bjak\u00e1 \u010d\u00e1st ve\u0159ejnosti. To tihle v&nbsp;uvozovk\u00e1ch demokrat\u00e9 cht\u011bj\u00ed \u0159\u00edci, \u017ee tato ur\u010dit\u00e1 \u010d\u00e1st ve\u0159ejnosti nem\u00e1 b\u00fdt nikde reprezentov\u00e1na? To jako budou nelidi nebo podlidi? Necht\u011bli by jim t\u0159eba sebrat i ob\u010danku a hlasovac\u00ed pr\u00e1vo za to, \u017ee maj\u00ed jin\u00e9 n\u00e1zory? Sv\u011bt t\u011bchto v uvozovk\u00e1ch demokrat\u016f je velmi zvl\u00e1\u0161tn\u00ed. J\u00e1 jsem zvykl\u00fd, \u017ee m\u011b obklop\u00ed lid\u00e9 s&nbsp;naprosto odli\u0161n\u00fdmi n\u00e1zory, opravdu si z&nbsp;toho \u017e\u00edly ne\u0159e\u017eu&#8230; ale z nich n\u011bkdy m\u00e1m skoro pocit, jako by p\u00e1chali harakiri.<\/p>\n<p><strong>M\u00ed\u0159\u00edte t\u00edm i k&nbsp;m\u00e9 dal\u0161\u00ed ot\u00e1zce \u2013 jak vn\u00edm\u00e1te slova, \u017ee do RRTV se m\u016f\u017ee dostat n\u011bkdo, kdo kandiduje za nejkrajn\u011bj\u0161\u00ed partaj v Parlamentu \u010cR?<\/strong><\/p>\n<p>Je to strana leg\u00e1ln\u00ed. A je sou\u010d\u00e1st\u00ed \u010desk\u00e9 politick\u00e9 sc\u00e9ny a tud\u00ed\u017e m\u00e1 i pr\u00e1vo navrhovat. Nejenom kandid\u00e1ty do r\u016fzn\u00fdch instituc\u00ed, ale tak\u00e9 navrhovat z\u00e1kony a vykon\u00e1vat svoji funkci v&nbsp;Parlamentu \u010cR. To za prv\u00e9. A za druh\u00e9, 88 hlas\u016f by opravdu t\u011b\u017eko za\u0159\u00eddila jedna st\u0159edn\u011b men\u0161\u00ed strana. J\u00e1 jsem p\u0159esv\u011bd\u010den, \u017ee m\u011b \u2013 a m\u00e1m o tom n\u011bkter\u00e9 informace \u2013 volili poslanci t\u00e9m\u011b\u0159 v\u0161ech stran prost\u011b proto, \u017ee kdy\u017e je volba tajn\u00e1, tak se neboj\u00ed. A volili m\u011b podle m\u00e9ho p\u0159esv\u011bd\u010den\u00ed i ti, kte\u0159\u00ed se mnou v&nbsp;mnoh\u00e9m nesouhlas\u00ed, ale \u0159eknou si: Ale tenhle n\u00e1zor do ve\u0159ejn\u00e9 debaty pat\u0159\u00ed a nem\u00e1 b\u00fdt vylu\u010dov\u00e1n. A t\u011bch hlas\u016f se na\u0161lo 88, \u010dili nem\u016f\u017ee nikdo tvrdit, \u017ee tu m\u00e1me 88 extremist\u016f, na n\u011b\u017e je t\u0159eba hodit s\u00ed\u0165 a izolovat je.<\/p>\n<p><strong>Marek Wollner, investigativn\u00ed report\u00e9r a dramaturg \u010cesk\u00e9 televize, vid\u00ed ve va\u0161em zvolen\u00ed jasn\u00fd strategick\u00fd man\u00e9vr: \u201eJ\u00e1 mysl\u00edm, \u017ee to ten Andrej Babi\u0161 a jeho okol\u00ed hraje dob\u0159e. Zvolit do velk\u00e9 vys\u00edlac\u00ed rady (RRTV) dal\u0161\u00edho mu\u017ee z okol\u00ed V\u00e1clava Klause (Ladislav Jakl po Vadimu Petrovovi) je strategie, jak uml\u010det posledn\u00ed kritickou televizi a p\u0159itom se p\u0159\u00edmo neumazat.\u201c Co vy na to?<\/strong><\/p>\n<p>J\u00e1 mysl\u00edm, \u017ee tento z\u00e1chodov\u00fd rv\u00e1\u010d vypustil z&nbsp;\u00fast u\u017e tolik blbost\u00ed, \u017ee to nestoj\u00ed za koment\u00e1\u0159. To je prost\u011b trouba.<\/p>\n<p><strong>\u0158editel think-tanku&nbsp;Evropsk\u00e9 hodnoty Jakub Janda to vid\u00ed jinak. \u201eLiga zakomplexovan\u00fdch uf\u0148uk\u00e1nk\u016f m\u00e1 bod. Po implozi SPD, Aeronetu a rodiny Klaus\u016f je to alespo\u0148 mal\u00e1 cena \u00fasp\u011bchu. Ka\u017edop\u00e1dn\u011b 88 hlas\u016f je hezky symbolick\u00e9 \u010d\u00edslo,\u201c okomentoval na facebooku. Koment\u00e1tor Lidov\u00fdch novin Petr Kambersk\u00fd prohl\u00e1sil, \u017ee jste \u201e<\/strong><strong>\u0161a\u0161ek, bavi\u010d a provokat\u00e9r\u201c. Je pr\u00e1v\u011b odli\u0161n\u00e1 osobnost v&nbsp;rad\u011b pot\u0159eba? N\u011bkdo, kdo jim do toho trochu \u201ehod\u00ed vidle\u201c, jak mi \u0159ekl v&nbsp;rozhovoru spisovatel a hudebn\u00edk Petr \u0160t\u011bp\u00e1nek?<\/strong><\/p>\n<p>Nejd\u0159\u00edve k&nbsp;tomu Jakubu Jandovi. Zn\u00e1m\u00e9mu to um\u011blci, kter\u00fd vystupoval pod um\u011bleck\u00fdm jm\u00e9nem Patrik, kdy\u017e onanoval p\u0159ed kamerou. V\u0161iml jsem si, \u017ee se mu zal\u00edbilo \u010d\u00edslo 88. M\u011b zase zaujalo jin\u00e9 \u010d\u00edslo. A to v&nbsp;anket\u011b serveru ParlamentniListy.cz, kde asi deset tis\u00edc \u010dten\u00e1\u0159\u016f hlasovalo, zda se jim moje zvolen\u00ed l\u00edb\u00ed, \u010di nel\u00edb\u00ed. Tak 96 procent\u016fm se l\u00edb\u00ed. Moje mil\u00e1 to komentovala slovy v&nbsp;sms, \u017ee ty \u010dty\u0159i procenta m\u011b po\u0159\u00e1d n\u011bjak neberou.<\/p>\n<p>Co se t\u00fdk\u00e1 provokativnosti, v\u00edte, j\u00e1 jsem rozhodn\u011b nikdy nebyl prvopl\u00e1nov\u00fd provokat\u00e9r. To m\u016f\u017ee p\u016fsobit na n\u011bkoho, kdo je zvykl\u00fd jen na jednostrann\u00e9 n\u00e1zory. A najednou nev\u011b\u0159\u00ed vlastn\u00edm u\u0161\u00edm, \u017ee n\u011bkdo m\u016f\u017ee hl\u00e1sat n\u00e1zory \u00fapln\u011b odli\u0161n\u00e9 a neboj\u00ed se toho. To je jev pro spoustu lid\u00ed tak pozoruhodn\u00fd, \u017ee za t\u00edm hledaj\u00ed n\u011bjakou provokaci.&nbsp;<\/p>\n<p>Je\u0161t\u011b bych mu vzk\u00e1zal, \u017ee se po 27 letech vrac\u00edm na m\u00edsto \u010dinu. J\u00e1 jsem na za\u010d\u00e1tku devades\u00e1t\u00fdch let byl poslancem, \u010dlenem medi\u00e1ln\u00ed komise \u010cesk\u00e9 n\u00e1rodn\u00ed rady, pod\u00edlel jsem se na n\u011bkolika z\u00e1konech. Z\u00e1kon, podle kter\u00e9ho tato Rada vznikla, jsem dokonce napsal. S&nbsp;mal\u00fdmi zm\u011bnami byl pak p\u0159ijat, mimochodem jsem byl jedn\u00edm ze dvou autor\u016f z\u00e1kona, podle n\u011bho\u017e vznikla \u010cesk\u00e1 televize. Zab\u00fdval jsem se medi\u00e1ln\u00ed politikou velmi podrobn\u011b. A kdy\u017e vznikla tato Rada p\u0159ed 28 lety, tak jsem byl prvn\u00edm vedouc\u00edm \u00fa\u0159adu. J\u00e1 jsem tu Radu zakl\u00e1dal na zelen\u00e9 louce od vybudov\u00e1n\u00ed, aby v\u016fbec m\u011bla n\u011bjak\u00e9 s\u00eddlo a adresu, p\u0159es naj\u00edm\u00e1n\u00ed person\u00e1lu, p\u0159id\u011blov\u00e1n\u00ed prvn\u00edch historick\u00fdch, z\u00e1sadn\u00edch licenc\u00ed&#8230;<\/p>\n<p>A nejde o to, \u017ee bych vzkazoval, \u017ee jsem sn\u011bdl v\u0161echnu moudrost, nebo se vytahoval. Ale \u0159\u00edct to n\u011bkomu, kdo se touto tematikou profesion\u00e1ln\u011b zab\u00fdv\u00e1 cel\u00fd \u017eivot ur\u010dit\u011b v\u00edc ne\u017e kdokoliv jin\u00fd, sfouknout jeho erudovanost s&nbsp;t\u00edm, \u017ee je to provokat\u00e9r, to tedy nejsem. O tom oboru leccos v\u00edm, i o \u010dinnosti Rady. A v\u00edm, co tam p\u0159ich\u00e1z\u00edm d\u011blat, a co tam d\u011blat mo\u017en\u00e9 nen\u00ed. A rozhodn\u011b nejsem \u010dlov\u011bk s&nbsp;jedn\u00edm t\u00e9matem a na jedno pou\u017eit\u00ed. A tady rolni\u010dky zvon\u00ed.<\/p>\n<p><a href=\"https:\/\/www.parlamentnilisty.cz\/arena\/rozhovory\/Jakl-uctuje-Hrebejku-nejsem-tepla-manicka-Wollner-je-trouba-a-zachodovy-rvac-Vzkaz-pro-onanujiciho-pana-576008\">Zdroj<\/a><\/p>\n","protected":false},"excerpt":{"rendered":"<p>ROZHOVOR \u201eHlas\u016f pro m\u00e9 zvolen\u00ed se na\u0161lo 88, \u010dili nem\u016f\u017ee nikdo tvrdit, \u017ee tu m\u00e1me 88 extremist\u016f, na n\u011b\u017e je t\u0159eba hodit s\u00ed\u0165 a izolovat je,\u201c komentuje bou\u0159liv\u00e9 reakce b\u00fdval\u00fd tajemn\u00edk V\u00e1clava Klause Ladislav Jakl, kter\u00fd byl zvolen do Rady pro rozhlasov\u00e9 a televizn\u00ed vys\u00edl\u00e1n\u00ed za SPD. V rozhovoru pro Parlamentn\u00edListy.cz upozornil, \u017ee \u201en\u011bkte\u0159\u00ed demokrat\u00e9 [&hellip;]<\/p>\n","protected":false},"author":1,"featured_media":0,"comment_status":"open","ping_status":"open","sticky":false,"template":"","format":"standard","meta":{"ngg_post_thumbnail":0,"footnotes":""},"categories":[13],"tags":[],"class_list":["post-10004","post","type-post","status-publish","format-standard","hentry","category-rozhovory"],"_links":{"self":[{"href":"https:\/\/www.ladislavjakl.cz\/index.php?rest_route=\/wp\/v2\/posts\/10004","targetHints":{"allow":["GET"]}}],"collection":[{"href":"https:\/\/www.ladislavjakl.cz\/index.php?rest_route=\/wp\/v2\/posts"}],"about":[{"href":"https:\/\/www.ladislavjakl.cz\/index.php?rest_route=\/wp\/v2\/types\/post"}],"author":[{"embeddable":true,"href":"https:\/\/www.ladislavjakl.cz\/index.php?rest_route=\/wp\/v2\/users\/1"}],"replies":[{"embeddable":true,"href":"https:\/\/www.ladislavjakl.cz\/index.php?rest_route=%2Fwp%2Fv2%2Fcomments&post=10004"}],"version-history":[{"count":4,"href":"https:\/\/www.ladislavjakl.cz\/index.php?rest_route=\/wp\/v2\/posts\/10004\/revisions"}],"predecessor-version":[{"id":10008,"href":"https:\/\/www.ladislavjakl.cz\/index.php?rest_route=\/wp\/v2\/posts\/10004\/revisions\/10008"}],"wp:attachment":[{"href":"https:\/\/www.ladislavjakl.cz\/index.php?rest_route=%2Fwp%2Fv2%2Fmedia&parent=10004"}],"wp:term":[{"taxonomy":"category","embeddable":true,"href":"https:\/\/www.ladislavjakl.cz\/index.php?rest_route=%2Fwp%2Fv2%2Fcategories&post=10004"},{"taxonomy":"post_tag","embeddable":true,"href":"https:\/\/www.ladislavjakl.cz\/index.php?rest_route=%2Fwp%2Fv2%2Ftags&post=10004"}],"curies":[{"name":"wp","href":"https:\/\/api.w.org\/{rel}","templated":true}]}}