{"id":10012,"date":"2019-04-04T10:36:23","date_gmt":"2019-04-04T08:36:23","guid":{"rendered":"http:\/\/www.ladislavjakl.cz\/?p=10012"},"modified":"2019-04-09T10:25:31","modified_gmt":"2019-04-09T08:25:31","slug":"soukup-s-tv-barrandov-jen-vyuzil-diru-na-trhu-rekl-jakl-v-rozstrelu","status":"publish","type":"post","link":"https:\/\/www.ladislavjakl.cz\/?p=10012","title":{"rendered":"Jakl v Rozst\u0159elu na TV iDNES: Nep\u0159ich\u00e1z\u00edm nikomu omezovat svobodu slova, naopak j\u00e1 jsem ter\u010dem omezov\u00e1n\u00ed a pokus\u016f o uml\u010den\u00ed"},"content":{"rendered":"<p>Nominant hnut\u00ed SPD Ladislav Jakl byl v minul\u00e9m t\u00fddnu Sn\u011bmovnou zvolen do Rady pro rozhlasov\u00e9 a televizn\u00ed vys\u00edl\u00e1n\u00ed. Jako host diskusn\u00edho po\u0159adu Rozst\u0159el b\u00fdval\u00fd poradce prezidenta V\u00e1clava Klause \u0159ekl, \u017ee org\u00e1n m\u00e1 st\u00e1le velk\u00fd v\u00fdznam, radik\u00e1ln\u00ed zm\u011bny pro ve\u0159ejnopr\u00e1vn\u00ed m\u00e9dia s jeho p\u0159\u00edchodem v\u0161ak nelze \u010dekat.<br \/>\n<!--more--><\/p>\n<p>Ladislava Jakla navrhla Poslaneck\u00e1 sn\u011bmovna, do funkce ho v\u0161ak je\u0161t\u011b mus\u00ed schv\u00e1lit premi\u00e9r Andrej Babi\u0161. Do Rady se Jakl vrac\u00ed, v minulosti st\u00e1l u jej\u00edho zrodu. Podle n\u011bj m\u00e1 st\u00e1le velk\u00fd v\u00fdznam. \u201eTo, \u017ee existuje, je jedna z cest, jak m\u016f\u017ee st\u00e1t m\u00e9dia regulovat,&nbsp;co m\u00e9dia d\u011blat sm\u011bj\u00ed a jak se k tomu m\u00e1 st\u00e1t zachovat,\u201c \u0159ekl v Rozst\u0159elu.<\/p>\n<p>\u201eUr\u010dit\u011b nejsou na m\u00edst\u011b obavy, \u017ee zru\u0161\u00edm \u010cesk\u00fd rozhlas nebo \u010ceskou televizi,\u201c uvedl Jakl ke sv\u00e9mu n\u00e1vratu do rady, kter\u00fd byl zejm\u00e9na opozic\u00ed ost\u0159e kritizov\u00e1n. N\u011bkte\u0159\u00ed tvrdili, \u017ee po jeho zvolen\u00ed bude n\u00e1sledovat omezen\u00ed svobody slova. V\u00fdb\u011br Sn\u011bmovny zpochybnil nap\u0159\u00edklad \u0159editel \u010cesk\u00e9 televize Petr Dvo\u0159\u00e1k.<\/p>\n<p>\u201eD\u011blat paniku kolem toho, \u017ee do Rady p\u0159ijde n\u011bkdo jako j\u00e1, jeden ze t\u0159in\u00e1cti \u010dlen\u016f, tak to mi sp\u00ed\u0161 p\u0159ipad\u00e1 jako projev boje proti svobod\u011b slova. To je snaha n\u011bkoho uml\u010dovat, vy\u0159azovat ze spole\u010densk\u00e9 debaty. Naopak j\u00e1 jsem byl v minulosti kritizov\u00e1n za sv\u00e9 publikace o omezov\u00e1n\u00ed svobody slova, dokonce pr\u00e1v\u011b ze strany \u010cesk\u00e9 televize. Nikdy jsem nikomu neup\u00edral pr\u00e1vo projevu a nep\u0159ich\u00e1z\u00edm nikoho omezovat ani te\u010f,\u201c reagoval Jakl.<\/p>\n<p>\u201eNep\u0159ece\u0148uji ani kompetence rady, j\u00ed\u017e jsem byl ostatn\u011b p\u0159ed sedmadvaceti lety zakladatelem, ani s\u00edlu jednoho hlasu v n\u00ed. Ale dob\u0159e v\u00edm, \u017ee v takov\u00fdch kolektivn\u00edch org\u00e1nech se vliv jednotliv\u00fdch \u010dlen\u016f neodv\u00edj\u00ed pouze od v\u00e1hy jednoho hlasu. A v tom si p\u0159ece jen tak trochu v\u011b\u0159\u00edm,\u201c \u0159ekl Jakl d\u0159\u00edve v rozhovoru pro Parlamentn\u00ed listy.<\/p>\n<p>Dal\u0161\u00ed rozporupln\u00fd fakt, tedy \u017ee byl nominov\u00e1n hnut\u00edm SPD, Jakl jako probl\u00e9m nevid\u00ed. \u201eTam ty vazby mezi nominuj\u00edc\u00ed stranou a kandid\u00e1tem jsou dost voln\u00e9, je to sp\u00ed\u0161 o zn\u00e1mosti a historii toho \u010dlov\u011bka,\u201c&nbsp;uvedl.<\/p>\n<p>Jakl se p\u0159iznal, \u017ee v sou\u010dasnosti m\u00e9dia p\u0159\u00edli\u0161 nesleduje a mus\u00ed si rezervy doplnit. Vyj\u00e1d\u0159il se v\u0161ak ke st\u00ed\u017enostem na vys\u00edl\u00e1n\u00ed&nbsp;televize Barrandov, s n\u00ed\u017e RRTV vede spr\u00e1vn\u00ed \u0159\u00edzen\u00ed.<\/p>\n<p>&#8222;Soukrom\u00e1 televize vys\u00edl\u00e1 za sv\u00e9 pen\u00edze. Nen\u00ed povinn\u00e9 ji platit ani se na ni d\u00edvat. Kdy\u017e se div\u00e1k\u016fm bude zd\u00e1t, \u017ee s nimi n\u011bkdo o\u0159e, p\u0159epnou to a s poklesem sledovanosti poklesnou i p\u0159\u00edjmy. Mysl\u00edm nap\u0159\u00edklad, \u017ee t\u0159i roky trvaj\u00edc\u00ed dennodenn\u00ed v\u00e1lka televize Nova proti prezidentu Trumpovi tak\u00e9 sledovanosti moc nepom\u00e1h\u00e1. Jejich v\u011bc,\u201c \u0159ekl u\u017e d\u0159\u00edve Jakl.<\/p>\n<p>Nyn\u00ed ve studiu sv\u016fj n\u00e1zor zopakoval, nezd\u00e1 se mu, \u017ee by Jarom\u00edr Soukup televizi vyu\u017e\u00edval k osobn\u00edm z\u00e1jm\u016fm. \u201eNev\u00edm, co se mu vyt\u00fdk\u00e1. Rafinovan\u011b na\u0161el d\u00edru na trhu, kterou ostatn\u00ed nevyu\u017e\u00edvaj\u00ed a z\u00edskal si tak \u0159adu lid\u00ed, kte\u0159\u00ed mu v\u011b\u0159\u00ed. Ale nemysl\u00edm si, \u017ee je to pro n\u011bj srde\u010dn\u00ed z\u00e1le\u017eitost,\u201c mysl\u00ed si Jakl.<\/p>\n<p>Radu pro rozhlasov\u00e9 a televizn\u00ed vys\u00edl\u00e1n\u00ed (RRTV) tvo\u0159\u00ed t\u0159in\u00e1ct \u010dlen\u016f, kter\u00e9 na n\u00e1vrh Sn\u011bmovny jmenuje a odvol\u00e1v\u00e1 premi\u00e9r.&nbsp;<a href=\"https:\/\/wiki.idnes.cz\/rada-pro-rozhlasove-a-televizni-vysilani-f1k-\/firmy.aspx?klic=473244\">Rada pro rozhlasov\u00e9 a televizn\u00ed vys\u00edl\u00e1n\u00ed<\/a>mimo jin\u00e9 ud\u011bluje, m\u011bn\u00ed a odn\u00edm\u00e1 licence k provozov\u00e1n\u00ed vys\u00edl\u00e1n\u00ed, dohl\u00ed\u017e\u00ed na pluralitu programov\u00e9 nab\u00eddky a informac\u00ed a db\u00e1 na obsahovou nez\u00e1vislost vys\u00edl\u00e1n\u00ed. Tak\u00e9 sleduje obsah rozhlasov\u00e9ho a televizn\u00edho vys\u00edl\u00e1n\u00ed, za poru\u0161en\u00ed vys\u00edlac\u00edch z\u00e1kon\u016f ukl\u00e1d\u00e1 sankce.<\/p>\n<p><a href=\"https:\/\/www.idnes.cz\/zpravy\/domaci\/jaroslav-jakl-rrtv-rada-pro-rozhlasove-a-televizni-vysilani-plesl-rozstrel.A190401_181542_domaci_fort\">Zdroj a video<\/a><\/p>\n","protected":false},"excerpt":{"rendered":"<p>Nominant hnut\u00ed SPD Ladislav Jakl byl v minul\u00e9m t\u00fddnu Sn\u011bmovnou zvolen do Rady pro rozhlasov\u00e9 a televizn\u00ed vys\u00edl\u00e1n\u00ed. Jako host diskusn\u00edho po\u0159adu Rozst\u0159el b\u00fdval\u00fd poradce prezidenta V\u00e1clava Klause \u0159ekl, \u017ee org\u00e1n m\u00e1 st\u00e1le velk\u00fd v\u00fdznam, radik\u00e1ln\u00ed zm\u011bny pro ve\u0159ejnopr\u00e1vn\u00ed m\u00e9dia s jeho p\u0159\u00edchodem v\u0161ak nelze \u010dekat.<\/p>\n","protected":false},"author":1,"featured_media":0,"comment_status":"open","ping_status":"open","sticky":false,"template":"","format":"standard","meta":{"ngg_post_thumbnail":0,"footnotes":""},"categories":[13,12],"tags":[],"class_list":["post-10012","post","type-post","status-publish","format-standard","hentry","category-rozhovory","category-video"],"_links":{"self":[{"href":"https:\/\/www.ladislavjakl.cz\/index.php?rest_route=\/wp\/v2\/posts\/10012","targetHints":{"allow":["GET"]}}],"collection":[{"href":"https:\/\/www.ladislavjakl.cz\/index.php?rest_route=\/wp\/v2\/posts"}],"about":[{"href":"https:\/\/www.ladislavjakl.cz\/index.php?rest_route=\/wp\/v2\/types\/post"}],"author":[{"embeddable":true,"href":"https:\/\/www.ladislavjakl.cz\/index.php?rest_route=\/wp\/v2\/users\/1"}],"replies":[{"embeddable":true,"href":"https:\/\/www.ladislavjakl.cz\/index.php?rest_route=%2Fwp%2Fv2%2Fcomments&post=10012"}],"version-history":[{"count":2,"href":"https:\/\/www.ladislavjakl.cz\/index.php?rest_route=\/wp\/v2\/posts\/10012\/revisions"}],"predecessor-version":[{"id":10032,"href":"https:\/\/www.ladislavjakl.cz\/index.php?rest_route=\/wp\/v2\/posts\/10012\/revisions\/10032"}],"wp:attachment":[{"href":"https:\/\/www.ladislavjakl.cz\/index.php?rest_route=%2Fwp%2Fv2%2Fmedia&parent=10012"}],"wp:term":[{"taxonomy":"category","embeddable":true,"href":"https:\/\/www.ladislavjakl.cz\/index.php?rest_route=%2Fwp%2Fv2%2Fcategories&post=10012"},{"taxonomy":"post_tag","embeddable":true,"href":"https:\/\/www.ladislavjakl.cz\/index.php?rest_route=%2Fwp%2Fv2%2Ftags&post=10012"}],"curies":[{"name":"wp","href":"https:\/\/api.w.org\/{rel}","templated":true}]}}