{"id":10014,"date":"2019-04-04T10:38:28","date_gmt":"2019-04-04T08:38:28","guid":{"rendered":"http:\/\/www.ladislavjakl.cz\/?p=10014"},"modified":"2019-04-04T10:38:28","modified_gmt":"2019-04-04T08:38:28","slug":"o-prasarne-z-jeruzalema","status":"publish","type":"post","link":"https:\/\/www.ladislavjakl.cz\/?p=10014","title":{"rendered":"O pras\u00e1rn\u011b z Jeruzal\u00e9ma"},"content":{"rendered":"<p>Dobr\u00fd den.<br \/>\nJsem pot\u011b\u0161en projevem va\u0161\u00ed p\u00e9\u010de o spr\u00e1vn\u00fd k\u00e1drov\u00fd profil \u010dlen\u016f v\u0161ech medi\u00e1ln\u00edch rad. Jist\u011b jste stejn\u011b bedlivou p\u00e9\u010di projevoval i u mnoha des\u00edtek a snad i stovek \u010dlen\u016f volen\u00fdch p\u0159ede mnou. Aby v\u00e1\u0161 sp\u00e1nek nebyl tolik naru\u0161ov\u00e1n mu\u010div\u00fdmi obavami o \u010ceskou televizi, dovoluji si v\u00e1s uklidnit, \u017ee jsem nebyl zvolen \u010delenem Rady \u010cesk\u00e9 televize, ale \u010dlenem Rady \u010cesk\u00e9 republiky pro rozhlasov\u00e9 a televizn\u00ed vys\u00edl\u00e1n\u00ed.<\/p>\n<p><!--more--><\/p>\n<p>Pokud byste pot\u0159eboval pomoci vyjasnit si rozd\u00edl mezi radami a odli\u0161n\u00e9 kompetence t\u00e9, do n\u00ed\u017e jsem byl zvolen, mo\u017en\u00e1 bych v\u00e1m mohl b\u00fdt n\u00e1pomocen. Z\u00e1kon, podle kter\u00e9ho Rada pro vys\u00edl\u00e1n\u00ed v&nbsp;roce 1992 vznikla, jsem toti\u017e napsal. A po vzniku t\u00e9to rady jsem byl prvn\u00edm vedouc\u00edm jej\u00edho \u00fa\u0159adu, a tedy t\u00edm, kdo ho od nuly vybudoval. To je jist\u011b pro v\u00e1s coby kvalifikace v\u011bc\u00ed zanedbatelnou, kdy\u017e ostatn\u00ed p\u0159edchoz\u00ed \u010dlenov\u00e9 va\u0161e rozho\u0159\u010den\u00ed neiniciovali. Co se t\u00fd\u010de va\u0161\u00ed milovan\u00e9 \u010cesk\u00e9 televize, snad v\u00e1m ji nezhnus\u00edm informac\u00ed, \u017ee z\u00e1kon, podle kter\u00e9ho vznikla a dodnes existuje, jsem tak\u00e9 tehdy napsal, spolu s&nbsp;jedn\u00edm sv\u00fdm kolegou. &nbsp;&nbsp;&nbsp;&nbsp;<\/p>\n<p>Zaujala mne va\u0161e k\u00fd\u017een\u00e1 tu\u017eba \u201etyto po\u0159ady si svobodn\u011b p\u0159e\u017ev\u00fdkat\u201c. To jste ale z\u016fstal nap\u016fl cesty. Co kdybychom si svobodn\u011b p\u0159e\u017ev\u00fdk\u00e1vali \u010dinnost i t\u0159eba v\u0161ech ministerstev, st\u00e1tn\u00edch a ve\u0159ejn\u00fdch instituc\u00ed, a nechali je svobodn\u011b d\u011blat za ve\u0159ejn\u00e9 pen\u00edze cokoli, co se jim zamane, bez ohledu na z\u00e1konn\u00e9 povinnosti, sv\u011b\u0159en\u00e9 zad\u00e1n\u00ed, posl\u00e1n\u00ed a jakoukoli kontrolu?<\/p>\n<p>Dop\u0159eji v\u00e1m je\u0161t\u011b n\u011bjak\u00fd \u010das klidu, nebo\u0165 v\u011bzte, \u017ee v\u00e1mi my\u0161lenou \u017eidli dosud nezah\u0159\u00edv\u00e1m ani nechlad\u00edm, proto\u017ee jsem je\u0161t\u011b nebyl jmenov\u00e1n.<\/p>\n<p>A na z\u00e1v\u011br asi zbyte\u010dn\u00fd, ale p\u0159eci jen podle mne u\u017eite\u010dn\u00fd vzkaz. Ne. Lid\u00e9, kter\u00e9 nen\u00e1vid\u00edte, v\u016fbec nejsou tak pr\u016fhledn\u00ed, jak jste si ve sv\u00e9m z\u00e1palu jist. O jejich uva\u017eov\u00e1n\u00ed v\u016fbec nic nev\u00edte, jen jste si ho s\u00e1m pro sebe zplo\u0161t\u011bn\u011b vykreslil, aby zapadali do t\u00e9 va\u0161\u00ed ZOO zt\u011blesn\u011bn\u00e9ho zla.<\/p>\n<p>L. Jakl &nbsp;<\/p>\n<p><strong>From:<\/strong> zbyn\u011bk frauenterka <strong>Sent:<\/strong> Wednesday, April 3, 2019 10:34 AM<br \/>\n<strong>To<\/strong><br \/>\n<strong>Subject:<\/strong> Pane<\/p>\n<p>Nejsp\u00ed\u0161e takovou malou pras\u00e1rnou mezi k\u00e1mo\u0161ema jste obsadil jedno z on\u011bch r\u00e1doby d\u016fle\u017eit\u00fdch m\u00edst na \u010desk\u00e9m politick\u00e9m dvore\u010dku. Prost\u011b v\u00e1s tam v t\u00e9 Rad\u011b est\u00e9b\u00e1ci pot\u0159ebuj\u00ed. Dobr\u00e1, tak ven s t\u00edm. Po\u010d\u00edt\u00e1m, \u017ee nyn\u00ed za\u010dnou \u010cT ty prav\u00e9 trable.&nbsp;<\/p>\n<p>P\u0159edpokl\u00e1d\u00e1m to proto, \u017ee sotva jste zah\u0159\u00e1l \u017eidli, za\u010d\u00edn\u00e1te, dle zad\u00e1n\u00ed, prudit. M\u00e1m za to, \u017ee je t\u0159eba v\u00e1m ov\u0161em sd\u011blovat, \u017ee jsou i lid\u00e9, nezat\u00ed\u017eeni z\u00e1vazky, pen\u011bzi a p\u0159\u00edli\u0161 kr\u00e1tk\u00fdm vod\u00edtkem na ostnat\u00e9m obojku, kte\u0159\u00ed pohledem s h\u016fry vid\u00ed v\u00edce, komplexn\u011bji, ne\u017e by v\u00e1m bylo p\u0159\u00edjemn\u00e9. Jste v t\u00e9 jedn\u00e9 part\u011b, kter\u00e1 jako hrac\u00ed kameny v konstrukci puzzle, zapad\u00e1te v p\u0159edem nakreslen\u00e9m jedin\u00e9m obraze, do sebe p\u0159esn\u011b a v jedn\u00e9 jedin\u00e9 mo\u017en\u00e9 variant\u011b.&nbsp;<\/p>\n<p>Jste p\u0159edv\u00eddateln\u00ed, pr\u016fhledn\u00ed a my\u0161lenkov\u011b velmi chud\u00ed. Prost\u011b pouze najmut\u00ed. P\u0159esto, \u017ee p\u00ed\u0161i v mno\u017en\u00e9m \u010d\u00edsle, mezi tyto klony pat\u0159\u00edte i vy.<\/p>\n<p>Ve\u0159ejn\u00e1 televize je tady pr\u00e1v\u011b proto, aby p\u0159edkl\u00e1dala lidem kauzy, i nesouzen\u00e9 a neodsouzen\u00e9, pouze v z\u00e1rodku podez\u0159el\u00e9, mluv\u00edm o lidech ve ve\u0159ejn\u00fdch funkc\u00edch. Nen\u00ed to o tom, \u017ee budeme \u010dekat na soudn\u00ed verdikt. Toti\u017e ona norma, praktikovan\u00e1 v zem\u00edch na z\u00e1pad od n\u00e1s, \u017ee politik \u010di ve\u0159ejn\u00e1 osoba, placen\u00e1 z dan\u00ed, odstupuje v momentu vzniku podez\u0159en\u00ed, \u017ee jeho \u010diny jdou proti st\u00e1tu a ob\u010dan\u016fm. Zde to ji\u017e n\u011bkolik let, od n\u00e1stupu nedemokratick\u00e9 kliky, nefunguje. Vid\u00edme, \u017ee po ztr\u00e1t\u011b ti\u0161t\u011bn\u00fdch medi\u00ed, dnes vlastn\u011bn\u00fdch podez\u0159el\u00fdm \u010dlov\u011bkem, nedemokratick\u00fdm a trestn\u011b st\u00edhan\u00fdm, miz\u00ed i pluralita postoj\u016f. Pr\u00e1v\u011b dnes je \u010cT jedin\u00fdm skute\u010dn\u011b masov\u00fdm demokratick\u00fdm a pluralitn\u00edm mediem v \u010cR.&nbsp;<\/p>\n<p>A pr\u00e1v\u011b v Rad\u011b, kter\u00e1 m\u00e1 dohl\u00ed\u017eet na to, aby se \u010cT takto chovala a p\u0159in\u00e1\u0161ela objektivn\u00ed pohled na ve\u0159ejnou politiku, hl\u00eddala politiky a regulovala t\u00edm jejich \u010diny a postoje, se objev\u00ed lid\u00e9, jako vy a v\u00e1\u0161 n\u00e1zorov\u00fd spoluvoj\u00e1k Petrov a p\u0159esn\u011b dle zad\u00e1n\u00ed za\u010dnou s prac\u00ed jim zadanou.<\/p>\n<p>Nejen \u017ee kritizujete a zasazujete se o to, aby po\u0159ady, kter\u00e9 oslovuj\u00ed ob\u010dany report\u00e1\u017eemi o ne\u0159estn\u00fdch a ne\u010destn\u00fdch, n\u011bkdy i zlo\u010dinn\u00fdch chov\u00e1n\u00edch, skon\u010dily, vy ji\u017e dokonce p\u0159edkl\u00e1d\u00e1te ve\u0159ejn\u011b, mimo \u00fa\u010del a smysl va\u0161\u00ed pr\u00e1ce, \u00favahy o tom, zda m\u00e1 \u010cT v\u016fbec existovat. Kdysi se va\u0161\u00ed podvratn\u00e9 \u010dinnosti \u0159\u00edkalo &#8220; kozel zahradn\u00edkem &#8222;.&nbsp; Dnes sp\u00ed\u0161e b\u00fdti \u010dlenem &#8220; P\u00e1t\u00e9 kolony &#8220;<\/p>\n<p>M\u00e1m n\u00e1zor, \u017ee to, co doporu\u010dujete ob\u010dan\u016fm, sleduj\u00edc\u00edm soukrom\u00e9 kan\u00e1ly, u v\u011bt\u0161iny t\u011bch sledovan\u00fdch doslova, p\u0159epnout, je p\u0159esn\u011b to, co doporu\u010dit div\u00e1k\u016fm, sleduj\u00edc\u00edch \u010cT, kter\u00fdm vad\u00ed p\u0159edkl\u00e1dan\u00e1 kritika politik\u016f a jejich chov\u00e1n\u00ed, kte\u0159\u00ed odm\u00edtaj\u00ed pou\u017e\u00edvat mozek, odm\u00edtaj\u00ed p\u0159em\u00fd\u0161let.<\/p>\n<p>A jsme u j\u00e1dra v\u011bci. Ty subinky, ob\u010dany klouzaj\u00edc\u00ed po hladin\u011b, ty nev\u011bdom\u00e9, tuhle hmotu va\u0161i \u0161\u00edb\u0159i pot\u0159ebuj\u00ed v nejvy\u0161\u0161\u00edm mo\u017en\u00e9m po\u010dtu. Proto v\u00e1s nasadili, proto\u017ee pr\u00e1v\u011b toto jsou instituce, kter\u00e9 p\u0159i &#8220; spr\u00e1vn\u00e9m veden\u00ed &#8220; dok\u00e1\u017e\u00ed po\u010det &#8220; prasat v ohrad\u011b &#8220; slovy Orwella, zmno\u017eit.<\/p>\n<p>Nechte n\u00e1s, pane Jakle, tyto po\u0159ady svobodn\u011b p\u0159e\u017ev\u00fdkat, nechte n\u00e1s z t\u00e9to investigativn\u00ed \u010dinnosti neohnut\u00fdch ud\u011blat si sv\u016fj n\u00e1zor, nechte n\u00e1s na pokoji, jd\u011bte si svoj\u00ed cestou zbyte\u010dnosti v IVK.&nbsp;<\/p>\n<p>Nejste tak dobr\u00fd, tak d\u016fle\u017eit\u00fd, p\u0159esta\u0148te uva\u017eovat o tom, \u017ee zad\u00e1n\u00ed krtka dot\u00e1hnete do k\u00fd\u017een\u00e9ho konce. Lid\u00e9 se ji\u017e tolik nad\u00fdchali svobody, \u017ee i to, co se v\u00e1m a v\u00e1m podobn\u00fdm povedlo za 5 let po p\u0159evratu prov\u00e9st s politikou a s lidskou nad\u011bj\u00ed na svobodn\u00fd \u017eivot, nesta\u010d\u00ed. Nesta\u010d\u00ed na to, abychom op\u011bt splynuli s Asi\u00ed.<\/p>\n<p>Jerusalem<br \/>\nZ. Frauenterka<\/p>\n<p>&nbsp;<\/p>\n","protected":false},"excerpt":{"rendered":"<p>Dobr\u00fd den. Jsem pot\u011b\u0161en projevem va\u0161\u00ed p\u00e9\u010de o spr\u00e1vn\u00fd k\u00e1drov\u00fd profil \u010dlen\u016f v\u0161ech medi\u00e1ln\u00edch rad. Jist\u011b jste stejn\u011b bedlivou p\u00e9\u010di projevoval i u mnoha des\u00edtek a snad i stovek \u010dlen\u016f volen\u00fdch p\u0159ede mnou. Aby v\u00e1\u0161 sp\u00e1nek nebyl tolik naru\u0161ov\u00e1n mu\u010div\u00fdmi obavami o \u010ceskou televizi, dovoluji si v\u00e1s uklidnit, \u017ee jsem nebyl zvolen \u010delenem Rady \u010cesk\u00e9 [&hellip;]<\/p>\n","protected":false},"author":1,"featured_media":0,"comment_status":"open","ping_status":"open","sticky":false,"template":"","format":"standard","meta":{"ngg_post_thumbnail":0,"footnotes":""},"categories":[6],"tags":[],"class_list":["post-10014","post","type-post","status-publish","format-standard","hentry","category-co-jsem-nerekl"],"_links":{"self":[{"href":"https:\/\/www.ladislavjakl.cz\/index.php?rest_route=\/wp\/v2\/posts\/10014","targetHints":{"allow":["GET"]}}],"collection":[{"href":"https:\/\/www.ladislavjakl.cz\/index.php?rest_route=\/wp\/v2\/posts"}],"about":[{"href":"https:\/\/www.ladislavjakl.cz\/index.php?rest_route=\/wp\/v2\/types\/post"}],"author":[{"embeddable":true,"href":"https:\/\/www.ladislavjakl.cz\/index.php?rest_route=\/wp\/v2\/users\/1"}],"replies":[{"embeddable":true,"href":"https:\/\/www.ladislavjakl.cz\/index.php?rest_route=%2Fwp%2Fv2%2Fcomments&post=10014"}],"version-history":[{"count":1,"href":"https:\/\/www.ladislavjakl.cz\/index.php?rest_route=\/wp\/v2\/posts\/10014\/revisions"}],"predecessor-version":[{"id":10015,"href":"https:\/\/www.ladislavjakl.cz\/index.php?rest_route=\/wp\/v2\/posts\/10014\/revisions\/10015"}],"wp:attachment":[{"href":"https:\/\/www.ladislavjakl.cz\/index.php?rest_route=%2Fwp%2Fv2%2Fmedia&parent=10014"}],"wp:term":[{"taxonomy":"category","embeddable":true,"href":"https:\/\/www.ladislavjakl.cz\/index.php?rest_route=%2Fwp%2Fv2%2Fcategories&post=10014"},{"taxonomy":"post_tag","embeddable":true,"href":"https:\/\/www.ladislavjakl.cz\/index.php?rest_route=%2Fwp%2Fv2%2Ftags&post=10014"}],"curies":[{"name":"wp","href":"https:\/\/api.w.org\/{rel}","templated":true}]}}