{"id":10027,"date":"2019-04-09T09:42:32","date_gmt":"2019-04-09T07:42:32","guid":{"rendered":"http:\/\/www.ladislavjakl.cz\/?p=10027"},"modified":"2019-04-09T09:42:32","modified_gmt":"2019-04-09T07:42:32","slug":"ct-zadarmo-drahe-mame-jim-posilat-penize-a-jinak-drzet-hubu-znalec-pochvalil-zmeny-v-rrtv","status":"publish","type":"post","link":"https:\/\/www.ladislavjakl.cz\/?p=10027","title":{"rendered":"\u010cT: Zadarmo drah\u00e9. M\u00e1me jim pos\u00edlat pen\u00edze a jinak dr\u017eet hubu? Znalec pochv\u00e1lil zm\u011bny v RRTV"},"content":{"rendered":"<p>V na\u0161\u00ed zemi \u017eije spousta lid\u00ed, kte\u0159\u00ed si stejn\u011b jako Ladislav Jakl mysl\u00ed, \u017ee na\u0161e ve\u0159ejnopr\u00e1vn\u00ed m\u00e9dia pracuj\u00ed \u0161patn\u011b, \u017ee tahle jejich podoba je ne\u0161\u0165astn\u00e1 a m\u011bla by se zm\u011bnit nebo \u017ee prost\u011b nemusej\u00ed existovat v\u016fbec,&#8220; konstatuje glos\u00e1tor a hudebn\u00edk Petr \u0160t\u011bp\u00e1nek na adresu nominace Ladislava Jakla do RRTV. S\u00e1m \u0160t\u011bp\u00e1nek m\u011bl jedno z m\u00edst v RRTV tak\u00e9 obsadit, po hlasit\u00fdch protestech ale kandidaturu vzdal. V rozhovoru sundav\u00e1 rukavice a komentuje aktu\u00e1ln\u00ed vlnu nevole v\u016f\u010di Ladislavu Jaklovi a Vadimu Petrovovi, kter\u00e1 v lec\u010dem p\u0159ipom\u00edn\u00e1 p\u016fl roku star\u00e9 ud\u00e1losti.<\/p>\n<p><!--more--><\/p>\n<p><strong>Poslanci nominovali do RRTV Ladislava Jakla. Bl\u00edzk\u00fd spolupracovn\u00edk V\u00e1clava Klause se vrac\u00ed \u201ena m\u00edsto \u010dinu\u201c, kde p\u0159ed tak\u0159ka 30 lety za\u010d\u00ednal. Je jeho zvolen\u00ed dobr\u00fdm sign\u00e1lem?<\/strong><\/p>\n<p>Samoz\u0159ejm\u011b, \u017ee ano. V&nbsp;na\u0161\u00ed zemi p\u0159ece \u017eije spousta lid\u00ed, kte\u0159\u00ed si stejn\u011b jako Ladislav Jakl mysl\u00ed, \u017ee na\u0161e ve\u0159ejnopr\u00e1vn\u00ed m\u00e9dia pracuj\u00ed \u0161patn\u011b, \u017ee tahle jejich podoba je ne\u0161\u0165astn\u00e1 a m\u011bla by se zm\u011bnit nebo \u017ee prost\u011b nemusej\u00ed existovat v\u016fbec. Co je na tom \u0161patn\u00e9ho? To si jako v\u0161ichni ti Jaklovi kritici mysl\u00ed, \u017ee povinnost\u00ed n\u00e1s, co to vid\u00edme jinak ne\u017e oni, je pos\u00edlat na Kavky a do Vinohradsk\u00e9 pen\u00edze a jinak dr\u017eet hubu? Pos\u00edlat pen\u00edze na n\u011bco, o \u010dem si mysl\u00edme, \u017ee n\u00e1m to \u0161kod\u00ed? Ano, ti lid\u00e9 tak opravdu uva\u017euj\u00ed. Pro\u010d? Proto\u017ee to jsou ment\u00e1ln\u00ed bol\u0161evici. Maj\u00ed pln\u00e1 \u00fasta demokracie, ale jak nen\u00ed po jejich, vyh\u0159ezne z nich, co jsou opravdu za\u010d.<\/p>\n<section class=\"section-brown section-inarticle poll\">\n<div class=\"well well-rounded\">\n<div>&nbsp;<\/div>\n<\/div>\n<\/section>\n<p><strong>Jak reagovat na vlnu kritiky v&nbsp;m\u00e9di\u00edch? Poslanci sice Jakla zvolili, ale m\u00e9dia pov\u011bt\u0161inou protestuj\u00ed. Jsou jejich n\u00e1mitky opr\u00e1vn\u011bn\u00e9 a jde o obranu nez\u00e1vislosti ve\u0159ejnopr\u00e1vn\u00edch m\u00e9di\u00ed, nebo je to sign\u00e1l, \u017ee \u010desk\u00e1 m\u00e9dia zpravidla maj\u00ed jinou agendu ne\u017e \u0159adov\u00ed ob\u010dan\u00e9?<\/strong><\/p>\n<p>O jak\u00e9 vln\u011b to mluv\u00edte? O t\u00e9 st\u00e1le stejn\u00e9 pravdol\u00e1skovn\u00ed parti\u010dce hoch\u016f a d\u011bv\u010dat, co spolu mluv\u00ed? Co se navz\u00e1jem zvou do sv\u00fdch po\u0159ad\u016f, navz\u00e1jem se chv\u00e1l\u00ed a pl\u00e1caj\u00ed po ramenou, d\u011blaj\u00ed spolu rozhovory a pak si navz\u00e1jem ud\u011bluj\u00ed novin\u00e1\u0159sk\u00e9 ceny? Podstatn\u00e1 \u010d\u00e1st lid\u00ed je u\u017e d\u00e1vno prokoukla a nebere je v\u00e1\u017en\u011b, pro\u010de\u017e se od nich \u201eodpojila\u201c.<\/p>\n<p><strong>Jak se d\u00edv\u00e1te na volbu Vadima Petrova do t\u00e9ho\u017e org\u00e1nu? Petrov je n\u011bkdej\u0161\u00ed tiskov\u00fd mluv\u010d\u00ed vl\u00e1d V\u00e1clava Klause, co\u017e mu n\u011bkte\u0159\u00ed lid\u00e9 z&nbsp;medi\u00e1ln\u00ed sf\u00e9ry tak\u0159ka okam\u017eit\u011b p\u0159edhodili. Sv\u011bd\u010d\u00ed to o n\u011b\u010dem?<\/strong><\/p>\n<p>Vadim Petrov byl jedn\u00edm z&nbsp;Klausov\u00fdch poradc\u016f v&nbsp;devades\u00e1t\u00fdch letech. Zn\u00e1me se z&nbsp;t\u00e9 doby, j\u00e1 tehdy byl n\u011bjak\u00fd \u010das Klausov\u00fdm tiskov\u00fdm tajemn\u00edkem. O \u010dem by to m\u011blo sv\u011bd\u010dit, \u017ee si v\u00e1s p\u0159edseda vl\u00e1dy, v&nbsp;Klausov\u011b p\u0159\u00edpad\u011b tak\u00e9 pozd\u011bj\u0161\u00ed p\u0159edseda Poslaneck\u00e9 sn\u011bmovny, ba dokonce prezident republiky, vybere jako bl\u00edzk\u00e9ho spolupracovn\u00edka? V&nbsp;norm\u00e1ln\u00edm sv\u011bt\u011b to ka\u017ed\u00fd person\u00e1ln\u00ed mana\u017eer a ka\u017ed\u00fd \u0161\u00e9f renomovan\u00e9 firmy ocen\u00ed, v&nbsp;norm\u00e1ln\u00edm sv\u011bt\u011b to jsou va\u0161e kladn\u00e9 body. Pardon, j\u00e1 zapomn\u011bl, \u017ee sv\u011bt n\u011bkter\u00fdch novin\u00e1\u0159\u016f a politik\u016f norm\u00e1ln\u00ed nen\u00ed.<\/p>\n<div id=\"carodaOutstream915064Container\" class=\"carodaContainer\">\n<div id=\"carodaTeadsContainer187936128\" class=\"carodaOutstream fs-caroda-container-274089\">\n<div class=\"teads-inread\">\n<div class=\"teads-ui-components-adchoices\"><strong>Radn\u00ed \u010cT Zden\u011bk \u0160arapatka ozna\u010dil Vadima Petrova s&nbsp;Ladislavem Jaklem za posily Andreje Babi\u0161e, kter\u00e9 na \u010cT kleknou. Jde skute\u010dn\u011b o jakousi snahu kontrolovat obsah ve\u0159ejnopr\u00e1vn\u00edch m\u00e9di\u00ed? Skute\u010dn\u011b se chyst\u00e1 boj o svobodu m\u00e9di\u00ed v&nbsp;\u010cesku? Pokud ano, kdo onu svobodu ohro\u017euje?<\/strong><\/div>\n<\/div>\n<\/div>\n<\/div>\n<p>Pana \u0160arapatku v\u016fbec nem\u00e1 cenu br\u00e1t v\u00e1\u017en\u011b, nato\u017e jej komentovat a zvy\u0161ovat mu t\u00edm kredit. Teda ono to snad ani nejde, neb tenhle prskaj\u00edc\u00ed ka\u0161p\u00e1rek \u017e\u00e1dn\u00fd kredit nem\u00e1. Boj o svobodu ale skute\u010dn\u011b prob\u00edh\u00e1, p\u0159edev\u0161\u00edm o svobodu slova. Jen\u017ee pr\u00e1v\u011b \u010cesk\u00e9 televizi ji nikdo nebere, to ona je ten, kdo po n\u00ed \u0161lape. Na temn\u00e9 stran\u011b s\u00edly jsou tihle r\u016fzn\u00ed \u0160arapatkov\u00e9, zat\u00edmco p\u0159\u00edmo\u010dar\u00fd, nekompromisn\u00ed, konzistentn\u00ed Jakl je, kdy\u017e u\u017e se tedy t\u00e9hle hv\u011bzdn\u011b v\u00e1le\u010dn\u00e9 terminologie p\u0159idr\u017e\u00edme, neohro\u017een\u00fd ryt\u00ed\u0159 \u0159\u00e1du Jedi.<\/p>\n<p><strong>Je pravda, \u017ee Petrov se po sv\u00e9m zvolen\u00ed op\u0159el do ikony \u010cT, moder\u00e1tora V\u00e1clava Moravce. Sv\u00fdmi koment\u00e1\u0159i na adresu rodiny Klausov\u00fdch pr\u00fd V\u00e1clav Moravec poru\u0161il \u010dl\u00e1nek 6.5 Etick\u00e9ho kodexu \u010cesk\u00e9 televize. Je to tak? \u201ePou\u017eil expresivn\u00ed v\u00fdroky, kter\u00e9 maj\u00ed dodat z\u00e1bavnost kritice,\u201c h\u00e1jil Moravce Marek Wollner v&nbsp;rozhovoru s&nbsp;Janou Bobo\u0161\u00edkovou.<\/strong><\/p>\n<p>Petrov m\u00e1 samoz\u0159ejm\u011b pravdu a j\u00e1 nevid\u00edm jedin\u00fd d\u016fvod, pro\u010d bychom si takhle provozovanou televizi, jej\u00ed\u017e tragick\u00e1 ikona t\u00edmto nestoudn\u00fdm zp\u016fsobem poru\u0161uje vlastn\u00ed Etick\u00fd kodex a jej\u00ed\u017e \u010deln\u00fd mana\u017eer a \u0161\u00e9fredaktor to takhle hanebn\u00fdm zp\u016fsobem zleh\u010duje, m\u011bli nad\u00e1le vydr\u017eovat povinn\u00fdmi televizn\u00edmi poplatky. Zadarmo je to drah\u00e9.<\/p>\n<p><strong>Osm miliard korun, kter\u00e9 ka\u017edoro\u010dn\u011b p\u0159ipadnou \u010cesk\u00e9 televizi a \u010cesk\u00e9mu rozhlasu, by Vadim Petrov navrhoval grantov\u00fdm zp\u016fsobem rozd\u011blit mezi v\u0161echna m\u00e9dia, kter\u00e1 by se mohla uch\u00e1zet o projekty ve\u0159ejn\u00e9 slu\u017eby. L\u00edb\u00ed se v\u00e1m takov\u00fd n\u00e1vrh?<\/strong><\/p>\n<p>Ano, to je jedno z mo\u017en\u00fdch \u0159e\u0161en\u00ed. V\u00edte, j\u00e1 jsem realista, a proto ne\u017eiju v&nbsp;iluzi, \u017ee je v&nbsp;dohledn\u00e9 dob\u011b mo\u017en\u00e9 ve\u0159ejnopr\u00e1vn\u00ed m\u00e9dia zru\u0161it, tedy \u017ee by se na\u0161lo 101 poslanc\u016f a 41 sen\u00e1tor\u016f, kte\u0159\u00ed by to odhlasovali. Ale zamyslet se nad racionalizac\u00ed cel\u00e9ho toho syst\u00e9mu ur\u010dit\u011b mo\u017en\u00e9 je. Opravdu je nutn\u00e9 provozovat ve\u0159ejnou televizi v&nbsp;tomto rozsahu, kdy\u017e se v&nbsp;mnoh\u00e9m programov\u011b p\u0159ekr\u00fdv\u00e1 s&nbsp;komer\u010dn\u00edmi stanicemi? Nen\u00ed m\u00e9n\u011b n\u011bkdy v\u00edce? Opravdu mus\u00edme za osm miliard provozovat televizi, kter\u00e1 n\u00e1m pak na sv\u00fdch \u0161esti programech serv\u00edruje star\u00e9ho Kojaka, Vac\u00e1tka, Columba, Vinnetoua, Sovu a kouzeln\u00edka, co nikdy nep\u0159ijde, a jej\u00ed\u017e zpravodajci znaj\u00ed v&nbsp;USA pouze Igora Luke\u0161e?<\/p>\n<p><strong>Ladislav Jakl navrhl zru\u0161it \u010cT a \u010cRo, proto\u017ee nelze \u201ezest\u00e1tnit, co u\u017e je st\u00e1tn\u00ed\u201c. Je to znepokojuj\u00edc\u00ed?<\/strong><\/p>\n<p>Ne, nen\u00ed to znepokojuj\u00edc\u00ed. Je to zcela legitimn\u00ed n\u00e1zor. Znepokojuj\u00edc\u00ed je, \u017ee u\u017e zase \u017eijeme v&nbsp;dob\u011b, kdy neplat\u00ed ono ok\u0159\u00eddlen\u00e9 Votairovo: \u201eNesouhlas\u00edm s&nbsp;t\u00edm, co \u0159\u00edk\u00e1te, ale a\u017e do smrti budu h\u00e1jit va\u0161e pr\u00e1vo to \u0159\u00edkat,\u201c n\u00fdbr\u017e: \u201eNesouhlas\u00edm s&nbsp;v\u00e1mi, a proto ud\u011bl\u00e1m v\u0161echno pro to, abych v\u00e1m zav\u0159el hubu.\u201c<\/p>\n<p><strong>Server Forum 24 informoval o \u00fadajn\u00fdch nef\u00e9rov\u00fdch praktik\u00e1ch internetov\u00e9 televize XTV, t\u00fdkaj\u00edc\u00edch se rozhovoru Marka Wollnera s&nbsp;Janou Bobo\u0161\u00edkovou. Autor Vil\u00e9m Besser v&nbsp;\u010dl\u00e1nku mj. p\u00ed\u0161e: &#8222;Wollner nav\u0161t\u00edvil internetovou televizi XTV, kde m\u011bl podle informac\u00ed den\u00edku&nbsp;FORUM 24&nbsp;poskytnout rozhovor Lubo\u0161i Xaveru Vesel\u00e9mu. M\u00edsto n\u011bj se proti investigativn\u00edmu novin\u00e1\u0159i ne\u010dekan\u011b posadila Jana Bobo\u0161\u00edkov\u00e1, kter\u00e1 z\u0159ejm\u011b z dob televizn\u00ed krize st\u00e1le k Wollnerovi c\u00edt\u00ed velkou nevra\u017eivost.&#8220; Tento v\u00fdrok ov\u0161em nen\u00ed pravdiv\u00fd, produkce XTV se proti n\u011bmu ohradila a zve\u0159ejnila SMS komunikaci s&nbsp;Wollnerem, ze kter\u00e9 je zcela z\u0159ejm\u00e9, \u017ee Wollner byl p\u0159edem o \u00fa\u010dasti Bobo\u0161\u00edkov\u00e9 srozum\u011bn. Forum24 pozd\u011bji z&nbsp;\u010dl\u00e1nku zmi\u0148ovanou pas\u00e1\u017e vy\u0148alo, tak\u017ee jedin\u00fdm pomn\u00ed\u010dkem z\u016fstal z\u00e1pis ve vyhledava\u010di Google. Jak je to tedy s&nbsp;t\u011bmi fake news?<\/strong><\/p>\n<p>Forum 24 je odpad, \u017eurnalistick\u00e1 senkrovna, pokra\u010dovatel a n\u00e1sledovn\u00edk t\u011bch nejodporn\u011bj\u0161\u00edch bol\u0161evick\u00fdch propagandistick\u00fdch a denuncia\u010dn\u00edch metod. Jedin\u00e9, co je zaj\u00edmav\u00e9 a co stoj\u00ed za pozornost, je sledovat, kte\u0159\u00ed politici, kup\u0159\u00edkladu p\u0159edseda normalizovan\u00e9 ODS Fiala \u010di TOP Kalousek a spol., se do t\u00e9hle \u017eumpy chod\u00ed rochnit. Vypov\u00edd\u00e1 to o nich v\u00edc, ne\u017e v\u016fbec dovedou domyslet. A zase! T\u00edm, \u017ee si v\u016fbec pov\u00edd\u00e1me o tom, co tihle \u0160afrovi sedmilh\u00e1\u0159i napsali, je vlastn\u011b jakoby bereme v\u00e1\u017en\u011b. A to opravdu nechci. Ale s\u00e1m jste si u\u017e v&nbsp;ot\u00e1zce odpov\u011bd\u011bl. V\u00edc to nem\u00e1 cenu komentovat.<\/p>\n<p><a href=\"https:\/\/www.parlamentnilisty.cz\/arena\/rozhovory\/CT-Zadarmo-drahe-Mame-jim-posilat-penize-a-jinak-drzet-hubu-Znalec-pochvalil-zmeny-v-RRTV-576300\">Zdroj<\/a><\/p>\n<p>&nbsp;<\/p>\n","protected":false},"excerpt":{"rendered":"<p>V na\u0161\u00ed zemi \u017eije spousta lid\u00ed, kte\u0159\u00ed si stejn\u011b jako Ladislav Jakl mysl\u00ed, \u017ee na\u0161e ve\u0159ejnopr\u00e1vn\u00ed m\u00e9dia pracuj\u00ed \u0161patn\u011b, \u017ee tahle jejich podoba je ne\u0161\u0165astn\u00e1 a m\u011bla by se zm\u011bnit nebo \u017ee prost\u011b nemusej\u00ed existovat v\u016fbec,&#8220; konstatuje glos\u00e1tor a hudebn\u00edk Petr \u0160t\u011bp\u00e1nek na adresu nominace Ladislava Jakla do RRTV. S\u00e1m \u0160t\u011bp\u00e1nek m\u011bl jedno z m\u00edst [&hellip;]<\/p>\n","protected":false},"author":1,"featured_media":0,"comment_status":"open","ping_status":"open","sticky":false,"template":"","format":"standard","meta":{"ngg_post_thumbnail":0,"footnotes":""},"categories":[11],"tags":[],"class_list":["post-10027","post","type-post","status-publish","format-standard","hentry","category-ozvena"],"_links":{"self":[{"href":"https:\/\/www.ladislavjakl.cz\/index.php?rest_route=\/wp\/v2\/posts\/10027","targetHints":{"allow":["GET"]}}],"collection":[{"href":"https:\/\/www.ladislavjakl.cz\/index.php?rest_route=\/wp\/v2\/posts"}],"about":[{"href":"https:\/\/www.ladislavjakl.cz\/index.php?rest_route=\/wp\/v2\/types\/post"}],"author":[{"embeddable":true,"href":"https:\/\/www.ladislavjakl.cz\/index.php?rest_route=\/wp\/v2\/users\/1"}],"replies":[{"embeddable":true,"href":"https:\/\/www.ladislavjakl.cz\/index.php?rest_route=%2Fwp%2Fv2%2Fcomments&post=10027"}],"version-history":[{"count":1,"href":"https:\/\/www.ladislavjakl.cz\/index.php?rest_route=\/wp\/v2\/posts\/10027\/revisions"}],"predecessor-version":[{"id":10028,"href":"https:\/\/www.ladislavjakl.cz\/index.php?rest_route=\/wp\/v2\/posts\/10027\/revisions\/10028"}],"wp:attachment":[{"href":"https:\/\/www.ladislavjakl.cz\/index.php?rest_route=%2Fwp%2Fv2%2Fmedia&parent=10027"}],"wp:term":[{"taxonomy":"category","embeddable":true,"href":"https:\/\/www.ladislavjakl.cz\/index.php?rest_route=%2Fwp%2Fv2%2Fcategories&post=10027"},{"taxonomy":"post_tag","embeddable":true,"href":"https:\/\/www.ladislavjakl.cz\/index.php?rest_route=%2Fwp%2Fv2%2Ftags&post=10027"}],"curies":[{"name":"wp","href":"https:\/\/api.w.org\/{rel}","templated":true}]}}