{"id":10029,"date":"2019-04-09T10:12:18","date_gmt":"2019-04-09T08:12:18","guid":{"rendered":"http:\/\/www.ladislavjakl.cz\/?p=10029"},"modified":"2019-04-09T10:12:18","modified_gmt":"2019-04-09T08:12:18","slug":"bohumil-pecinka-andrej-babis-a-jeho-uzitecni-idioti","status":"publish","type":"post","link":"https:\/\/www.ladislavjakl.cz\/?p=10029","title":{"rendered":"Bohumil Pe\u010dinka: Andrej Babi\u0161 a jeho u\u017eite\u010dn\u00ed idioti"},"content":{"rendered":"<p>P\u0159edsedou sn\u011bmovn\u00edho \u0161kolsk\u00e9ho v\u00fdboru z\u016fst\u00e1v\u00e1 V\u00e1clav Klaus mlad\u0161\u00ed. Rozhodlo o tom tajn\u00e9 hlasov\u00e1n\u00ed \u010dlen\u016f v\u00fdboru, kte\u0159\u00ed nevy\u0161li vst\u0159\u00edc po\u017eadavku ODS na Klausovu v\u00fdm\u011bnu. Nen\u00ed to zase tak velk\u00e9 p\u0159ekvapen\u00ed.<\/p>\n<p><!--more--><\/p>\n<p class=\"selectionShareable\">Kr\u00e1tce po sn\u011bmovn\u00edch volb\u00e1ch za\u010dalo rozd\u011blov\u00e1n\u00ed v\u00fdbor\u016f a komis\u00ed. U\u017e tehdy se uk\u00e1zala jedna nezvratn\u00e1 v\u011bc: hlavn\u00ed rozhodnut\u00ed prob\u00edhala mezi ANO, SPD a KS\u010cM, kter\u00e9 m\u011bly dohromady 115 poslanc\u016f. U\u017e p\u0159ed rokem a p\u016fl se ustavila skute\u010dn\u00e1 parlamentn\u00ed v\u011bt\u0161ina, ale vl\u00e1da na tomto z\u00e1klad\u011b nevznikla. Pro\u010d?<\/p>\n<p class=\"selectionShareable\">Vl\u00e1dy N\u011bmecka a Francie byly tehdy naje\u017een\u00e9 p\u0159i p\u0159edstav\u011b, \u017ee by se v \u010desk\u00e9m kabinetu m\u011bla objevit strana, kter\u00e1 m\u00e1 p\u0159\u00edmou linku na Marine Le Penovou nebo n\u011bmeckou AfD. To by v jejich o\u010d\u00edch legitimizovalo vl\u00e1dn\u00ed anga\u017em\u00e1 t\u011bchto stran i v jejich zem\u00edch.<\/p>\n<p class=\"selectionShareable\">Andrej Babi\u0161 nen\u00ed \u017e\u00e1dn\u00fd hrdina, kter\u00fd by se vzp\u00edral dob\u0159e m\u00edn\u011bn\u00fdm telefon\u00e1t\u016fm z Pa\u0159\u00ed\u017ee a Berl\u00edna. Proto dlouho kli\u010dkoval. V jednu chv\u00edli se dokonce zd\u00e1lo, \u017ee se vl\u00e1da na p\u016fdorysu \u201e115\u201c ustav\u00ed. Tehdy Babi\u0161e na sch\u016fzce v L\u00e1nech podpo\u0159il i Milo\u0161 Zeman a Jaroslav Falt\u00fdnek u\u017e p\u0159ipravoval person\u00e1ln\u00ed slo\u017een\u00ed nov\u00e9 vl\u00e1dy.<\/p>\n<p class=\"selectionShareable\">Tlak z \u010ceska i Evropy ale nakonec vedl k tomu, \u017ee Babi\u0161 sestavil jen vl\u00e1du s \u010cSSD za podpory KS\u010cM. To v\u0161ak neznamenalo, \u017ee by re\u00e1ln\u00e1 parlamentn\u00ed v\u011bt\u0161ina 115 mand\u00e1t\u016f zmizela. Naopak.<\/p>\n<p class=\"selectionShareable\">Hodn\u011b o sob\u011b d\u00e1v\u00e1 v\u011bd\u011bt v posledn\u00edch m\u011bs\u00edc\u00edch v souvislosti s volbami do v\u0161ech \u010dty\u0159 medi\u00e1ln\u00edch rad, p\u0159\u00edpadn\u011b kdy\u017e se hlasuje o obsazen\u00ed m\u00edsta z\u00e1stupce ombudsmana nebo o zastoupen\u00ed v Rad\u011b \u00dastavu pro studium totalitn\u00edch re\u017eim\u016f. Co z toho vypl\u00fdv\u00e1?<\/p>\n<p class=\"selectionShareable\">Koalice \u201e115\u201c st\u00e1le \u017eije a sna\u017e\u00ed se ovl\u00e1dnout v\u0161echny tyto org\u00e1ny. Ned\u011bl\u00e1 to p\u0159\u00edmo, aby nevypla\u0161ila ve\u0159ejnost, ale p\u0159es lidi, jim\u017e se d\u00e1 \u0159\u00edkat souputn\u00edci. Konstrukt\u00e9\u0159i zm\u011bn v medi\u00e1ln\u00edch rad\u00e1ch, poslanci za ANO Kolovratn\u00edk a Berkovec, nab\u00edzej\u00ed funkce ur\u010dit\u00fdm lidem, o nich\u017e sice v\u011bd\u00ed, \u017ee nejsou politicky babi\u0161ovci, ale ur\u010dit\u00e9 v\u011bci provedou l\u00e9pe ne\u017e p\u0159\u00edpadn\u00ed nominanti ANO.<\/p>\n<p class=\"selectionShareable\">Jsem p\u0159esv\u011bd\u010den, \u017ee lid\u00e9 jako Ladislav Jakl nebo Vadim Petrov jsou odborn\u011b vybaveni pro pr\u00e1ci v t\u011bchto rad\u00e1ch a kritika levicov\u011b liber\u00e1ln\u00edch m\u00e9di\u00ed v\u016f\u010di jejich osob\u00e1m je neopodstatn\u011bn\u00e1. Probl\u00e9mem je ale kontext cel\u00e9 v\u011bci. Cht\u011b necht\u011b toti\u017e budou svou pr\u00e1ci d\u011blat v souladu se zm\u011bnami, kter\u00e9 v politick\u00e9, ekonomick\u00e9 a v medi\u00e1ln\u00ed sf\u00e9\u0159e prov\u00e1d\u00ed Andrej Babi\u0161. Pr\u00e1v\u011b v kontextu \u0159ady deformac\u00ed demokracie, kter\u00fdch se babi\u0161ovci dopou\u0161t\u011bj\u00ed ve ve\u0159ejn\u00e9m \u017eivot\u011b, je anga\u017em\u00e1 v medi\u00e1ln\u00edch a jin\u00fdch rad\u00e1ch stav\u00ed do pozic u\u017eite\u010dn\u00fdch idiot\u016f.<\/p>\n<p><a href=\"https:\/\/www.reflex.cz\/clanek\/komentare\/94318\/bohumil-pecinka-andrej-babis-a-jeho-uzitecni-idioti.html\">Zdroj<\/a><\/p>\n","protected":false},"excerpt":{"rendered":"<p>P\u0159edsedou sn\u011bmovn\u00edho \u0161kolsk\u00e9ho v\u00fdboru z\u016fst\u00e1v\u00e1 V\u00e1clav Klaus mlad\u0161\u00ed. Rozhodlo o tom tajn\u00e9 hlasov\u00e1n\u00ed \u010dlen\u016f v\u00fdboru, kte\u0159\u00ed nevy\u0161li vst\u0159\u00edc po\u017eadavku ODS na Klausovu v\u00fdm\u011bnu. Nen\u00ed to zase tak velk\u00e9 p\u0159ekvapen\u00ed.<\/p>\n","protected":false},"author":1,"featured_media":0,"comment_status":"open","ping_status":"open","sticky":false,"template":"","format":"standard","meta":{"ngg_post_thumbnail":0,"footnotes":""},"categories":[11],"tags":[],"class_list":["post-10029","post","type-post","status-publish","format-standard","hentry","category-ozvena"],"_links":{"self":[{"href":"https:\/\/www.ladislavjakl.cz\/index.php?rest_route=\/wp\/v2\/posts\/10029","targetHints":{"allow":["GET"]}}],"collection":[{"href":"https:\/\/www.ladislavjakl.cz\/index.php?rest_route=\/wp\/v2\/posts"}],"about":[{"href":"https:\/\/www.ladislavjakl.cz\/index.php?rest_route=\/wp\/v2\/types\/post"}],"author":[{"embeddable":true,"href":"https:\/\/www.ladislavjakl.cz\/index.php?rest_route=\/wp\/v2\/users\/1"}],"replies":[{"embeddable":true,"href":"https:\/\/www.ladislavjakl.cz\/index.php?rest_route=%2Fwp%2Fv2%2Fcomments&post=10029"}],"version-history":[{"count":1,"href":"https:\/\/www.ladislavjakl.cz\/index.php?rest_route=\/wp\/v2\/posts\/10029\/revisions"}],"predecessor-version":[{"id":10030,"href":"https:\/\/www.ladislavjakl.cz\/index.php?rest_route=\/wp\/v2\/posts\/10029\/revisions\/10030"}],"wp:attachment":[{"href":"https:\/\/www.ladislavjakl.cz\/index.php?rest_route=%2Fwp%2Fv2%2Fmedia&parent=10029"}],"wp:term":[{"taxonomy":"category","embeddable":true,"href":"https:\/\/www.ladislavjakl.cz\/index.php?rest_route=%2Fwp%2Fv2%2Fcategories&post=10029"},{"taxonomy":"post_tag","embeddable":true,"href":"https:\/\/www.ladislavjakl.cz\/index.php?rest_route=%2Fwp%2Fv2%2Ftags&post=10029"}],"curies":[{"name":"wp","href":"https:\/\/api.w.org\/{rel}","templated":true}]}}