{"id":1005,"date":"2011-05-16T12:10:29","date_gmt":"2011-05-16T11:10:29","guid":{"rendered":"http:\/\/www.ladislavjakl.cz\/?p=1005"},"modified":"2011-05-16T12:10:29","modified_gmt":"2011-05-16T11:10:29","slug":"jakl-si-dobira-nechapaveho-redaktora-mf-dnes","status":"publish","type":"post","link":"https:\/\/www.ladislavjakl.cz\/?p=1005","title":{"rendered":"Jakl si dob\u00edr\u00e1 &#8222;nech\u00e1pav\u00e9ho&#8220; redaktora MF DNES"},"content":{"rendered":"<p>Tajemn\u00edk prezidenta Ladislav Jakl si na Od\u0159ejovi \u0160\u0165astn\u00e9m z MF DNES v\u017edy  r\u00e1d smlsne. Nem\u00e1 toti\u017e r\u00e1d, kdy\u017e novin\u00e1\u0159 vym\u00e1m\u00ed odpov\u011b\u010f a pak ji  zaml\u010d\u00ed.<\/p>\n<p><!--more-->Nutno dodat, \u017ee Jakl na sv\u00e9m blogu uv\u00e1d\u00ed na pravou m\u00edru podp\u00e1sovky v\u0161ech  r\u016fzn\u00fdch m\u00e9di\u00ed,\u00a0 nejen MF DNES. Ty z MF DNES ale p\u0159ich\u00e1zej\u00ed nej\u010dast\u011bji. A  proto\u017ee Hrad m\u00e1 v Mlad\u00e9 front\u011b na starosti report\u00e9r Ond\u0159ej \u0160\u0165astn\u00fd,  kter\u00fd sl\u00edd\u00ed po v\u0161em, z \u010deho by mohl u\u010dinit &#8222;kauzu&#8220;, m\u00ed\u0159\u00ed Jaklovy  koment\u00e1\u0159e nej\u010dast\u011bji pr\u00e1v\u011b na \u0160\u0165astn\u00e9ho.<\/p>\n<p>Naposledy zve\u0159ejnil  esemeskovou v\u00fdm\u011bnu t\u00fdkaj\u00edc\u00ed se Us\u00e1my bin L\u00e1dina. Mlad\u00e1 fronta  zji\u0161\u0165ovala, co na Hrad\u011b \u0159\u00edkaj\u00ed v\u00fdrok\u016fm vicekancl\u00e9\u0159e Petra H\u00e1jka, z\u0159ejm\u011b  ve snaze medi\u00e1ln\u011b stvo\u0159it rozpory v hradn\u00edm t\u00fdmu. Jen\u017ee hradn\u00ed t\u00fdm dr\u017e\u00ed  p\u0159i sob\u011b, jak se \u0160\u0165astn\u00fd ke sv\u00e9 nelibosti dozv\u011bd\u011bl.<\/p>\n<p>Jakl cituje \u0160\u0165astn\u00e9ho dotaz:<\/p>\n<p>&#8222;Dobr\u00fd  den, dovolte ot\u00e1zku: Co si mysl\u00edte o v\u00fdroc\u00edch Petra H\u00e1jka ohledn\u011b  zabit\u00ed Us\u00e1my bin L\u00e1dina? Souhlas\u00edte s panem prezidentem, \u017ee tyto v\u00fdroky  byly ne\u0161\u0165astn\u00e9 a nedomy\u0161len\u00e9? Ond\u0159ej \u0160\u0165astn\u00fd. MF Dnes.&#8220;<\/p>\n<p>Report\u00e9r  tak nar\u00e1\u017eel na vyj\u00e1d\u0159en\u00ed Petra H\u00e1jka, kter\u00fd zpochybnil polapen\u00ed Us\u00e1my  bin L\u00e1dina, kdy\u017e cel\u00fd p\u0159\u00edb\u011bh nazval &#8222;medi\u00e1ln\u00ed fikc\u00ed&#8220;.<\/p>\n<p>Tajemn\u00edk  prezidenta \u0160\u0165astn\u00e9mu odpov\u011bd\u011bl: &#8222;V o\u010d\u00edch \u010desk\u00fdch novin\u00e1\u0159\u016f existuj\u00ed dva  smrteln\u00e9 h\u0159\u00edchy spolupracovn\u00edk\u016f pana prezidenta: 1) Kdy\u017e maj\u00ed shodn\u00fd  n\u00e1zor s V\u00e1clavem Klausem. 2) Kdy\u017e nemaj\u00ed shodn\u00fd n\u00e1zor s V\u00e1clavem  Klausem.&#8220;<\/p>\n<p>Pak pokra\u010duje ve vypr\u00e1v\u011bn\u00ed: &#8222;A proto\u017ee jist\u00fd typ  \u010desk\u00fdch novin\u00e1\u0159\u016f uzn\u00e1v\u00e1 pouze ty odpov\u011bdi, kter\u00e9 se shoduj\u00ed s t\u011bmi, co  u\u017e maj\u00ed p\u0159edem napsan\u00e9, d\u011bl\u00e1 pan \u0160\u0165astn\u00fd v dal\u0161\u00ed SMS nech\u00e1pav\u00e9ho,&#8220;  popisuje Jakl zku\u0161enost s report\u00e9rem MF DNES.<\/p>\n<p>&#8222;Jak to pros\u00edm  souvis\u00ed s odpov\u011bd\u00ed na mou ot\u00e1zku, co si Vy mysl\u00edte o v\u00fdroc\u00edch Petra  H\u00e1jka o smrti Us\u00e1my bin L\u00e1dina? D\u011bkuji. O.\u0160.&#8220; cituje Jakl dal\u0161\u00ed dotaz  redaktora.<\/p>\n<p>Na tuto ot\u00e1zku u\u017e ale neodpov\u011bd\u011bl. Ml\u010del. MF DNES se  &#8222;pomstila&#8220; t\u00edm, \u017ee zase poml\u010dela o jeho odpov\u011bdi. Zkr\u00e1tka se nehodila,  nedala se z n\u00ed napsat \u017e\u00e1dn\u00e1 senza\u010dn\u00ed zpr\u00e1va.<\/p>\n<p>&#8222;H\u00e1danka nakonec:  Mysl\u00edte, \u017ee z m\u00e9 reakce vy\u0161lo jedin\u00e9 slovo? No, schv\u00e1ln\u011b koukn\u011bte do  dne\u0161n\u00ed Mlad\u00e9 fronty,&#8220; uzav\u00edr\u00e1 Jakl sv\u016fj blog.<\/p>\n<p><a href=\"http:\/\/www.prvnizpravy.cz\/zpravy\/z-domova\/jakl-si-dobira-nechapaveho-redaktora-mf-dnes\/\" target=\"_blank\">Zdroj<\/a><\/p>\n","protected":false},"excerpt":{"rendered":"<p>Tajemn\u00edk prezidenta Ladislav Jakl si na Od\u0159ejovi \u0160\u0165astn\u00e9m z MF DNES v\u017edy r\u00e1d smlsne. Nem\u00e1 toti\u017e r\u00e1d, kdy\u017e novin\u00e1\u0159 vym\u00e1m\u00ed odpov\u011b\u010f a pak ji zaml\u010d\u00ed.<\/p>\n","protected":false},"author":1,"featured_media":0,"comment_status":"open","ping_status":"open","sticky":false,"template":"","format":"standard","meta":{"ngg_post_thumbnail":0,"footnotes":""},"categories":[11],"tags":[],"class_list":["post-1005","post","type-post","status-publish","format-standard","hentry","category-ozvena"],"_links":{"self":[{"href":"https:\/\/www.ladislavjakl.cz\/index.php?rest_route=\/wp\/v2\/posts\/1005","targetHints":{"allow":["GET"]}}],"collection":[{"href":"https:\/\/www.ladislavjakl.cz\/index.php?rest_route=\/wp\/v2\/posts"}],"about":[{"href":"https:\/\/www.ladislavjakl.cz\/index.php?rest_route=\/wp\/v2\/types\/post"}],"author":[{"embeddable":true,"href":"https:\/\/www.ladislavjakl.cz\/index.php?rest_route=\/wp\/v2\/users\/1"}],"replies":[{"embeddable":true,"href":"https:\/\/www.ladislavjakl.cz\/index.php?rest_route=%2Fwp%2Fv2%2Fcomments&post=1005"}],"version-history":[{"count":1,"href":"https:\/\/www.ladislavjakl.cz\/index.php?rest_route=\/wp\/v2\/posts\/1005\/revisions"}],"predecessor-version":[{"id":1006,"href":"https:\/\/www.ladislavjakl.cz\/index.php?rest_route=\/wp\/v2\/posts\/1005\/revisions\/1006"}],"wp:attachment":[{"href":"https:\/\/www.ladislavjakl.cz\/index.php?rest_route=%2Fwp%2Fv2%2Fmedia&parent=1005"}],"wp:term":[{"taxonomy":"category","embeddable":true,"href":"https:\/\/www.ladislavjakl.cz\/index.php?rest_route=%2Fwp%2Fv2%2Fcategories&post=1005"},{"taxonomy":"post_tag","embeddable":true,"href":"https:\/\/www.ladislavjakl.cz\/index.php?rest_route=%2Fwp%2Fv2%2Ftags&post=1005"}],"curies":[{"name":"wp","href":"https:\/\/api.w.org\/{rel}","templated":true}]}}