{"id":10052,"date":"2019-04-11T13:25:34","date_gmt":"2019-04-11T11:25:34","guid":{"rendered":"http:\/\/www.ladislavjakl.cz\/?p=10052"},"modified":"2019-04-11T13:25:34","modified_gmt":"2019-04-11T11:25:34","slug":"jakl-v-rrtv-je-to-hanebnost-postavme-se-za-verejnopravni-media-volaji-aktiviste","status":"publish","type":"post","link":"https:\/\/www.ladislavjakl.cz\/?p=10052","title":{"rendered":"Jakl v RRTV? Je to hanebnost. Postavme se za ve\u0159ejnopr\u00e1vn\u00ed m\u00e9dia, volaj\u00ed aktivist\u00e9"},"content":{"rendered":"<p>Skupina Milion chvilek pro demokracii varuje p\u0159ed Ladislavem Jaklem, kter\u00fd byl zvolen do Rady pro rozhlasov\u00e9 a televizn\u00ed vys\u00edl\u00e1n\u00ed (RRTV) jako nominant hnut\u00ed SPD. Z\u00e1stupci skupiny ale tak\u00e9 varuj\u00ed p\u0159ed ovl\u00e1dnut\u00edm dal\u0161\u00edch rad, kter\u00e9 kontroluj\u00ed ve\u0159ejnopr\u00e1vn\u00ed m\u00e9dia. Otev\u0159en\u00fdm dopisem se proto obrac\u00ed na \u010desk\u00e9 poslance.<\/p>\n<p><!--more--><\/p>\n<p>Iniciativa se raduje z n\u011bkolika ud\u00e1lost\u00ed, kter\u00e9 se v uplynul\u00e9 dob\u011b staly. Jej\u00ed z\u00e1stupci oce\u0148uj\u00ed t\u0159eba to, \u017ee se z\u00e1stupcem ombudsmanky nestal Zden\u011bk Koudelka, \u017ee policie zas\u00e1hla v Brn\u011b a politika ANO obvinila z korupce, nebo \u017ee premi\u00e9r Andrej Babi\u0161 pravd\u011bpodobn\u011b p\u016fjde p\u0159ed soud kv\u016fli kauze \u010cap\u00ed hn\u00edzdo..Raduj\u00ed se tak\u00e9 ze zvolen\u00ed Zuzany \u010caputov\u00e9 novou prezidentskou Slovenska.<\/p>\n<p>\u201eA jedna \u0161patn\u00e1 zpr\u00e1va. Do Rady pro Rozhlasov\u00e9 a televizn\u00ed vys\u00edl\u00e1n\u00ed zvolili poslanci nominanta SPD Ladislava Jakla, kter\u00fd je zn\u00e1m nejen jako spoluautor Klausovy amnestie \u010dile publikuj\u00edc\u00ed na dezinforma\u010dn\u00edch webech, ale tak\u00e9 jako \u010dlov\u011bk, kter\u00fd otev\u0159en\u011b podporuje zru\u0161en\u00ed ve\u0159ejnopr\u00e1vn\u00edch m\u00e9di\u00ed,\u201c uv\u00e1d\u00ed jm\u00e9nem skupiny Milion chvilek pro demokracii Mikul\u00e1\u0161 Min\u00e1\u0159.<\/p>\n<p>Tvrd\u00ed, \u017ee zvolit n\u011bkoho takov\u00e9ho, aby hl\u00eddal \u010cT a \u010cRo je jako zvolit \u201esvobodn\u011b a demokraticky svobodnou li\u0161ku pro dohled nad svobodn\u00fdm kurn\u00edkem\u201c. \u201eJe jasn\u00e9, \u017ee je to hanebnost, proti n\u00ed\u017e se slu\u0161\u00ed protestovat. Z\u00e1rove\u0148 je v\u0161ak nutno vz\u00edt v potaz dal\u0161\u00edch n\u011bkolik v\u011bc\u00ed: Jakl ji\u017e bohu\u017eel zvolen byl, a to demokratick\u00fdm procesem. A RRTV je medi\u00e1ln\u00ed rada sp\u00ed\u0161e \u00fa\u0159ednick\u00e9ho charakteru, jej\u00ed vliv na ve\u0159ejnopr\u00e1vn\u00ed m\u00e9dia je mnohem omezen\u011bj\u0161\u00ed ne\u017e vliv Rady \u010cT a Rady \u010cRO,\u201c vysv\u011btluje Min\u00e1\u0159.<\/p>\n<p>Ten tak\u00e9 poukazuje, \u017ee z patn\u00e1cti\u010dlenn\u00e9 Rady \u010cT bude do konce roku 2021 vym\u011bn\u011bno 10 \u010dlen\u016f. \u201eZ t\u0159in\u00e1cti\u010dlenn\u00e9 RRTV bude do konce roku 2021 vym\u011bn\u011bno 9 \u010dlen\u016f. Asi nejkriti\u010dt\u011bji je na tom Rada \u010cTK. Ji\u017e nyn\u00ed je v sedmi\u010dlenn\u00e9 rad\u011b nominantka SPD a t\u0159i nominanti ANO (mezi nimi i normaliza\u010dn\u00ed k\u00e1dr \u017dantovsk\u00fd). Do konce \u010dervna v\u0161ak budou vym\u011bn\u011bni dal\u0161\u00ed t\u0159i \u010dlenov\u00e9, tak\u017ee je mo\u017en\u00e9, \u017ee se nejv\u00fdznamn\u011bj\u0161\u00ed tiskov\u00e1 agentura v zemi dostane pod vliv ANO + SPD. Nen\u00ed t\u011b\u017ek\u00e9 si p\u0159edstavit, \u017ee to sam\u00e9 m\u016f\u017ee nastat i v ostatn\u00edch rad\u00e1ch (rozhlasov\u00e1 rada u\u017e na tom \u0161patn\u011b je &#8211; a dlouho to tak z\u016fstane),\u201c varuje mluv\u010d\u00ed spolku.<\/p>\n<p>C\u00edl iniciativy Milion chvilek pro demokracii a jejich p\u0159\u00edznivc\u016f je podle n\u011bj jasn\u00fd. \u201eP\u0159edev\u0161\u00edm&nbsp;mus\u00edme v\u0161echny dal\u0161\u00ed volby do medi\u00e1ln\u00edch rad pe\u010dliv\u011b hl\u00eddat a ji\u017e p\u0159edem vyv\u00edjet na politiky tlak, aby nevolili nep\u0159ijateln\u00e9 kandid\u00e1ty. Pokud je zvol\u00ed, mus\u00edme protestovat. Toto si bereme za \u00fakol. Je t\u0159eba se v\u0161ak pokusit i o syst\u00e9mov\u00e9 omezen\u00ed tak obrovsk\u00e9ho rizika. Proto se obrac\u00edme otev\u0159en\u00fdm dopisem na poslance, aby se zav\u00e1zali, \u017ee nebudou do rad volit lidi, kte\u0159\u00ed jsou spojeni s dezinforma\u010dn\u00ed sc\u00e9nou \u010di rovnou otev\u0159en\u011b po\u017eaduj\u00ed zru\u0161en\u00ed ve\u0159ejnopr\u00e1vn\u00edch m\u00e9di\u00ed. Pro z\u00e1vazky plynouc\u00ed z tohoto dopisu se pokus\u00edme vyjednat politickou podporu,\u201c uv\u00e1d\u00ed Min\u00e1\u0159<\/p>\n<p>Poukazuje na to, \u017ee zaru\u010deno nen\u00ed nic, ale poda\u0159it se to m\u016f\u017ee, proto\u017ee zvolen\u00ed Jakla na\u0161tvalo i \u010cSSD. \u201eD\u016fsledn\u00e1 podpora nez\u00e1vislosti m\u00e9di\u00ed se dostala dokonce i do programov\u00e9ho prohl\u00e1\u0161en\u00ed vl\u00e1dy. Budeme vy\u017eadovat, aby nez\u016fstalo u pr\u00e1zdn\u00fdch slib\u016f,\u201c zd\u016fraz\u0148uje Min\u00e1\u0159, kter\u00fd na p\u0159\u00edznivce iniciativy apeluje, aby podepsali&nbsp;<a href=\"https:\/\/www.petice24.com\/oteveny_dopis_poslancm\" target=\"_blank\" rel=\"noopener\">otev\u0159en\u00fd dopis<\/a>&nbsp;nazvan\u00fd &#8222;Postavte se za m\u00e9dia ve\u0159ejn\u00e9 slu\u017eby&#8220;, kter\u00fd je ur\u010den poslanc\u016fm. Zat\u00edm jej podepsaly v\u00edce ne\u017e t\u0159i tis\u00edcovky \u010cech\u016f.&nbsp;<\/p>\n<p>\u201ePokus\u00edme se ud\u011blat v\u0161e pro to, aby se politick\u00e9 strany zav\u00e1zaly ke konkr\u00e9tn\u00edm krok\u016fm. Pokud bude destrukce medi\u00e1ln\u00edch rad pokra\u010dovat, budeme chodit protestovat do ulic. Proti st\u00e1vaj\u00edc\u00ed podob\u011b ve\u0159ejnopr\u00e1vn\u00edch m\u00e9di\u00ed lze m\u00edt \u0159adu v\u00fdhrad. Jist\u00e9 je v\u0161ak to, \u017ee nesm\u00edme dopustit, aby se stala provl\u00e1dn\u00ed hl\u00e1snou troubou \u010di naprosto bezzubou idylkou, v n\u00ed\u017e nen\u00ed pro kritiku n\u011bkter\u00fdch politik\u016f m\u00edsto,\u201c dod\u00e1v\u00e1 z\u00e1stupce iniciativy.<\/p>\n<p><a href=\"https:\/\/eurozpravy.cz\/domaci\/zivot\/254248-jakl-v-rrtv-je-to-hanebnost-postavme-se-za-verejnopravni-media-volaji-aktiviste\/\">Zdroj<\/a><\/p>\n","protected":false},"excerpt":{"rendered":"<p>Skupina Milion chvilek pro demokracii varuje p\u0159ed Ladislavem Jaklem, kter\u00fd byl zvolen do Rady pro rozhlasov\u00e9 a televizn\u00ed vys\u00edl\u00e1n\u00ed (RRTV) jako nominant hnut\u00ed SPD. Z\u00e1stupci skupiny ale tak\u00e9 varuj\u00ed p\u0159ed ovl\u00e1dnut\u00edm dal\u0161\u00edch rad, kter\u00e9 kontroluj\u00ed ve\u0159ejnopr\u00e1vn\u00ed m\u00e9dia. Otev\u0159en\u00fdm dopisem se proto obrac\u00ed na \u010desk\u00e9 poslance.<\/p>\n","protected":false},"author":1,"featured_media":0,"comment_status":"open","ping_status":"open","sticky":false,"template":"","format":"standard","meta":{"ngg_post_thumbnail":0,"footnotes":""},"categories":[11],"tags":[],"class_list":["post-10052","post","type-post","status-publish","format-standard","hentry","category-ozvena"],"_links":{"self":[{"href":"https:\/\/www.ladislavjakl.cz\/index.php?rest_route=\/wp\/v2\/posts\/10052","targetHints":{"allow":["GET"]}}],"collection":[{"href":"https:\/\/www.ladislavjakl.cz\/index.php?rest_route=\/wp\/v2\/posts"}],"about":[{"href":"https:\/\/www.ladislavjakl.cz\/index.php?rest_route=\/wp\/v2\/types\/post"}],"author":[{"embeddable":true,"href":"https:\/\/www.ladislavjakl.cz\/index.php?rest_route=\/wp\/v2\/users\/1"}],"replies":[{"embeddable":true,"href":"https:\/\/www.ladislavjakl.cz\/index.php?rest_route=%2Fwp%2Fv2%2Fcomments&post=10052"}],"version-history":[{"count":1,"href":"https:\/\/www.ladislavjakl.cz\/index.php?rest_route=\/wp\/v2\/posts\/10052\/revisions"}],"predecessor-version":[{"id":10053,"href":"https:\/\/www.ladislavjakl.cz\/index.php?rest_route=\/wp\/v2\/posts\/10052\/revisions\/10053"}],"wp:attachment":[{"href":"https:\/\/www.ladislavjakl.cz\/index.php?rest_route=%2Fwp%2Fv2%2Fmedia&parent=10052"}],"wp:term":[{"taxonomy":"category","embeddable":true,"href":"https:\/\/www.ladislavjakl.cz\/index.php?rest_route=%2Fwp%2Fv2%2Fcategories&post=10052"},{"taxonomy":"post_tag","embeddable":true,"href":"https:\/\/www.ladislavjakl.cz\/index.php?rest_route=%2Fwp%2Fv2%2Ftags&post=10052"}],"curies":[{"name":"wp","href":"https:\/\/api.w.org\/{rel}","templated":true}]}}