{"id":10054,"date":"2019-04-11T13:26:55","date_gmt":"2019-04-11T11:26:55","guid":{"rendered":"http:\/\/www.ladislavjakl.cz\/?p=10054"},"modified":"2019-04-11T13:26:55","modified_gmt":"2019-04-11T11:26:55","slug":"lkani-kyselych-ksichtu","status":"publish","type":"post","link":"https:\/\/www.ladislavjakl.cz\/?p=10054","title":{"rendered":"Lkan\u00ed kysel\u00fdch ksicht\u016f"},"content":{"rendered":"<div class=\"opener\">Zmu\u010deni a ztr\u00e1peni zpr\u00e1vou o m\u00e9m zvolen\u00ed \u010dlenem Rady pro rozhlasov\u00e9 a televizn\u00ed vys\u00edl\u00e1n\u00ed dr\u00e1saj\u00ed si mnoz\u00ed \u201edemokrat\u00e9\u201c hru\u010f a vyd\u00e1vaj\u00ed vzlyky a\u017e ke klenb\u011b nebesk\u00e9. A od n\u00ed se ho\u0159ekov\u00e1n\u00ed vrac\u00ed na zem u\u017e dva t\u00fddny.<\/div>\n<p><!--more--><\/p>\n<div id=\"art-text\" class=\"text\">\n<p>Oni jsou zvykl\u00ed, \u017ee m\u00e9dia jim pat\u0159\u00ed t\u00e9m\u011b\u0159 monopoln\u011b. A tak nemohou zkousnout, \u017ee do jejich jednolit\u00e9 r\u016f\u017eov\u00e9 sv\u011btl\u00fdch z\u00edt\u0159k\u016f se najednou vm\u00eds\u00ed jin\u00fd barevn\u00fd t\u00f3n. Nikdy v \u017eivot\u011b jsem necht\u011bl n\u011bkoho vylu\u010dovat z ve\u0159ejn\u00e9 diskuse, nikdy jsem necht\u011bl n\u011bkoho uml\u010dovat. V\u0161ak jsem i za to b\u00fdval od t\u011bchto \u201edemokrat\u016f\u201c peskov\u00e1n, proto\u017ee p\u0159ece n\u00e1zory sice m\u016f\u017eeme m\u00edt ka\u017ed\u00fd libovoln\u00e9, ale hlavn\u011b musej\u00ed b\u00fdt v\u0161echny stejn\u00e9. Vymezen\u00e9 t\u00edm jejich r\u00e1mcem. A tihle uml\u010dova\u010di a vylu\u010dova\u010di te\u010f lkaj\u00ed, \u017ee mou osobou m\u00e1 pr\u00fd b\u00fdt ohro\u017eena svoboda slova a nez\u00e1vislost m\u00e9di\u00ed.<\/p>\n<p>P\u0159edes\u00edl\u00e1m, \u017ee slovu nez\u00e1vislost jsem nikdy moc nerozum\u011bl. Jde o nez\u00e1vislost na sv\u011bdom\u00ed? Nez\u00e1vislost na pravd\u011b? Nez\u00e1vislost na zam\u011bstnavateli? Nez\u00e1vislost na pen\u011bz\u00edch poplatn\u00edk\u016f? V\u0161e nasv\u011bd\u010duje, \u017ee pod pojmem nez\u00e1vislost si \u201edemokrat\u00e9\u201c p\u0159edstavuj\u00ed naopak z\u00e1vislost, a to na jejich v\u016fli. Proto je pro mne daleko d\u016fle\u017eit\u011bj\u0161\u00ed ne\u017e nez\u00e1vislost pojem pluralita. Jen\u017ee ten se jim nel\u00edb\u00ed. To by si n\u011bkdo mohl myslet, \u017ee do n\u00ed m\u016f\u017ee pat\u0159it i jin\u00fd n\u00e1zor, ne\u017e maj\u00ed tihle majitel\u00e9 pravd.<\/p>\n<p>Poka\u017ed\u00e9, kdy\u017e by\u0165 na chv\u00edli vyhraje svoboda a pluralita nad dikt\u00e1tem uml\u010dova\u010d\u016f, sp\u011bch\u00e1m si koupit popcorn a sed\u00e1m si do prvn\u00ed \u0159ady. Nov\u00e1 verze star\u00e9ho p\u0159edstaven\u00ed Lkan\u00ed kysel\u00fdch ksicht\u016f toti\u017e za\u010dne conevid\u011bt. A za\u010dala i tentokr\u00e1t.<\/p>\n<p>Vyb\u00edr\u00e1m nam\u00e1tkou n\u011bkter\u00e9 \u00e1rie. T\u0159eba Kambersk\u00fd z LN \u017ealuje sv\u011btu, \u017ee si pr\u00fd poslanci spletli st\u00e1tn\u00ed \u00fa\u0159ad s kabaretem. Jakl je podle n\u011bj \u0161a\u0161ek, bavi\u010d a provokat\u00e9r. Pozor, podstatn\u00e9 u t\u011bch \u00e1ri\u00ed je, \u017ee tvrzen\u00ed v nich se nikdy nijak nedokl\u00e1d\u00e1. \u017d\u00e1dn\u00fd cit\u00e1t. To se bere jako fakt. I od Kambersk\u00e9ho, kter\u00fd s\u00e1m zn\u00e1 jedin\u00fd v\u00fdrazov\u00fd prost\u0159edek: po\u0161klebov\u00e1n\u00ed. Nic jin\u00e9ho je\u0161t\u011b v \u017eivot\u011b nenapsal, ne\u017e po\u0161klebky na \u00fa\u010det t\u011bch, kter\u00e9 nesn\u00e1\u0161\u00ed. Aby dodal sv\u00e9mu \u010d\u00edslu ko\u0159en\u00ed, spojil mne s komunisty a Ondr\u00e1\u010dkem. Nu, kdyby ho tehdy 17. listopadu 1989 pustila maminka z post\u00fdlky, byl by si mohl si v\u0161imnout, \u017ee proti tomu, s n\u00edm\u017e m\u011b dnes s\u00e1\u010dkuje, jsem st\u00e1l na t\u00e9 pam\u00e1tn\u00e9 demonstraci na opa\u010dn\u00e9 stran\u011b. A na opa\u010dn\u00e9 stran\u011b, ne\u017e jsou radik\u00e1ln\u00ed kolektivist\u00e9, stoj\u00edm coby radik\u00e1ln\u00ed individualista dosud. Ostatn\u011b i proto komunist\u00e9 ve sn\u011bmovn\u011b m\u00e9 zvolen\u00ed odsoudili, jim se dosavadn\u00ed socialismus v m\u00e9di\u00edch l\u00edb\u00ed, jen by ho cht\u011bli trochu v\u00edc ovl\u00e1dat. A dod\u00e1v\u00e1 je\u0161t\u011b jednu pozoruhodnost: pr\u00fd \u0159\u00edk\u00e1m v\u011bci, kter\u00e9 vychovan\u00fd \u010dlov\u011bk nevypust\u00ed z \u00fast. Pro jistotu Kambersk\u00fd op\u011bt neuv\u00e1d\u00ed \u017e\u00e1dn\u00fd p\u0159\u00edklad. Kr\u00e1sa. \u0160kolen\u00ed z chov\u00e1n\u00ed mi na d\u00e1lku d\u00e1v\u00e1 ten, o kter\u00e9m kolegov\u00e9 z redakce a m\u00ed n\u011bkdej\u0161\u00ed spolu\u017e\u00e1ci pov\u00eddaj\u00ed, \u017ee pozdravit nebo j\u00edst p\u0159\u00edborem je pro n\u011bj nedosa\u017eiteln\u00e9 um\u011bn\u00ed.<\/p>\n<p>Bl\u00fdskl se i \u010dlov\u011bk bez n\u00e1zoru, sen\u00e1tor Draho\u0161. Kdy\u017e se pohor\u0161oval nad m\u00fdm zvolen\u00edm, ozna\u010dil mne za \u201ezn\u00e1m\u00e9ho konspir\u00e1tora\u201c. Nev\u00edm, jak dalece je tento akademik sezn\u00e1men s v\u00fdznamem n\u011bkter\u00fdch slov, ale konspir\u00e1tor se \u010desky \u0159ekne spiklenec. Spiklenec je \u00fa\u010dastn\u00edkem tajn\u00e9ho spiknut\u00ed se zlo\u010dinn\u00fdm \u00famyslem, tedy \u010dlen organizovan\u00e9 zlo\u010dineck\u00e9 skupiny, na kterou pamatuje n\u00e1\u0161 trestn\u00ed z\u00e1kon paragrafy 361 \u2013 363. Uvid\u00edme, jestlipak Draho\u0161 dolo\u017e\u00ed, kdy jsem byl dle jednoho z t\u011bchto paragraf\u016f coby spiklenec odsouzen, nebo jestli rad\u011bji ud\u011bl\u00e1 svou vrtuli a st\u00e1hne kr\u00e1l\u00edka.<\/p>\n<p>H\u0159ebejk jest um\u011blcem. Jeho trpitelsk\u00e1 \u00e1rie je tedy pln\u00e1 poesie. A tak vyzp\u00edval sv\u011btu, \u017ee m\u00e1m kvalifikaci zastydl\u00e9 m\u00e1ni\u010dky. No, podle mne je to lep\u0161\u00ed, ne\u017e kvalifikace zteplal\u00e9 m\u00e1ni\u010dky. H\u0159ebejk jist\u011b vid\u00ed u mnoha des\u00edtek \u010dlen\u016f medi\u00e1ln\u00edch rad lep\u0161\u00ed kvalifika\u010dn\u00ed p\u0159edpoklady, hrav\u011b p\u0159eb\u00edjej\u00edc\u00ed fakt, \u017ee jsem z\u00e1kon, podle kter\u00e9ho doty\u010dn\u00e1 Rada pro vys\u00edl\u00e1n\u00ed vznikla, napsal tehdy j\u00e1, tak\u00e9 jsem byl prvn\u00edm vedouc\u00edm jej\u00edho \u00fa\u0159adu, a tedy ho na zelen\u00e9 louce vybudoval. O okt\u00e1vu v\u00fd\u0161 zazp\u00edval, \u017ee m\u00e1m bizarn\u00ed n\u00e1zory (to jsou ty, kter\u00e9 h\u0159ebejci neposlouchaj\u00ed od r\u00e1na do ve\u010dera) a \u017ee sympatizuji s pravicov\u00fdmi extremisty, \u0161ovinisty a rasisty. No, pravicov\u00fd extremista ur\u010dit\u011b jsem, pokud za pravicovost pova\u017eujeme d\u016fraz na individu\u00e1ln\u00ed svobody, odpor ke kolektivistick\u00e9mu n\u00e1sil\u00ed a k p\u0159erozd\u011blov\u00e1n\u00ed. Ale jak p\u0159i\u0161el na ty \u0161ovinisty a rasisty&#8230; No, t\u0159eba chodil s Draho\u0161em do stejn\u00e9ho kursu ciz\u00edch slov.<\/p>\n<p>Patrn\u011b smy\u0161len\u00e1 osoba ozna\u010den\u00e1 Jenny Nowak z obskurn\u00edho webu F\u00f3rum 24 uv\u00e1d\u00ed m\u00e9 zvolen\u00ed mezititulkem Kontrolor z dezinforma\u010dn\u00edch m\u00e9di\u00ed a n\u00ed\u017ee uv\u00e1d\u00ed, \u017ee v takov\u00fdch desinforma\u010dn\u00edch m\u00e9di\u00edch \u201ehojn\u011b publikuji\u201c. To m\u011b zaujalo, proto\u017ee jsem o\u010dek\u00e1val, \u017ee se kone\u010dn\u011b dozv\u00edm v\u00fd\u010det takov\u00fdch m\u00e9di\u00ed, abych si v nich hned po\u010detl. Ten Jenny (nebo ta, nebo to) m\u011b ale zklamal (zklamala, zklamalo). Uvedlo jen m\u00e9dium jedno: Protiproud. Nu\u017ee: zn\u00e1m web Protiproud. \u010cas od \u010dasu se do n\u011bj r\u00e1d kouknu. N\u011bkter\u00e9 texty se mi l\u00edb\u00ed, n\u011bkter\u00e9 ne, s n\u011bkter\u00fdmi souhlas\u00edm, s jin\u00fdmi m\u00e9n\u011b. V ka\u017ed\u00e9m p\u0159\u00edpad\u011b jsem ale za tento web r\u00e1d, proto\u017ee v n\u011bm najdu v\u011bci, kter\u00e9 jinde nejsou, t\u0159eba \u010dl\u00e1nky Patricka Buchanana. Ale mil\u00e9 Jenny, do Protiproud\u016f (mus\u00ed to b\u00fdt spr\u00e1vn\u011b mno\u017en\u00e9 \u010d\u00edslo, kdy\u017e Jenny p\u00ed\u0161e o konspira\u010dn\u00edch m\u00e9di\u00edch a zmi\u0148uje jen jedno) jsem nikdy nic ani jednou nenapsal, nato\u017e abych tam hojn\u011b publikoval. Za posledn\u00ed l\u00e9ta p\u00ed\u0161u do dvou \u010dasopis\u016f o pivu, pak blogy na iDNES a jist\u011b\u017ee texty pro Institut V\u00e1clava Klause. Ani si nepamatuju, kdy jsem naposled publikoval jinde. Jsem ale r\u00e1d, \u017ee mnoho web\u016f m\u00e9 \u010dl\u00e1nky z iDNES a z IVK n\u00e1sledn\u011b p\u0159ej\u00edm\u00e1. Nej\u010dast\u011bji je to Neviditeln\u00fd pes. Potom tak\u00e9 Prav\u00fd prostor, Eportal, Antimeloun, Prvn\u00ed zpr\u00e1vy plus dal\u0161\u00edch asi 15 titul\u016f. Zjist\u00edm to z vyhledava\u010de, kam ob\u010das n\u00e1zev sv\u00e9ho nov\u00e9ho \u010dl\u00e1nku je\u0161itn\u011b zad\u00e1m, abych vid\u011bl, kdo v\u0161echno m\u011b \u010dte. Mezi nimi u\u017e byl i Protiproud, ale ne \u010dast\u011bji, ne\u017eli p\u00e1rkr\u00e1t do roka. V\u016fbec se od Protiproudu nedistancuji, \u010dtu ho r\u00e1d, jen se sna\u017e\u00edm Jenny vysv\u011btlit, jak to s texty na internetu chod\u00ed. Jeden \u010di dva m\u00e9 texty p\u0159ebralo i jej\u00ed F\u00f3rum 24.<\/p>\n<p>Ostatn\u011b za autora publikuj\u00edc\u00edho na Protiproudu m\u011b ozna\u010duj\u00ed mnoz\u00ed novin\u00e1\u0159i hlavn\u00edho proudu v p\u0159edstav\u011b, \u017ee m\u011b t\u00edm n\u011bjak shod\u00ed. Tuhle t\u0159eba Jandourek. Nijak mi to nevad\u00ed, jen mi p\u0159ijde z\u00e1bavn\u00e9, jak tihle lid\u00e9 patrn\u011b ne\u010dtou nic jin\u00e9ho, proto\u017ee na m\u00e9 \u010dl\u00e1nky reaguj\u00ed jen a\u017e pot\u00e9, kdy vyjde zrovna v Protiproudu. Tenhle zdroj sice nen\u00e1vid\u00ed, ale jsou s n\u00edm srostl\u00ed a nemohou bez n\u011bj \u017e\u00edt. Jinak by si p\u0159ece v\u0161imli, \u017ee doty\u010dn\u00fd m\u016fj \u010dl\u00e1nek u\u017e n\u011bkolik dn\u016f vis\u00ed na iDNES, na Neviditeln\u00e9m psu a \u0159ad\u011b dal\u0161\u00edch web\u016f. L\u00e1ska holt m\u00edv\u00e1 r\u016fzn\u00e9 podoby.<\/p>\n<p>Ozval se i Bohou\u0161 Pe\u010dinka z Reflexu. \u017de pr\u00fd jsem u\u017eite\u010dn\u00fd idiot. On to byl v\u016fbec v\u017edy takov\u00fd mil\u00fd a hodn\u00fd kluk. Dokonce i na pivo jsme n\u011bkdy za\u0161li. A u\u017e tedy, p\u0159ed n\u011bjak\u00fdmi 25 lety, jsme se dohodli, \u017ee on bude cel\u00fd \u017eivot ps\u00e1t o mn\u011b a j\u00e1 cel\u00fd \u017eivot o n\u011bm nikdy nenap\u00ed\u0161u. Jsem r\u00e1d, \u017ee to dr\u017e\u00ed.<\/p>\n<p>Mezi \u00e1riemi se ozval i jeden \u0161t\u011bk. Ale to u velk\u00fdch divadeln\u00edch kus\u016f b\u00fdv\u00e1, i za\u010d\u00ednaj\u00edc\u00ed herci musej\u00ed dostat n\u011bjak\u00e9 role. \u0160t\u011bk vypustil hl\u00eddac\u00ed pejsek. Na hl\u00eddac\u00edho pejska v\u0161ech ostatn\u00edch m\u00e9di se pasoval Ond\u0159ej Neuman. Ten mne ozna\u010dil za jednoho z dal\u0161\u00edch \u010dlen\u016f os\u00e1dky trojsk\u00e9ho kon\u011b. Aha. Co m\u00e1 b\u00fdt onou Tr\u00f3jou? N\u00e1\u0161 medi\u00e1ln\u00ed sv\u011bt, asi. Do n\u011bj \u017e\u00e1dn\u00ed ciz\u00ed Hel\u00e9ni p\u0159ece nepat\u0159\u00ed. Hl\u00eddac\u00ed psi se\u0161t\u011bkaj\u00ed ka\u017ed\u00e9ho, kdo by do bran jen nakoukl. A jsou bedliv\u00ed, vy\u010denichaj\u00ed vet\u0159elce i v d\u0159ev\u011bn\u00e9m \u00fakrytu.<\/p>\n<p>A co vlastn\u011b proti mn\u011b hl\u00eddac\u00ed pejsek m\u00e1? Vzpom\u00edn\u00e1 na na\u0161e spole\u010dn\u00e9 p\u016fsoben\u00ed v LN, kde jsem d\u011blal vedouc\u00edho zpravodajstv\u00ed a on se u\u010dil ps\u00e1t cel\u00e9 v\u011bty. P\u00ed\u0161e o mn\u011b, \u017ee m\u00e9 \u201en\u00e1zorov\u00e9 konstrukce byly v\u017edy nepr\u016fst\u0159eln\u011b vyargumentovan\u00e9. S jedn\u00edm \u2013 bohu\u017eel z\u00e1sadn\u00edm nedostatkem. Samotn\u00fd z\u00e1klad byl \u010dasto \u00fapln\u011b mimo.\u201c Jak spr\u00e1vn\u011b tu\u0161\u00edte, hl\u00eddac\u00ed pejsek ani ne\u0161t\u011bkne, jak\u00fd z\u00e1klad a v \u010dem mimo. Ani jeden p\u0159\u00edklad. Ostatn\u011b nic takov\u00e9ho mi ne\u0159ekl ani tehdy v LN. Mo\u017en\u00e1 proto, \u017ee \u017e\u00e1dn\u00e9 sv\u00e9 n\u00e1zorov\u00e9 konstrukce s\u00e1m nikdy nem\u011bl, nebo\u0165 byl pohlcen \u00fasil\u00edm trefit se po del\u0161\u00ed poledn\u00ed pauze do spr\u00e1vn\u00e9 kl\u00e1vesy. Nebo se b\u00e1l, \u017ee mu sraz\u00edm pr\u00e9mie?<\/p>\n<p>To se b\u00e1l zbyte\u010dn\u011b. Mn\u011b nevad\u00ed jin\u00e9 n\u00e1zory. Jejich nositel\u00e9 (a m\u00ed kritici) mohou m\u00edt klidn\u011b n\u011bkdy i pravdu. Hlavn\u011b kdyby v\u016fbec n\u011bjak\u00e9 n\u00e1zory m\u011bli a st\u00e1li si za nimi. Jen\u017ee oni si vysta\u010d\u00ed lhan\u00edm, ur\u00e1\u017ekami, pomluvami a n\u00e1lepkami. Pro\u010d? Proto\u017ee to k \u017e\u00e1nru Lkan\u00ed kysel\u00fdch ksicht\u016f holt pat\u0159\u00ed.<\/p>\n<\/div>\n<p><a href=\"https:\/\/jakl.blog.idnes.cz\/blog.aspx?c=708406\">Zdroj<\/a><\/p>\n","protected":false},"excerpt":{"rendered":"<p>Zmu\u010deni a ztr\u00e1peni zpr\u00e1vou o m\u00e9m zvolen\u00ed \u010dlenem Rady pro rozhlasov\u00e9 a televizn\u00ed vys\u00edl\u00e1n\u00ed dr\u00e1saj\u00ed si mnoz\u00ed \u201edemokrat\u00e9\u201c hru\u010f a vyd\u00e1vaj\u00ed vzlyky a\u017e ke klenb\u011b nebesk\u00e9. A od n\u00ed se ho\u0159ekov\u00e1n\u00ed vrac\u00ed na zem u\u017e dva t\u00fddny.<\/p>\n","protected":false},"author":1,"featured_media":0,"comment_status":"open","ping_status":"open","sticky":false,"template":"","format":"standard","meta":{"ngg_post_thumbnail":0,"footnotes":""},"categories":[6,10],"tags":[],"class_list":["post-10054","post","type-post","status-publish","format-standard","hentry","category-co-jsem-nerekl","category-zlehka"],"_links":{"self":[{"href":"https:\/\/www.ladislavjakl.cz\/index.php?rest_route=\/wp\/v2\/posts\/10054","targetHints":{"allow":["GET"]}}],"collection":[{"href":"https:\/\/www.ladislavjakl.cz\/index.php?rest_route=\/wp\/v2\/posts"}],"about":[{"href":"https:\/\/www.ladislavjakl.cz\/index.php?rest_route=\/wp\/v2\/types\/post"}],"author":[{"embeddable":true,"href":"https:\/\/www.ladislavjakl.cz\/index.php?rest_route=\/wp\/v2\/users\/1"}],"replies":[{"embeddable":true,"href":"https:\/\/www.ladislavjakl.cz\/index.php?rest_route=%2Fwp%2Fv2%2Fcomments&post=10054"}],"version-history":[{"count":1,"href":"https:\/\/www.ladislavjakl.cz\/index.php?rest_route=\/wp\/v2\/posts\/10054\/revisions"}],"predecessor-version":[{"id":10055,"href":"https:\/\/www.ladislavjakl.cz\/index.php?rest_route=\/wp\/v2\/posts\/10054\/revisions\/10055"}],"wp:attachment":[{"href":"https:\/\/www.ladislavjakl.cz\/index.php?rest_route=%2Fwp%2Fv2%2Fmedia&parent=10054"}],"wp:term":[{"taxonomy":"category","embeddable":true,"href":"https:\/\/www.ladislavjakl.cz\/index.php?rest_route=%2Fwp%2Fv2%2Fcategories&post=10054"},{"taxonomy":"post_tag","embeddable":true,"href":"https:\/\/www.ladislavjakl.cz\/index.php?rest_route=%2Fwp%2Fv2%2Ftags&post=10054"}],"curies":[{"name":"wp","href":"https:\/\/api.w.org\/{rel}","templated":true}]}}