{"id":10060,"date":"2019-04-18T10:28:14","date_gmt":"2019-04-18T08:28:14","guid":{"rendered":"http:\/\/www.ladislavjakl.cz\/?p=10060"},"modified":"2019-04-18T10:28:14","modified_gmt":"2019-04-18T08:28:14","slug":"probruselsti-aktiviste-si-stezuji-na-zvoleni-jakla-uz-vyhrozuji-stavkami-v-ulicich-pokud-budou-i-nadale-voleni-podle-nich-nevhodni-kandidati","status":"publish","type":"post","link":"https:\/\/www.ladislavjakl.cz\/?p=10060","title":{"rendered":"Probrusel\u0161t\u00ed aktivist\u00e9 si st\u011b\u017euj\u00ed na zvolen\u00ed Jakla. U\u017e vyhro\u017euj\u00ed st\u00e1vkami v ulic\u00edch, pokud budou i nad\u00e1le voleni podle nich nevhodn\u00ed kandid\u00e1ti."},"content":{"rendered":"<p>Hnut\u00ed SPD nominovalo Ladislava Jakla, poradce b\u00fdval\u00e9ho prezidenta V\u00e1clava Klause, do Rady pro rozhlasov\u00e9 a televizn\u00ed vys\u00edl\u00e1n\u00ed (RRTV). N\u00e1sledn\u011b ho poslanci v tajn\u00e9m hlasov\u00e1n\u00ed zvolili. To vyvolalo vlnu kritiky z \u0159ad opozice.<\/p>\n<p><!--more--><\/p>\n<p>Nejhlasit\u011bj\u0161\u00edm kritikem je skupina Milion chvilek pro demokracii. Mikul\u00e1\u0161 Min\u00e1\u0159, kter\u00fd vystupuje jm\u00e9nem skupiny Milion chvilek pro demokracii, k jmenov\u00e1n\u00ed J\u00e1kla do RRTV takto: \u201e<em>Ladislav Jakl je zn\u00e1m jako spoluautor Klausovy amnestie, ale tak\u00e9 jako \u010dlov\u011bk, kter\u00fd otev\u0159en\u011b podporuje zru\u0161en\u00ed ve\u0159ejnopr\u00e1vn\u00edch m\u00e9di\u00ed. Je to hanebnost, proti kter\u00e9 se slu\u0161\u00ed protestovat.<\/em>\u201e<\/p>\n<p>\u201eProti st\u00e1vaj\u00edc\u00ed podob\u011b ve\u0159ejnopr\u00e1vn\u00edch m\u00e9di\u00ed lze m\u00edt v\u00fdhrady,\u201c tvrd\u00ed Min\u00e1\u0159. \u201eJist\u00e9 je v\u0161ak to, \u017ee nesm\u00edme dopustit, aby se stala provl\u00e1dn\u00ed hl\u00e1snou troubou \u010di naprosto bezzubou idylkou, v n\u00ed\u017e nen\u00ed pro kritiku n\u011bkter\u00fdch politik\u016f m\u00edsto,\u201c dod\u00e1v\u00e1 z\u00e1stupce iniciativy.<\/p>\n<p>I kdy\u017e volba Jakla do RRTV byla tajn\u00e1, pravd\u011bpodobn\u011b ho volila SPD a ANO. Zaj\u00edmavost\u00ed je, \u017ee na hlasov\u00e1n\u00ed dorazil i Klaus ml. To dohromady d\u00e1v\u00e1 p\u0159es 88 hlas\u016f.<\/p>\n<p><a href=\"http:\/\/megazine.cz\/2019\/04\/probruselsti-aktiviste-si-stezuji-na-zvolenji-jakla-uz-vyhrozuji-stavkami-v-ulicich-pokud-budou-i-nadale-voleni-podle-nich-nevhodni-kandidati\/\">Zdroj<\/a><\/p>\n","protected":false},"excerpt":{"rendered":"<p>Hnut\u00ed SPD nominovalo Ladislava Jakla, poradce b\u00fdval\u00e9ho prezidenta V\u00e1clava Klause, do Rady pro rozhlasov\u00e9 a televizn\u00ed vys\u00edl\u00e1n\u00ed (RRTV). N\u00e1sledn\u011b ho poslanci v tajn\u00e9m hlasov\u00e1n\u00ed zvolili. To vyvolalo vlnu kritiky z \u0159ad opozice.<\/p>\n","protected":false},"author":1,"featured_media":0,"comment_status":"open","ping_status":"open","sticky":false,"template":"","format":"standard","meta":{"ngg_post_thumbnail":0,"footnotes":""},"categories":[11],"tags":[],"class_list":["post-10060","post","type-post","status-publish","format-standard","hentry","category-ozvena"],"_links":{"self":[{"href":"https:\/\/www.ladislavjakl.cz\/index.php?rest_route=\/wp\/v2\/posts\/10060","targetHints":{"allow":["GET"]}}],"collection":[{"href":"https:\/\/www.ladislavjakl.cz\/index.php?rest_route=\/wp\/v2\/posts"}],"about":[{"href":"https:\/\/www.ladislavjakl.cz\/index.php?rest_route=\/wp\/v2\/types\/post"}],"author":[{"embeddable":true,"href":"https:\/\/www.ladislavjakl.cz\/index.php?rest_route=\/wp\/v2\/users\/1"}],"replies":[{"embeddable":true,"href":"https:\/\/www.ladislavjakl.cz\/index.php?rest_route=%2Fwp%2Fv2%2Fcomments&post=10060"}],"version-history":[{"count":1,"href":"https:\/\/www.ladislavjakl.cz\/index.php?rest_route=\/wp\/v2\/posts\/10060\/revisions"}],"predecessor-version":[{"id":10061,"href":"https:\/\/www.ladislavjakl.cz\/index.php?rest_route=\/wp\/v2\/posts\/10060\/revisions\/10061"}],"wp:attachment":[{"href":"https:\/\/www.ladislavjakl.cz\/index.php?rest_route=%2Fwp%2Fv2%2Fmedia&parent=10060"}],"wp:term":[{"taxonomy":"category","embeddable":true,"href":"https:\/\/www.ladislavjakl.cz\/index.php?rest_route=%2Fwp%2Fv2%2Fcategories&post=10060"},{"taxonomy":"post_tag","embeddable":true,"href":"https:\/\/www.ladislavjakl.cz\/index.php?rest_route=%2Fwp%2Fv2%2Ftags&post=10060"}],"curies":[{"name":"wp","href":"https:\/\/api.w.org\/{rel}","templated":true}]}}