{"id":1007,"date":"2011-05-16T12:11:52","date_gmt":"2011-05-16T11:11:52","guid":{"rendered":"http:\/\/www.ladislavjakl.cz\/?p=1007"},"modified":"2011-05-16T12:12:02","modified_gmt":"2011-05-16T11:12:02","slug":"kam-se-jakl-s-hajkem-hrabou-na-komarka-z-mf-dnes","status":"publish","type":"post","link":"https:\/\/www.ladislavjakl.cz\/?p=1007","title":{"rendered":"Kam se Jakl s H\u00e1jkem hrabou na Kom\u00e1rka z MF Dnes!"},"content":{"rendered":"<p>V p\u00e1te\u010dn\u00ed MF Dnes sp\u00e1chal redaktor Martin Kom\u00e1rek  koment\u00e1\u0159, v kter\u00e9m se zab\u00fdv\u00e1\u00a0 my\u0161lenkou, \u017ee si Hrad s m\u00e9dii jen tak   d\u016fmysln\u011b pohr\u00e1v\u00e1, \u017ee mu m\u00e9dia trapn\u011b sk\u00e1\u010dou na \u0161pek\u2026<\/p>\n<p><a name=\"t2\"><\/a><!--more--><\/p>\n<p>\u017de prezidentovi mu\u017ei &#8211;  H\u00e1jek s\u00a0 Jaklem\u00a0 po\u0159\u00e1d  tak  hlasit\u011b  pl\u00e1caj\u00ed\u00a0 &#8211;\u00a0 c\u00edlen\u011b p\u0159eh\u00e1n\u011bj\u00ed &#8211;   provokuj\u00ed, jen  aby upoutali pozornost hloup\u00fdch\u00a0 m\u00e9di\u00ed  a p\u0159ipravili tak  p\u016fdu  pro sv\u00e9ho \u0161\u00e9fa, kter\u00fd potom s otcovskou autoritou r\u00e1zn\u011b  zasahuje  \u2026<\/p>\n<p>Dokonce i to p\u0159ivlastn\u011bn\u00ed si chilsk\u00e9ho protokol\u00e1rn\u00edho p\u00e9ra, \u010di   zpochyb\u0148ov\u00e1n\u00ed existence bin L\u00e1dina pr\u00fd  m\u016f\u017ee b\u00fdt sou\u010d\u00e1st\u00ed t\u00e9hle  rafinovan\u00e9  hry na proslaven\u00ed \u010desk\u00e9ho prezidenta.<\/p>\n<p>No, nev\u00edm!<\/p>\n<p>Tyhle n\u00e1pady  mlad\u00fdho Kom\u00e1rka mi p\u0159ijdou dost sv\u00e9r\u00e1zn\u00e9.\u00a0 Nab\u00edz\u00ed se  ov\u0161em  je\u0161t\u011b jedno dobr\u00e9 &#8211; pozitivn\u00ed\u00a0 vysv\u011btlen\u00ed &#8211;  jestli on ten  Kom\u00e1rek snad nebude  je\u0161t\u011b v\u011bt\u0161\u00ed  mystifik\u00e1tor, ne\u017e   Jakl s H\u00e1jkem  dohromady!<\/p>\n<p><a href=\"http:\/\/josefhavranek.blog.idnes.cz\/c\/190869\/Kam-se-Jakl-s-Hajkem-hrabou-na-Komarka-z-MF-Dnes.html\" target=\"_blank\">Zdroj<\/a><\/p>\n","protected":false},"excerpt":{"rendered":"<p>V p\u00e1te\u010dn\u00ed MF Dnes sp\u00e1chal redaktor Martin Kom\u00e1rek koment\u00e1\u0159, v kter\u00e9m se zab\u00fdv\u00e1\u00a0 my\u0161lenkou, \u017ee si Hrad s m\u00e9dii jen tak d\u016fmysln\u011b pohr\u00e1v\u00e1, \u017ee mu m\u00e9dia trapn\u011b sk\u00e1\u010dou na \u0161pek\u2026<\/p>\n","protected":false},"author":1,"featured_media":0,"comment_status":"open","ping_status":"open","sticky":false,"template":"","format":"standard","meta":{"ngg_post_thumbnail":0,"footnotes":""},"categories":[11],"tags":[],"class_list":["post-1007","post","type-post","status-publish","format-standard","hentry","category-ozvena"],"_links":{"self":[{"href":"https:\/\/www.ladislavjakl.cz\/index.php?rest_route=\/wp\/v2\/posts\/1007","targetHints":{"allow":["GET"]}}],"collection":[{"href":"https:\/\/www.ladislavjakl.cz\/index.php?rest_route=\/wp\/v2\/posts"}],"about":[{"href":"https:\/\/www.ladislavjakl.cz\/index.php?rest_route=\/wp\/v2\/types\/post"}],"author":[{"embeddable":true,"href":"https:\/\/www.ladislavjakl.cz\/index.php?rest_route=\/wp\/v2\/users\/1"}],"replies":[{"embeddable":true,"href":"https:\/\/www.ladislavjakl.cz\/index.php?rest_route=%2Fwp%2Fv2%2Fcomments&post=1007"}],"version-history":[{"count":2,"href":"https:\/\/www.ladislavjakl.cz\/index.php?rest_route=\/wp\/v2\/posts\/1007\/revisions"}],"predecessor-version":[{"id":1009,"href":"https:\/\/www.ladislavjakl.cz\/index.php?rest_route=\/wp\/v2\/posts\/1007\/revisions\/1009"}],"wp:attachment":[{"href":"https:\/\/www.ladislavjakl.cz\/index.php?rest_route=%2Fwp%2Fv2%2Fmedia&parent=1007"}],"wp:term":[{"taxonomy":"category","embeddable":true,"href":"https:\/\/www.ladislavjakl.cz\/index.php?rest_route=%2Fwp%2Fv2%2Fcategories&post=1007"},{"taxonomy":"post_tag","embeddable":true,"href":"https:\/\/www.ladislavjakl.cz\/index.php?rest_route=%2Fwp%2Fv2%2Ftags&post=1007"}],"curies":[{"name":"wp","href":"https:\/\/api.w.org\/{rel}","templated":true}]}}