{"id":10087,"date":"2019-05-07T09:26:03","date_gmt":"2019-05-07T07:26:03","guid":{"rendered":"http:\/\/www.ladislavjakl.cz\/?p=10087"},"modified":"2019-05-07T09:26:03","modified_gmt":"2019-05-07T07:26:03","slug":"statem-zrizena-media-povazuji-za-projev-socialismu-v-rrtv-zmuzu-ale-velmi-malo-rika-jakl","status":"publish","type":"post","link":"https:\/\/www.ladislavjakl.cz\/?p=10087","title":{"rendered":"St\u00e1tem z\u0159\u00edzen\u00e1 m\u00e9dia pova\u017euji za projev socialismu, v RRTV zm\u016f\u017eu ale velmi m\u00e1lo, \u0159\u00edk\u00e1 Jakl"},"content":{"rendered":"<p class=\"perex\">Zvolen\u00ed Ladislava Jakla do RRTV, kam ho nominovala strana SPD \u2013&nbsp;Tomio Okamura, vyvolalo zna\u010dn\u00fd rozruch a vedlo i ke spor\u016fm ve vl\u00e1dnouc\u00ed koalici. \u201eN\u011bkte\u0159\u00ed lid\u00e9 si mysl\u00ed, \u017ee demokracie je to, kdy\u017e v\u00edt\u011bz\u00ed oni,\u201c \u0159\u00edk\u00e1 k reakc\u00edm Ladislav Jakl v rozhovoru pro Echo24. Spolupracovn\u00edk b\u00fdval\u00e9ho prezidenta V\u00e1clava Klause m\u00e1 dlouhodob\u011b siln\u00e9 n\u00e1zory v\u016f\u010di ve\u0159ejnopr\u00e1vn\u00edm medi\u00edm. \u201ePokud mi vad\u00ed socialismus jinde, tak mi vad\u00ed i tady,\u201c \u0159\u00edk\u00e1. P\u0159esto dod\u00e1v\u00e1, \u017ee v rad\u011b mnoho nezm\u016f\u017ee. Jakl z\u00e1rove\u0148 nevylou\u010dil spolupr\u00e1ci se vznikaj\u00edc\u00edm politick\u00fdm subjektem V\u00e1clava Klause mlad\u0161\u00edho.<\/p>\n<p><!--more--><\/p>\n<p class=\"question\"><strong>Va\u0161e zvolen\u00ed do Rady pro rozhlasov\u00e9 a televizn\u00ed vys\u00edl\u00e1n\u00ed vyvolalo poprask. Jak jste to sn\u00e1\u0161el? Lichotilo v\u00e1m to, nebo to bylo sp\u00ed\u0161e nep\u0159\u00edjemn\u00e9?<\/strong><\/p>\n<p>Up\u0159\u00edmn\u011b \u0159e\u010deno jsem ten poprask o\u010dek\u00e1val d\u0159\u00edve, u\u017e kdy\u017e se moje jm\u00e9no jako kandid\u00e1ta objevilo. Za\u017eil jsem to u\u017e v l\u00e9t\u011b. Ta hlavn\u00ed vlna p\u0159i\u0161la a\u017e v moment\u011b m\u00e9ho zvolen\u00ed. P\u0159i\u010d\u00edt\u00e1m to tomu, \u017ee ani ti, kte\u0159\u00ed z m\u00e9ho jm\u00e9na omdl\u00e9vaj\u00ed, tak m\u00e9mu zvolen\u00ed nev\u011b\u0159ili. Kdy\u017e jsem tuhle nab\u00eddku dostal, s vysokou pravd\u011bpodobnost\u00ed jsem nepo\u010d\u00edtal, \u017ee by se to mohlo pov\u00e9st. K\u00fdvl jsem na ni pr\u00e1v\u011b z d\u016fvodu vzbudit n\u011bjak\u00e9 reakce a ohlasy. Umo\u017en\u00ed mi to hlasit\u011bji \u0159\u00edkat n\u011bkter\u00e9 v\u011bci, kter\u00e9 \u0159\u00edk\u00e1m po\u0159\u00e1d. Poprask m\u011b tak nep\u0159ekvapil.<\/p>\n<p><strong>Kritici vy\u010d\u00edtaj\u00ed hlasovac\u00ed koalici ANO a SPD\u2026<\/strong><\/p>\n<p>Doty\u010dn\u00ed, kte\u0159\u00ed na mou volbu reagovali, tak si to zkr\u00e1tka \u0161patn\u011b spo\u010d\u00edtali. Ona se&nbsp;tajn\u00e1 volba&nbsp;\u0161patn\u011b po\u010d\u00edt\u00e1. Mysl\u00edm si, \u017ee c\u00edlem bylo nezvolit nikoho, jako tomu bylo mnohokr\u00e1t p\u0159ed t\u00edm, a po\u010dkat si na dal\u0161\u00ed nominace. Kdy\u017e se pt\u00e1te na ty kluby, tak my to nev\u00edme, kdo a jak hlasoval. Ka\u017edop\u00e1dn\u011b z prvn\u00edho kola bylo evidentn\u00ed, \u017ee pokud pro m\u011b hlasovali v\u0161ichni, nebo skoro v\u0161ichni z t\u00e9 navrhuj\u00edc\u00ed strany, tak \u017e\u00e1dn\u00fd z dal\u0161\u00edch klubu nemohl b\u00fdt kompletn\u00ed. V\u00edm o podpo\u0159e z n\u011bkolika stran, p\u0159esto\u017ee se t\u00edm tolik nechlub\u00ed. Sv\u00fdm zp\u016fsobem to byla&nbsp;takov\u00e1 studie \u2013&nbsp;echolokace \u2013&nbsp;vypustit sign\u00e1l a koukat, co to s tou spole\u010dnost\u00ed ud\u011bl\u00e1 a co ta zp\u011btn\u00e1 vlna vypov\u00edd\u00e1 o tom ter\u00e9nu. Ur\u010dit\u011b je to pou\u010dn\u00e9. N\u011bkte\u0159\u00ed lid\u00e9 si mysl\u00ed, \u017ee demokracie je to, kdy\u017e v\u00edt\u011bz\u00ed oni.<\/p>\n<p class=\"question\"><strong>Nevad\u00ed v\u00e1m b\u00fdt dlouhodob\u011b spojov\u00e1n s SPD?<\/strong><\/p>\n<p>Na podobn\u00e9 ot\u00e1zky jsem odpov\u00eddal kolem sv\u00e9 sen\u00e1tn\u00ed kampan\u011b \u2013&nbsp;nevad\u00ed. Ka\u017ed\u00e1 doba m\u00e1 sv\u00e9 r\u016fzn\u00e9 priority a hierarchii t\u00e9mat podle jejich z\u00e1va\u017enosti a pro m\u011b osobn\u011b t\u00e9mata evropsk\u00e9 integrace a migrace jsou \u00fapln\u011b z\u00e1sadn\u00ed, nejenom politicky, ale i civiliza\u010dn\u011b a kulturn\u011b. Na politick\u00e9 map\u011b&nbsp;nevid\u00edm jinou s\u00edlu, kter\u00e1 by m\u011bla z\u00e1jem tyhle t\u00e9mata aktivn\u011b \u0159e\u0161it.&nbsp;\u017de se v n\u011bkter\u00fdch t\u00e9matech li\u0161\u00edme, nevad\u00ed ani mn\u011b&nbsp;ani navrhovatel\u016fm. Kdy\u017e se jedn\u00e1 o d\u016fle\u017eit\u00e9 v\u011bci, tak se nem\u00e1me rozd\u011blovat v\u011bcmi, o kter\u00e9&nbsp;se te\u010f nehraje. V\u016fbec to neznamen\u00e1, \u017ee bych m\u011bl s\u00e1m sebe cenzurovat nebo obru\u0161ovat v t\u00e9matech.&nbsp;<\/p>\n<p class=\"question\"><strong>Chyst\u00e1te se spolupracovat s politick\u00fdm subjektem V\u00e1clava Klause mlad\u0161\u00edho?<\/strong><\/p>\n<p>J\u00e1 jsem zat\u00edm \u017e\u00e1dnou nab\u00eddku v tomhle smyslu nedostal. Sleduji to, ale nic nepl\u00e1nuji. Nepl\u00e1nuji te\u010f \u017e\u00e1dnou politickou aktivitu, ta je mi te\u010f dokonce zapov\u011bzena, ale n\u011bjak\u00fdm \u00favah\u00e1m o m\u00e9m politick\u00e9m anga\u017em\u00e1 se nebr\u00e1n\u00edm a ani si nemysl\u00edm, \u017ee mus\u00edm \u010dekat cel\u00e9 volebn\u00ed obdob\u00ed, pokud se rozhodnu, \u017ee je zase jin\u00e1 fronta, na kter\u00e9 je pot\u0159eba bojovat.&nbsp;<\/p>\n<p class=\"question\"><strong>Politick\u00fd subjekt V\u00e1clava Klause by v\u00e1m ale mohl b\u00fdt n\u00e1zorov\u011b i lidsky bl\u00edzk\u00fd, nem\u00fdl\u00edm&nbsp;se?<\/strong><\/p>\n<p>J\u00e1 vlastn\u011b o n\u011bm nic nev\u00edm, ale lidsky ur\u010dit\u011b a p\u0159edpokl\u00e1d\u00e1m, \u017ee i politicky. S\u00e1m to budu se z\u00e1jmem sledovat.&nbsp;<\/p>\n<p class=\"question\"><strong>Chyst\u00e1te se b\u00fdt aktivn\u00edm \u010dlenem RRTV? &nbsp;<\/strong><\/p>\n<p>To se samoz\u0159ejm\u011b chyst\u00e1m, kdy\u017e m\u00e1m tu p\u0159\u00edle\u017eitost n\u011bjak v medi\u00e1ln\u00ed politice fungovat. Faktem je, \u017ee za dobu, kdy\u017e jsem tam p\u016fsobil za \u00fasvitu medi\u00e1ln\u00edch d\u011bjin na za\u010d\u00e1tku 90. let, tak se hodn\u011b zm\u011bnilo. Zaprv\u00e9 se nerozd\u00e1vaj\u00ed obrovsk\u00e9 historick\u00e9 licence. Za druh\u00e9 se mnoh\u00fdmi z\u00e1konn\u00fdmi \u00fapravami&nbsp;prostory pro instituce tohoto typu hodn\u011b z\u00fa\u017eily. Jde o instituci, kter\u00e1 je do zna\u010dn\u00e9 m\u00edry instituc\u00ed spr\u00e1vn\u00ed, \u010d\u00edm\u017e podle m\u011b vznik\u00e1 probl\u00e9m, proto\u017ee m\u00e1 n\u011bco objektivn\u011b zm\u011b\u0159it, zv\u00e1\u017eit a rozsoudit, tak by se tam podle m\u011b nem\u011blo volit.<\/p>\n<p>Jestli se tam vol\u00ed, tak proto, aby tam ti lid\u00e9 prezentovali n\u011bjak\u00e9 pohledy a n\u00e1zory. Ot\u00e1zkou je, do jak\u00e9 m\u00edry to v\u016fbec bude mo\u017en\u00e9. \u00da\u010dastnil jsem se zat\u00edm jedin\u00e9ho zased\u00e1n\u00ed rady a je mi jasn\u00e9, \u017ee se na ty dal\u0161\u00ed budu muset daleko pozorn\u011bji p\u0159ipravovat.&nbsp;Spadl jsem do toho bez pov\u011bdom\u00ed, jak to tam dnes chod\u00ed. Ale rozhodn\u011b se tam budu sna\u017eit b\u00fdt k n\u011b\u010demu platn\u00fd.&nbsp;<\/p>\n<p class=\"question\"><strong>M\u00e1te pocit, \u017ee v ned\u00e1vn\u00e9 dob\u011b&nbsp;m\u011bla rada n\u011bkde zasahovat a ne\u010dinila tak?<\/strong><\/p>\n<p>Nechci jmenovat konkr\u00e9tn\u00ed p\u0159\u00edpady. Pravdou je, \u017ee nejenom u ve\u0159ejnopr\u00e1vn\u00edch instituc\u00ed, ale i u jin\u00fdch velk\u00fdch m\u00e9di\u00edch, vykazovala za ta dlouh\u00e1 l\u00e9ta i tato rada n\u011bkdy a\u017e nadstandardn\u00ed m\u00edru pochopen\u00ed pro&nbsp;rozhoduj\u00edc\u00ed hr\u00e1\u010de. U\u017e na za\u010d\u00e1tku devades\u00e1t\u00fdch let jsem si v\u0161iml, a potvrdilo se mi to i v t\u011bch dal\u0161\u00edch dek\u00e1d\u00e1ch,&nbsp;\u017ee se vytvo\u0159il nov\u00fd \u017eivo\u010dich \u2013&nbsp;n\u011bco jako medi\u00e1ln\u00ed odborn\u00edk \u2013&nbsp;se sv\u00fdm jazykem, sv\u00fdm argumenta\u010dn\u00edm z\u00e1zem\u00edm a s pokusem o teoretick\u00e9 vybaven\u00ed. Exempl\u00e1\u0159e medi\u00e1ln\u00edho \u017eivo\u010dicha \u010dlov\u011bk takhle r\u016fzn\u011b potk\u00e1val s v\u00fdznamn\u00fdmi hr\u00e1\u010di.<\/p>\n<p>Kdy\u017e chcete porazit pa\u0161\u00edka, tak mu ne\u0159\u00edkejte&nbsp;Jirko. Je to p\u0159\u00ed\u0161ern\u00e9 p\u0159irovn\u00e1n\u00ed, ale kdy\u017e se tam nav\u00e1\u017e\u00ed n\u011bjak\u00e9 osobn\u00ed vztahy, tak u\u017e se pak h\u016f\u0159e hodnot\u00ed p\u0159\u00edpadn\u00fd&nbsp;konflikt se z\u00e1kony. Tento rys spat\u0159uji p\u0159edev\u0161\u00edm u t\u011bch spr\u00e1vn\u00edch rad \u010cesk\u00e9ho rozhlasu a \u010cesk\u00e9 televize, kde si to veden\u00ed v\u017edy velkou \u010d\u00e1st rady ocho\u010dilo. RRTV je p\u0159ece jenom od toho d\u00e1l chodu instituc\u00ed a hodnot\u00ed pouze to, co z nich leze ven, ale i tam jsem tenhle probl\u00e9m spat\u0159oval.<\/p>\n<p class=\"question\"><strong>Sv\u00e9 v\u00fdrazn\u00e9 n\u00e1zory na ve\u0159ejnopr\u00e1vn\u00ed instituce budete v rad\u011b n\u011bjak ventilovat?<\/strong><\/p>\n<p>Jednoduch\u00e1 v\u011bc. J\u00e1 se obecn\u011b d\u00edv\u00e1m n\u011bjak na vztah jednotlivce a er\u00e1ru. Jsem proti nabobtn\u00e1v\u00e1n\u00ed er\u00e1ru, a\u0165 u\u017e jsou jeho podoby v\u0161elijak\u00e9. Je nemo\u017en\u00e9, abych m\u011bl jin\u00fd n\u00e1zor v oblasti m\u00e9di\u00ed. Pokud mi vad\u00ed socialismus jinde, tak mi vad\u00ed i tady. Za projev socialismu pova\u017euji st\u00e1tem z\u0159\u00edzen\u00e1 m\u00e9dia. St\u00e1t podle m\u011b nem\u00e1 va\u0159it pivo, nem\u00e1 p\u00e9ct housky, nem\u00e1 vyr\u00e1b\u011bt auta a nem\u00e1 vys\u00edlat televizn\u00ed a rozhlasov\u00e9 programy. To je m\u016fj obecn\u00fd n\u00e1zor a z kter\u00e9ho se te\u010f n\u011bkdo pla\u0161\u00ed. Tenhle n\u00e1zor bych m\u011bl, i kdyby vys\u00edl\u00e1n\u00ed t\u011bchto instituc\u00ed bylo bezprobl\u00e9mov\u00e9.<\/p>\n<p>V t\u011bchto instituc\u00edch je m\u011bkk\u00e9 prost\u0159ed\u00ed. Obzvl\u00e1\u0161t\u011b pot\u00e9, co si zam\u011bstnanci \u010cT b\u011bhem televiz\u00ed krize na v\u011b\u010dn\u00e9 \u010dasy tu televizi zdru\u017estevnili. V t\u011bch obecn\u00fdch v\u011bcech toho jako \u010dlen RRTV zm\u016f\u017eu jen velmi m\u00e1lo, proto\u017ee jsou to v\u011bci zalo\u017een\u00e9 z\u00e1konem. J\u00e1 si samoz\u0159ejm\u011b sv\u00e9 n\u00e1zory&nbsp;ponech\u00e1m a budu je hl\u00e1sat i nad\u00e1le, ale p\u0159i fungov\u00e1n\u00ed rady m\u016f\u017eu zm\u011bny jen t\u011b\u017eko dos\u00e1hnout. M\u016f\u017eu se&nbsp;jenom pozorn\u011bji&nbsp;d\u00edvat na vys\u00edl\u00e1n\u00ed t\u011bchto instituc\u00ed, nad kterou by n\u011bkdo jinak dr\u017eel ochranou ruku i v p\u0159\u00edpad\u011b evidentn\u00edho p\u0159e\u0161lapu.<\/p>\n<p><a href=\"https:\/\/www.echo24.cz\/a\/SZKBA\/statem-zrizena-media-povazuji-za-projev-socialismu-v-rrtv-zmuzu-ale-velmi-malo-rika-jakl\">Zdroj<\/a><\/p>\n","protected":false},"excerpt":{"rendered":"<p>Zvolen\u00ed Ladislava Jakla do RRTV, kam ho nominovala strana SPD \u2013&nbsp;Tomio Okamura, vyvolalo zna\u010dn\u00fd rozruch a vedlo i ke spor\u016fm ve vl\u00e1dnouc\u00ed koalici. \u201eN\u011bkte\u0159\u00ed lid\u00e9 si mysl\u00ed, \u017ee demokracie je to, kdy\u017e v\u00edt\u011bz\u00ed oni,\u201c \u0159\u00edk\u00e1 k reakc\u00edm Ladislav Jakl v rozhovoru pro Echo24. Spolupracovn\u00edk b\u00fdval\u00e9ho prezidenta V\u00e1clava Klause m\u00e1 dlouhodob\u011b siln\u00e9 n\u00e1zory v\u016f\u010di ve\u0159ejnopr\u00e1vn\u00edm medi\u00edm. [&hellip;]<\/p>\n","protected":false},"author":1,"featured_media":0,"comment_status":"open","ping_status":"open","sticky":false,"template":"","format":"standard","meta":{"ngg_post_thumbnail":0,"footnotes":""},"categories":[13],"tags":[],"class_list":["post-10087","post","type-post","status-publish","format-standard","hentry","category-rozhovory"],"_links":{"self":[{"href":"https:\/\/www.ladislavjakl.cz\/index.php?rest_route=\/wp\/v2\/posts\/10087","targetHints":{"allow":["GET"]}}],"collection":[{"href":"https:\/\/www.ladislavjakl.cz\/index.php?rest_route=\/wp\/v2\/posts"}],"about":[{"href":"https:\/\/www.ladislavjakl.cz\/index.php?rest_route=\/wp\/v2\/types\/post"}],"author":[{"embeddable":true,"href":"https:\/\/www.ladislavjakl.cz\/index.php?rest_route=\/wp\/v2\/users\/1"}],"replies":[{"embeddable":true,"href":"https:\/\/www.ladislavjakl.cz\/index.php?rest_route=%2Fwp%2Fv2%2Fcomments&post=10087"}],"version-history":[{"count":1,"href":"https:\/\/www.ladislavjakl.cz\/index.php?rest_route=\/wp\/v2\/posts\/10087\/revisions"}],"predecessor-version":[{"id":10088,"href":"https:\/\/www.ladislavjakl.cz\/index.php?rest_route=\/wp\/v2\/posts\/10087\/revisions\/10088"}],"wp:attachment":[{"href":"https:\/\/www.ladislavjakl.cz\/index.php?rest_route=%2Fwp%2Fv2%2Fmedia&parent=10087"}],"wp:term":[{"taxonomy":"category","embeddable":true,"href":"https:\/\/www.ladislavjakl.cz\/index.php?rest_route=%2Fwp%2Fv2%2Fcategories&post=10087"},{"taxonomy":"post_tag","embeddable":true,"href":"https:\/\/www.ladislavjakl.cz\/index.php?rest_route=%2Fwp%2Fv2%2Ftags&post=10087"}],"curies":[{"name":"wp","href":"https:\/\/api.w.org\/{rel}","templated":true}]}}