{"id":10096,"date":"2019-05-07T09:32:17","date_gmt":"2019-05-07T07:32:17","guid":{"rendered":"http:\/\/www.ladislavjakl.cz\/?p=10096"},"modified":"2019-05-07T09:32:17","modified_gmt":"2019-05-07T07:32:17","slug":"ivo-mathe-zemanovi-nejde-jen-o-pomstu-ceske-televizi-chce-rozvratit-pravni-system","status":"publish","type":"post","link":"https:\/\/www.ladislavjakl.cz\/?p=10096","title":{"rendered":"Ivo Math\u00e9: Zemanovi nejde jen o pomstu \u010cesk\u00e9 televizi. Chce rozvr\u00e1tit pr\u00e1vn\u00ed syst\u00e9m"},"content":{"rendered":"<div class=\"perex\">Ladislav Jakl projel do vys\u00edlac\u00ed rady jako n\u016f\u017e m\u00e1slem. Douf\u00e1m, \u017ee se ostatn\u00ed strany vzpamatuj\u00ed a o nominac\u00edch se povede z\u00e1sadn\u00ed diskuse, \u0159\u00edk\u00e1 b\u00fdval\u00fd \u0159editel \u010cT a kancl\u00e9\u0159 prezidenta Havla v&nbsp;rozhovoru s&nbsp;Ji\u0159\u00edm Leschtinou.<\/div>\n<p><!--more--><\/p>\n<div id=\"article-content\" class=\"clanek-telo clearfix\" data-ec-list=\"nazory-inlinecontent\" data-vr-zone=\"nazory-inlinecontent\" data-main-content=\"\">\n<p>Byl produk\u010dn\u00edm vele\u00fasp\u011b\u0161n\u00e9ho televizn\u00edho seri\u00e1lu Nemocnice na kraji m\u011bsta. Jako prvn\u00ed \u0159editel ve\u0159ejnopr\u00e1vn\u00ed \u010cesk\u00e9 televize sv\u00e1d\u011bl boje s bossem soukrom\u00e9ho televizn\u00edho byznysu Vladim\u00edrem \u017delezn\u00fdm. Sv\u016fj mana\u017eersk\u00fd rukopis otiskl jak na Hrad, kdy\u017e se stal posledn\u00edm kancl\u00e9\u0159em V\u00e1clava Havla, tak i do \u0161kolstv\u00ed jako rektor Akademie m\u00fazick\u00fdch um\u011bn\u00ed. A\u0165 ji\u017e v\u0161ak&nbsp;<a href=\"https:\/\/nazory.aktualne.cz\/ivo-mathe\/l~i:keyword:96206\/\" type=\"tag\">Ivo Math\u00e9<\/a>&nbsp;p\u016fsobil kdekoliv, nikdy nep\u0159estal vystupovat na obranu ve\u0159ejnopr\u00e1vn\u00edch m\u00e9di\u00ed. Dnes&nbsp;p\u0159edn\u00e1\u0161\u00ed na FAMU a je prezidentem \u010cesk\u00e9 filmov\u00e9 a televizn\u00ed akademie.&nbsp;<\/p>\n<p><strong>P\u0159ed devaten\u00e1cti lety jste v jednom rozhovoru prohl\u00e1sil: Politici by cht\u011bli \u010ceskou televizi ovl\u00e1dat, zejm\u00e9na je tento apetit roz\u0161\u00ed\u0159en v Poslaneck\u00e9 sn\u011bmovn\u011b. Plat\u00ed to dodnes?<\/strong><\/p>\n<p>Ono to platilo od po\u010d\u00e1tku. Kdy\u017e \u010cesk\u00e1 n\u00e1rodn\u00ed rada na podzim roku 1991 schvalovala z\u00e1kony o \u010cesk\u00e9 televizi a \u010cesk\u00e9m rozhlase, tak u\u017e tehdy se tam objevovaly hlasy, ze kter\u00fdch bylo mo\u017eno vy\u010d\u00edst, \u017ee televize m\u00e1 b\u00fdt politik\u016f. V\u0161ak tak\u00e9 uz\u00e1konili, \u017ee medi\u00e1ln\u00ed rady vol\u00ed poslanci. S ka\u017edou novelou z\u00e1kona se pak vazba na parlament zvy\u0161ovala.<\/p>\n<p><strong>V \u010dem hlavn\u011b?<\/strong><\/p>\n<p>Sn\u011bmovna si p\u0159ivlastnila pr\u00e1vo schvalovat v\u00fdro\u010dn\u00ed zpr\u00e1vy \u010cesk\u00e9 televize, pak tak\u00e9 jej\u00ed kodex, kter\u00fd byl ve\u0159ejnou, ale v samotn\u00e9 televizi vyvinutou normou. To v\u0161echno sv\u011bd\u010d\u00ed o tom, jak politici p\u0159itvrzovali a nikdy my\u0161lenku ovl\u00e1dat \u010ceskou televizi neopustili. Oni se c\u00edt\u00ed b\u00fdt akcion\u00e1\u0159i \u010cesk\u00e9 televize. Co\u017e je ov\u0161em hlubok\u00fd omyl. \u010cesk\u00e1 televize je slu\u017ebou ve\u0159ejnosti, a ne poslanc\u016fm.<\/p>\n<p><strong>Politici ale argumentuj\u00ed, \u017ee kdy\u017e vol\u00ed \u010dleny medi\u00e1ln\u00edch rad, tak maj\u00ed za jejich \u010dinnost a pota\u017emo i za ve\u0159ejnopr\u00e1vn\u00ed televizi a rozhlas tak\u00e9 zodpov\u011bdnost. Nezn\u00ed to logicky?<\/strong><\/p>\n<p>To je zaj\u00edmav\u00e9, \u017ee tuhle zodpov\u011bdnost si p\u0159ivlast\u0148uj\u00ed jen v doln\u00ed komo\u0159e. A Sen\u00e1t, tedy p\u016fl parlamentu, z toho \u00fapln\u011b vylu\u010duj\u00ed. V z\u00e1konu o \u010cesk\u00e9 televizi z roku 1991 se v jednom z prvn\u00edch paragraf\u016f \u0159\u00edk\u00e1, \u017ee \u010cesk\u00e1 televize nen\u00ed zodpov\u011bdn\u00e1 za z\u00e1vazky st\u00e1tu a st\u00e1t nen\u00ed zodpov\u011bdn\u00fd za z\u00e1vazky \u010cesk\u00e9 televize. Z toho pramen\u00ed jasn\u011b definovan\u00e1 samostatnost, kterou politici soustavn\u011b naru\u0161uj\u00ed.<\/p>\n<p><strong>Jak se jejich tlak projevoval, kdy\u017e jste byl v&nbsp;90. letech \u0159editelem \u010cesk\u00e9 televize a v \u010dele zem\u011b st\u00e1l premi\u00e9r V\u00e1clav Klaus? Volal v\u00e1m?<\/strong><\/p>\n<p>Tak samoz\u0159ejm\u011b volal a volali jin\u00ed, chodili za mnou. Klaus m\u011bl svou taktiku. V\u011bt\u0161inou za\u010d\u00ednal: J\u00e1 se na televizi ned\u00edv\u00e1m, ale v\u010dera mi \u0159\u00edkal syn nebo man\u017eelka\u2026 A te\u010f n\u00e1sledovalo, co se mu nel\u00edbilo, t\u0159eba \u017ee zpr\u00e1va o tom, jak zahajoval brn\u011bnsk\u00fd veletrh, nebyla na prvn\u00edm, ale a\u017e na des\u00e1t\u00e9m m\u00edst\u011b.<\/p>\n<p><strong>Co jste mu odpov\u00eddal?<\/strong><\/p>\n<p>No, \u017ee to tak prost\u011b je. Tak to posoudil vedouc\u00ed vyd\u00e1n\u00ed podle d\u016fle\u017eitosti. A t\u00edm to pro mne kon\u010d\u00ed. Klaus se je\u0161t\u011b chv\u00edli hn\u011bval a pak zav\u011bsil. A v\u016fbec mu nedoch\u00e1zelo, \u017ee do toho nem\u00e1 co mluvit. On je jeden z t\u011bch politik\u016f, kte\u0159\u00ed nikdy nepochopili smysl ve\u0159ejnopr\u00e1vn\u00edho vys\u00edl\u00e1n\u00ed. Tihle lid\u00e9 by r\u00e1di vid\u011bli elektronick\u00e1 m\u00e9dia bu\u010f jako st\u00e1tn\u00ed, tedy v moci vl\u00e1dy, nebo soukrom\u00e1, kter\u00e1 maj\u00ed vyd\u011bl\u00e1vat pen\u00edze a ml\u010det.<\/p>\n<p><strong>Soukrom\u00e1 m\u00e9dia, zvl\u00e1\u0161t\u011b televize Nova Vladim\u00edra \u017delezn\u00e9ho, ale m\u011bla vztah s vl\u00e1dnouc\u00ed garniturou o dost v\u0159elej\u0161\u00ed.<\/strong><\/p>\n<p>\u017delezn\u00fd politik\u016fm v t\u00e9to zemi uk\u00e1zal, jak\u00e9 obrovsk\u00e9 mo\u017enosti se skr\u00fdvaj\u00ed v medi\u00e1ln\u00ed moci, kterou si postupn\u011b vytvo\u0159il. A ka\u017ed\u00fd t\u00fdden na n\u00ed pracoval ve sv\u00e9m po\u0159adu Volejte \u0159editeli. Do t\u00e9 doby mysl\u00edm politici netu\u0161ili, jakou s\u00edlu ovlivn\u011bn\u00ed m\u016f\u017ee m\u00edt televize. \u017delezn\u00fd jim taky uk\u00e1zal s\u00edlu obchodov\u00e1n\u00ed s informacemi. To v\u0161echno politiky utvrzovalo v jejich touze podmanit si ve\u0159ejnopr\u00e1vn\u00ed m\u00e9dia.<\/p>\n<p><strong>Jak\u00e9 obchodov\u00e1n\u00ed s informacemi m\u00e1te na mysli?<\/strong><\/p>\n<p>P\u0159\u00edpady, kdy priv\u00e1tn\u00ed m\u00e9dia neodvys\u00edlaj\u00ed v\u0161echno, co o n\u011bjak\u00e9 kauze v\u011bd\u00ed. A za to dostanou p\u0159\u00edslu\u0161n\u00e9 benefity, p\u0159\u00edstup k exkluzivn\u00edm informac\u00edm, konkr\u00e9tn\u00edm lidem. V\u00edte, symbi\u00f3za politik\u016f se soukrom\u00fdmi m\u00e9dii m\u00e1 po\u010d\u00e1tek v ud\u011blov\u00e1n\u00ed licenc\u00ed v roce 1993. Tehdy rada v ne\u00fapln\u00e9m slo\u017een\u00ed \u0161esti lid\u00ed b\u011bhem jednoho m\u011bs\u00edce ud\u011blila televizi Nova licenci \u00fapln\u011b zadarmo. Nad t\u00edm se nikdo nepozastavuje ani v \u010dasech, kdy soudn\u011b p\u0159ezkoum\u00e1v\u00e1me privatizaci OKD. Pololeg\u00e1ln\u00ed rozd\u00e1v\u00e1n\u00ed licenc\u00ed p\u0159edur\u010dilo vztah politik\u016f a soukrom\u00fdch m\u00e9di\u00ed. Majitel\u00e9 soukrom\u00fdch stanic byli politik\u016fm zav\u00e1z\u00e1ni a kontaminovali medi\u00e1ln\u00ed prost\u0159ed\u00ed, do n\u011bho\u017e vnesli v\u00edc \u0161p\u00edny ne\u017e hygieny.<\/p>\n<p><strong>Jak v\u00e1m rozjezd Novy zkomplikoval pr\u00e1ci na Kav\u010d\u00edch hor\u00e1ch?<\/strong><\/p>\n<p>Nesm\u00edrn\u011b. \u010cesk\u00e1 televize fungovala na trhu sama zhruba rok. A to bylo pova\u017eov\u00e1no za nebezpe\u010d\u00ed demokracie. V Poslaneck\u00e9 sn\u011bmovn\u011b panoval mezi politiky naprosto p\u0159esv\u011bd\u010div\u00fd n\u00e1zor, \u017ee opravdov\u00e1 kvalita vys\u00edl\u00e1n\u00ed p\u0159ijde teprve se soukrom\u00fdmi vlastn\u00edky. Proto tak rychle a komfortn\u011b vznikla Nova. Za podm\u00ednek, kter\u00e9 nem\u011bl p\u0159i rozjezdu \u017e\u00e1dn\u00fd vys\u00edlatel v Evrop\u011b. Dostala do v\u00ednku nejlep\u0161\u00ed sadu frekvenc\u00ed. P\u0159et\u00e1hla v\u0161echny d\u016fle\u017eit\u00e9 lidi z \u010cesk\u00e9 televize. Od vrcholn\u00fdch mana\u017eer\u016f p\u0159es techniky a redaktory. A za\u010dala se chovat velmi drsn\u011b.<\/p>\n<p><strong>Jak jste se br\u00e1nil n\u00e1jezd\u016fm soukrom\u00e9 konkurence?<\/strong><\/p>\n<p>Z mnoha pohled\u016f, a to i n\u011bkter\u00fdch m\u00fdch koleg\u016f, byl m\u016fj p\u0159\u00edstup naivn\u00ed. Trval jsem na tom, \u017ee mus\u00edme za ka\u017edou cenu z\u016fstat korektn\u00edm nadstranick\u00fdm m\u00e9diem. Nenechat se strhnout do p\u0159\u00edm\u00e9 konfrontace a\u0165 u\u017e s politiky, nebo soukrom\u00fdm m\u00e9diem. P\u0159esto jsem se n\u011bkolika n\u00e1zorov\u00fdm v\u00fdm\u011bn\u00e1m s Vladim\u00edrem \u017delezn\u00fdm nevyhnul.<\/p>\n<p><strong>Kde jste se st\u0159et\u00e1vali?<\/strong><\/p>\n<p>Sp\u00ed\u0161 na konferenc\u00edch. Jeho tlaky ale byly zn\u00e1t hlavn\u011b na v\u00fdjezdn\u00edch zased\u00e1n\u00edch parlamentn\u00ed medi\u00e1ln\u00ed komise, na kter\u00e1 poslanci vyr\u00e1\u017eeli do r\u016fzn\u00fdch rekrea\u010dn\u00edch st\u0159edisek. \u017delezn\u00fd v\u017edycky p\u0159ijel o den d\u0159\u00edv, nasliboval jim hory doly, rozdal ty ply\u0161ov\u00e9 psy Nov\u00e1ky, a oni se pak druh\u00fd den do mne pustili, co v\u0161echno d\u011bl\u00e1m \u0161patn\u011b.<\/p>\n<p><strong>V nep\u0159\u00edtele \u010d\u00edslo jedna \u010cesk\u00e9 televize se ale nakonec vyvinul Milo\u0161 Zeman. Jak se to za\u010dalo?<\/strong><\/p>\n<p>Kdy\u017e \u010cesk\u00e1 televize p\u0159i\u0161la na jeho cestu do Bambergu, kde jednal s \u010decho\u0161v\u00fdcarsk\u00fdm podnikatelem Janem V\u00edzkem&nbsp;<em>(takzvan\u00e1 bambersk\u00e1 af\u00e9ra vypukla v roce 1998, pozn. red.)<\/em>. Ten mu nab\u00edzel n\u011bkolik set milion\u016f korun pro stranu a za to po\u017eadoval ministersk\u00e1 k\u0159esla pro sv\u00e9 lidi. Zeman nejd\u0159\u00edv tvrdil, \u017ee s V\u00edzkem po p\u011bti minut\u00e1ch vyrazil dve\u0159e. \u010cesk\u00e1 televize zjistila, \u017ee se s n\u00edm se\u0161el p\u011btkr\u00e1t. Zeman se stra\u0161n\u00fdm zp\u016fsobem zamotal do s\u00e9rie l\u017e\u00ed a fantazi\u00ed. Spr\u00e1vn\u011b si pak u\u017e nem\u011bl v politice ani \u0161krtnout. Ale n\u011bjak to p\u0159e\u017eil, a proto\u017ee to je pomstychtiv\u00fd \u010dlov\u011bk, tohle \u010cesk\u00e9 televizi nezapomene do konce sv\u00fdch dn\u016f.<\/p>\n<p><strong>Mysl\u00edte, \u017ee po tomhle skand\u00e1lu si politici uv\u011bdomili, \u017ee tady vzniklo ve\u0159ejnopr\u00e1vn\u00ed m\u00e9dium, kter\u00e9 jim bude koukat pod prsty?<\/strong><\/p>\n<p>Tehdy se politici utvrdili v tom, \u017ee je pro n\u011b d\u016fle\u017eit\u00e9 m\u00edt Radu \u010cesk\u00e9 televize pod palcem. Za m\u00e9ho p\u016fsoben\u00ed tam bylo dost osobnost\u00ed, n\u00e1zorov\u011b vyhrocen\u00fdch, av\u0161ak korektn\u00edch, a\u010dkoli n\u011bkdy to byli i docela ost\u0159\u00ed ho\u0161i. Do dal\u0161\u00ed rady u\u017e poslanci zvolili sp\u00ed\u0161 nev\u00fdrazn\u00e9, le\u010d stranicky determinovan\u00e9 a nesolidn\u00ed figury.<\/p>\n<p><strong>Ned\u00e1vno Milo\u0161 Zeman p\u0159i\u0161el s pl\u00e1nem na ovl\u00e1dnut\u00ed \u010cesk\u00e9 televize, kdy\u017e vyzval poslance, aby neschv\u00e1lili v\u00fdro\u010dn\u00ed zpr\u00e1vy \u010cT, \u010d\u00edm\u017e by padla rada, vznikla by nov\u00e1, je\u017e by m\u011bla vym\u011bnit \u0159editele. Co \u0159\u00edk\u00e1te na tenhle recept hlavy st\u00e1tu?<\/strong><\/p>\n<p>Je to jen dal\u0161\u00ed kolo Zemanovy soukrom\u00e9 v\u00e1lky proti televizi. Pokra\u010dov\u00e1n\u00ed jeho sedl\u00e1ck\u00fdch metod a provokac\u00ed. Ale ob\u00e1v\u00e1m se, \u017ee prezidentovi u\u017e jde o v\u00edc ne\u017e jen o pomstu \u010cesk\u00e9 televizi. Zapad\u00e1 to do Zemanovy rozvratn\u00e9 v\u00e1lky proti demokratick\u00fdm instituc\u00edm a pr\u00e1vn\u00edmu syst\u00e9mu zem\u011b. Je\u0161t\u011b p\u0159ed \u00fatokem na televizi vyzval k finan\u010dn\u00edmu vyhladov\u011bn\u00ed Sen\u00e1tu. Prezident tady ponouk\u00e1 Poslaneckou sn\u011bmovnu ke zni\u010den\u00ed druh\u00e9 p\u016flky z\u00e1konod\u00e1rn\u00e9ho sboru! To u\u017e je v konfliktu s \u00fastavou, na kterou p\u0159\u00edsahal. Stejn\u011b jako jeho podr\u00fdv\u00e1n\u00ed d\u016fv\u011bryhodnosti bezpe\u010dnostn\u00edch slu\u017eeb st\u00e1tu, kter\u00fdm se jist\u011b zal\u00edbil Moskv\u011b.<\/p>\n<p><strong>Nicm\u00e9n\u011b v \u00fatrob\u00e1ch Poslaneck\u00e9 sn\u011bmovny le\u017e\u00ed st\u00e1le neschv\u00e1len\u00e9 zpr\u00e1vy \u010cesk\u00e9 televize za rok 2016 a 2017. Pro\u010d to poslanci zdr\u017euj\u00ed?<\/strong><\/p>\n<p>Asi to bude n\u011bjak\u00e1 p\u0159\u00edprava k \u00fatoku. Nab\u00edjen\u00ed zbran\u00ed pro p\u0159\u00edpad, kdyby se na\u0161la v\u011bt\u0161ina pro odvol\u00e1n\u00ed rady. Nejv\u00edce o to usiluje samoz\u0159ejm\u011b Tomio Okamura a tak\u00e9 komunist\u00e9. Kdyby se jim poda\u0159ilo p\u0159emluvit \u010d\u00e1st ANO, tak jsou neprojednan\u00e9 zpr\u00e1vy odji\u0161t\u011bn\u00fdm gran\u00e1tem, kter\u00fdm je mo\u017en\u00e9 okam\u017eit\u011b radu \u010cT rozmetat.<\/p>\n<p><strong>Nicm\u00e9n\u011b Andrej Babi\u0161 ned\u00e1vno vyzval poslaneck\u00fd klub ANO, aby zpr\u00e1vy \u010cesk\u00e9 televize schv\u00e1lili. Sv\u011bd\u010d\u00ed to o n\u011b\u010dem?<\/strong><\/p>\n<p>Premi\u00e9r jezd\u00ed po Evrop\u011b, st\u00fdk\u00e1 se i s \u0159adou sv\u011btov\u00fdch politik\u016f, p\u0159ed nimi\u017e se chce odli\u0161ovat od Hradu a n\u011bkter\u00fdch podivn\u00fdch lid\u00ed, jako jsou p\u0159edstavitel\u00e9 komunist\u016f nebo Okamura. A jako pozm\u011b\u0148uje sv\u00e9 n\u00e1zory na zahrani\u010dn\u00ed politiku, nel\u00eds\u00e1 se k Rusku a \u010c\u00edn\u011b, tak mo\u017en\u00e1 m\u011bn\u00ed i n\u00e1zor na ve\u0159ejnopr\u00e1vn\u00ed m\u00e9dia. A nechce se mu j\u00edt s nimi do otev\u0159en\u00e9ho st\u0159etu.<\/p>\n<p><strong>Kdy\u017e mluv\u00edme o Babi\u0161ovi, je pravda, \u017ee v\u00e1s v roce 2013 l\u00e1kal do hnut\u00ed ANO?<\/strong><\/p>\n<p>Je to pravda.<\/p>\n<p><strong>Co jste mu \u0159ekl?<\/strong><\/p>\n<p>\u017de hnut\u00ed ANO nebude nikdy moje strana. A kdybych cht\u011bl vstoupit do politiky, ud\u011blal bych to u\u017e d\u0159\u00edv nebo v roce 2011, kdy jsem se s podporou Starost\u016f a nez\u00e1visl\u00fdch, ale i \u0159ady zn\u00e1m\u00fdch um\u011blc\u016f mohl st\u00e1t ministrem kultury v Ne\u010dasov\u011b vl\u00e1d\u011b. Nab\u00eddka od Babi\u0161e ale nebyla posledn\u00ed. Hnut\u00ed ANO si na mne je\u0161t\u011b vzpomn\u011blo, kdy\u017e hledali kandid\u00e1ta na pra\u017esk\u00e9ho prim\u00e1tora.<\/p>\n<p><strong>Jak na v\u00e1s tehdy Andrej Babi\u0161 p\u016fsobil?<\/strong><\/p>\n<p>Kdy\u017e mi \u0159\u00edkal, jak ho roz\u010diluje korupce, tak to zn\u011blo docela autenticky. Nepoznal jsem, jestli ho to \u0161tve proto, \u017ee vypadl z rozd\u011blen\u00ed moci mezi ODS, \u010cSSD a jimi preferovan\u00fdmi podnikateli. Anebo zda je t\u00edm, od koho cht\u011bli pen\u00edze, a on jim je ned\u00e1val. Ale ka\u017edop\u00e1dn\u011b p\u0159i l\u00ed\u010den\u00ed motivace vypadal d\u016fv\u011bryhodn\u011b. A pochopil jsem, pro\u010d se ke spolupr\u00e1ci s n\u00edm nechaly zl\u00e1kat i takov\u00e9 osobnosti jako Martin Stropnick\u00fd, Ji\u0159\u00ed Zlatu\u0161ka a n\u011bkte\u0159\u00ed dal\u0161\u00ed.<\/p>\n<p><strong>Ka\u017edop\u00e1dn\u011b te\u010f to vypad\u00e1, jako by cht\u011bl Andrej Babi\u0161 ovl\u00e1dnout ve\u0159ejnopr\u00e1vn\u00ed m\u00e9dia postupn\u00fdm obsazov\u00e1n\u00edm medi\u00e1ln\u00edch rad za pomoci hlas\u016f komunist\u016f a okamurovc\u016f. V souh\u0159e poslanc\u016f ANO, SPD a komunist\u016f se do rad dost\u00e1vaj\u00ed lid\u00e9 jako Petr \u017dantovsk\u00fd, Tom\u00e1\u0161 K\u0148ourek nebo Ladislav Jakl. Jak vn\u00edm\u00e1te takov\u00fd trend?<\/strong><\/p>\n<p>To je mo\u017en\u00e1 daleko hroziv\u011bj\u0161\u00ed trend ne\u017e otev\u0159en\u00e9 \u00fatoky na m\u00e9dia nebo v\u00fdzvy Milo\u0161e Zemana. Jen to potvrzuje, \u017ee skryt\u00e1 koalice Babi\u0161e, Okamury a Filipa skute\u010dn\u011b funguje. Komunist\u00e9 podporuj\u00ed vl\u00e1du a te\u010f si za to vyb\u00edraj\u00ed des\u00e1tek. Mimo jin\u00e9 v podob\u011b vlivu na ve\u0159ejnopr\u00e1vn\u00ed m\u00e9dia. Ale osobuj\u00ed si pr\u00e1vo mluvit i do diplomacie, zahrani\u010dn\u00ed politiky, person\u00e1ln\u00edho obsazov\u00e1n\u00ed st\u00e1tn\u00edch \u00fa\u0159ad\u016f. To je pro mne nejsmutn\u011bj\u0161\u00ed zji\u0161t\u011bn\u00ed t\u0159icet let po Listopadu.<\/p>\n<p><strong>Jsou lid\u00e9, kter\u00e9 skryt\u00e1 koalice dosadila do medi\u00e1ln\u00edch rad, opravdu takov\u00fdm ohro\u017een\u00edm pro ve\u0159ejnopr\u00e1vn\u00ed m\u00e9dia?<\/strong><\/p>\n<p>Ob\u010das sl\u00fdch\u00e1me uklid\u0148ov\u00e1n\u00ed, \u017ee to jsou sp\u00ed\u0161 \u0161a\u0161ci a provokat\u00e9\u0159i, kte\u0159\u00ed to vlastn\u011b nemysl\u00ed v\u00e1\u017en\u011b. To si nemysl\u00edm. Tihle lid\u00e9 sv\u00fdm blud\u016fm uv\u011b\u0159ili a v\u017eili se do sv\u00fdch rol\u00ed. A to natolik, \u017ee jsou skute\u010dn\u011b nebezpe\u010dn\u00ed.<\/p>\n<p><strong>Ladislav Jakl po sv\u00e9m zvolen\u00ed do Rady pro rozhlasov\u00e9 a televizn\u00ed vys\u00edl\u00e1n\u00ed \u0159ekl, \u017ee zastupuje \u010d\u00e1st n\u00e1zorov\u011b vyhran\u011bn\u00e9 ve\u0159ejnosti, kter\u00e1 m\u00e1 pr\u00e1vo m\u00edt v Rad\u011b sv\u00e9 zastoupen\u00ed. Nem\u00e1 pravdu?<\/strong><\/p>\n<p>Pochybuji o tom, \u017ee si Ladislav Jakl d\u011blal n\u011bjak\u00fd pr\u016fzkum ve ve\u0159ejnosti, kolik lid\u00ed souhlas\u00ed s jeho brut\u00e1ln\u00edm n\u00e1vrhem zru\u0161it \u010cesk\u00fd rozhlas a \u010ceskou televizi. On by se do rady nikdy nedostal, kdyby pro n\u011bj nehlasovala v\u011bt\u0161ina klubu hnut\u00ed ANO, kter\u00e9 rozhodn\u011b nem\u00e1 v programu zru\u0161en\u00ed ve\u0159ejnopr\u00e1vn\u00edch m\u00e9di\u00ed.<\/p>\n<p><strong>V p\u0159\u00ed\u0161t\u00edm roce a p\u016fl skon\u010d\u00ed v Rad\u011b \u010cesk\u00e9 televize dev\u011bt radn\u00edch. Tak\u017ee je\u0161t\u011b p\u0159ed parlamentn\u00edmi volbami m\u016f\u017ee m\u00edt Babi\u0161ova skryt\u00e1 koalice Kav\u010d\u00ed hory pod kontrolou.<\/strong><\/p>\n<p>Tohle nebezpe\u010d\u00ed je zcela re\u00e1ln\u00e9. Ale douf\u00e1m, \u017ee k tomu nedojde. \u017de se ostatn\u00ed strany vzpamatuj\u00ed a o nominac\u00edch se povedou z\u00e1sadn\u00ed diskuse. Pod\u00edvejte se, jak Sen\u00e1t zevrubn\u011b prob\u00edr\u00e1 kandid\u00e1ty na \u00fastavn\u00ed soudce. Nic takov\u00e9ho jsem v posledn\u00ed dob\u011b nezaznamenal ve sn\u011bmovn\u011b p\u0159i volb\u011b \u010dlen\u016f medi\u00e1ln\u00edch rad. V\u017edy\u0165 i ten Jakl projel do rady jako n\u016f\u017e m\u00e1slem.<\/p>\n<p><strong>Nemysl\u00edte ale, \u017ee pokud bude skryt\u00e1 koalice disciplinovan\u00e1, tak se ten proces zvr\u00e1tit ned\u00e1?<\/strong><\/p>\n<p>Technokraticky vzato se zvr\u00e1tit ned\u00e1. Ale parlament nen\u00ed pouh\u00e1 matematika. Kdy\u017e budou kandid\u00e1ti p\u0159i t\u011bch diskus\u00edch &#8222;svl\u00e9k\u00e1ni do naha&#8220; a budou zve\u0159ejn\u011bny v\u0161echny detaily z jejich minulosti, tak se n\u011bkte\u0159\u00ed odva\u0159\u00ed je\u0161t\u011b p\u0159ed samotnou volbou. Ned\u00e1vno st\u00e1hl kandidaturu do Rady pro rozhlasov\u00e9 a televizn\u00ed vys\u00edl\u00e1n\u00ed jej\u00ed b\u00fdval\u00fd \u010dlen za ODS Petr \u0160t\u011bp\u00e1nek, kter\u00e9ho te\u010f navrhlo ANO. Tak\u00e9 proto, \u017ee se nad jeho kandidaturou v\u010das rozpoutala debata.<\/p>\n<p><strong>Posledn\u00ed volby do medi\u00e1ln\u00edch rad kritizoval \u0159editel \u010cesk\u00e9 televize Petr Dvo\u0159\u00e1k. Podle n\u011bj rozhodov\u00e1n\u00ed Poslaneck\u00e9 sn\u011bmovny &#8222;z\u0159eteln\u011b ukazuje snahu pos\u00edlit n\u00e1zorov\u00e9 proudy, kter\u00e9 volaj\u00ed po omezen\u00ed nez\u00e1visl\u00fdch m\u00e9di\u00ed&#8220;. Je vhodn\u00e9, aby \u0161\u00e9f ve\u0159ejnopr\u00e1vn\u00edho m\u00e9dia takhle tvrd\u011b politicky vystoupil?<\/strong><\/p>\n<p>Situace je asi natolik v\u00e1\u017en\u00e1, \u017ee tak musel vystoupit. Petra Dvo\u0159\u00e1ka trochu zn\u00e1m a v\u00edm, \u017ee to nen\u00ed \u017e\u00e1dn\u00fd st\u0159elec od boku. A p\u0159ece vid\u00edme, co se te\u010f odehr\u00e1v\u00e1. \u0158editel \u010cT jen, pon\u011bkud nezvykle, pojmenoval v\u011bci prav\u00fdm jm\u00e9nem. V\u010das varuje, co se chyst\u00e1.<\/p>\n<p><strong>Iniciativa Svobodu m\u00e9di\u00edm p\u0159ipravila novelu z\u00e1kona, podle kter\u00e9 by u\u017e v\u016fbec medi\u00e1ln\u00ed rady nevolili politici. Podle n\u00e1vrhu by \u010dleny rad p\u0159\u00edmo delegovaly v\u00fdznamn\u00e9 spole\u010densk\u00e9 instituce jako Akademie v\u011bd, \u010cesk\u00e1 konference rektor\u016f, odbory, \u010cesk\u00e1 biskupsk\u00e1 konference a dal\u0161\u00ed. Nebyl by to lep\u0161\u00ed syst\u00e9m?<\/strong><\/p>\n<p>Probl\u00e9m vid\u00edm v tom, jak by sn\u011bmovna ve sv\u00e9 sou\u010dasn\u00e9, ale i jak\u00e9koliv p\u0159\u00ed\u0161t\u00ed podob\u011b vyb\u00edrala ty respektu hodn\u00e9 spole\u010dnosti. Okam\u017eit\u011b by se rozjely debaty, pro\u010d pr\u00e1v\u011b t\u0159eba Akademie v\u011bd a nikoli dejme tomu \u010ceskomoravsk\u00e1 mysliveck\u00e1 jednota. To je p\u0159ece u n\u00e1s bezkonkuren\u010dn\u011b nejsiln\u011bj\u0161\u00ed lobby. A kdy\u017e u\u017e tam bude mysliveck\u00fd svaz, tak pro\u010d by tam nem\u011bla b\u00fdt n\u011bjak\u00e1 dal\u0161\u00ed organizace prosazuj\u00edc\u00ed partikul\u00e1rn\u00ed z\u00e1jmy, kter\u00e1 bude prohla\u0161ov\u00e1na za stejn\u011b relevantn\u00ed jako t\u0159eba \u010cesk\u00e1 biskupsk\u00e1 konference. V\u00fdsledkem takov\u00e9ho divok\u00e9ho procesu mohou b\u00fdt nevyzpytateln\u00e9 t\u0159eba \u010dty\u0159iceti\u010dlenn\u00e9 rady, ovlivniteln\u00e9 mo\u017en\u00e1 v\u00edc ne\u017e rady sou\u010dasn\u00e9.<\/p>\n<p><strong>Vy jste d\u0159\u00edv navrhoval troj\u010dlenku, tedy aby medi\u00e1ln\u00ed rady jmenovali z jedn\u00e9 t\u0159etiny Poslaneck\u00e1 sn\u011bmovna, Sen\u00e1t a prezident. To se v\u00e1m u\u017e nezd\u00e1?<\/strong><\/p>\n<p>Asi by to bylo lep\u0161\u00ed ne\u017e sou\u010dasn\u00fd stav. Ale dost jsem k t\u00e9 my\u0161lence ochladl. Navrhoval jsem to, kdy\u017e byl prezidentem V\u00e1clav Klaus, s t\u00edm, \u017ee by si snad nedovolil jmenovat do rady n\u011bjak\u00e9 \u0161\u00edlen\u00e9 kandid\u00e1ty. U Milo\u0161e Zemana jsem si bohu\u017eel jist, \u017ee pr\u00e1v\u011b to by ud\u011blal. Uk\u00e1zal by se s nejhor\u0161\u00edmi jm\u00e9ny, na kter\u00e1 by p\u0159i\u0161el. V\u0161emi jmenovac\u00edmi pravomocemi m\u011bl b\u00fdt pov\u011b\u0159en\u00fd Sen\u00e1t, to by bylo \u00fastavn\u011b komfortn\u00ed.<\/p>\n<p><strong>Ve spolupr\u00e1ci Primy a CNN m\u00e1 vzniknout nov\u00fd zpravodajsk\u00fd kan\u00e1l CNN Prima News. Co od toho o\u010dek\u00e1v\u00e1te?<\/strong><\/p>\n<p>Zat\u00edm to neberu v\u00e1\u017en\u011b. Nev\u00edm, pro\u010d zrovna CNN by m\u011bla m\u00edt z\u00e1jem spojovat sv\u00e9 jm\u00e9no s televiz\u00ed, jako je Prima. Kdyby k tomu p\u0159ece jen do\u0161lo a CNN za\u010dala prosazovat sv\u00e1 editori\u00e1ln\u00ed pravidla a dohl\u00ed\u017eet na n\u011b, tak by to bylo ur\u010dit\u011b ob\u010derstvuj\u00edc\u00ed. Jen si mysl\u00edm, \u017ee by to musela d\u011blat s jin\u00fdmi lidmi, ne\u017e kte\u0159\u00ed dnes ur\u010duj\u00ed zam\u011b\u0159en\u00ed a kvalitu zpravodajstv\u00ed na Prim\u011b.<\/p>\n<p><strong>M\u00e1me na trhu ale i v\u00fdrazn\u011b politick\u00e9ho soukrom\u00e9ho vys\u00edlatele Jarom\u00edra Soukupa a jeho televiz\u00ed Barrandov. Jak vn\u00edm\u00e1te tento medi\u00e1ln\u00ed produkt?<\/strong><\/p>\n<p>To je pitoreskn\u00ed z\u00e1le\u017eitost. A z\u00e1rove\u0148 mysl\u00edm ztr\u00e1tov\u00e1 z\u00e1le\u017eitost. Jeho sledovanost je n\u00edzk\u00e1, u t\u011bch nej\u00fasp\u011b\u0161n\u011bj\u0161\u00edch po\u0159ad\u016f ani ne dv\u011b st\u011b tis\u00edc div\u00e1k\u016f. Tomu mus\u00ed odpov\u00eddat i n\u00edzk\u00e1 cena, kterou mohou cht\u00edt za reklamu. To v\u0161echno navzdory neuv\u011b\u0159iteln\u00e9 aktivit\u011b pana Soukupa v jeho po\u0159adech, kter\u00e1 mus\u00ed b\u00fdt podle mne snad \u017eivena i n\u011bjak\u00fdmi psychotropn\u00edmi l\u00e1tkami. No a to mo\u017en\u00e1 m\u00e1 vliv na \u00fasudek pana majitele a na to, co na obrazovce vyv\u00e1d\u00ed.<\/p>\n<p><strong>V televizi Barrandov ale d\u00e1l dr\u017e\u00ed v\u00fdrazn\u00fd majetkov\u00fd pod\u00edl \u010d\u00ednsk\u00e1 st\u00e1tn\u00ed spole\u010dnost CITIC, kter\u00e1 p\u0159evzala zadlu\u017eenou CEFC.<\/strong><\/p>\n<p>Tak to je dal\u0161\u00ed absurdita. Dovede si p\u0159edstavit, \u017ee by \u010d\u00ednsk\u00fd komunistick\u00fd st\u00e1t, kter\u00fd pron\u00e1sleduje vlastn\u00ed kritiky, majetkov\u011b vstoupil nap\u0159\u00edklad do n\u011bjak\u00e9 americk\u00e9 televizn\u00ed spole\u010dnosti?<\/p>\n<p><strong>Pot\u00e9, co jste skon\u010dil jako \u0159editel \u010cesk\u00e9 televize, pracoval jste jako kancl\u00e9\u0159 pro V\u00e1clava Havla. Spat\u0159ujete rozd\u00edly od va\u0161eho pojet\u00ed funkce kancl\u00e9\u0159e se sou\u010dasn\u00fdm kancl\u00e9\u0159sk\u00fdm p\u016fsoben\u00edm Vratislava Myn\u00e1\u0159e?<\/strong><\/p>\n<p>Tak to je nebe a dudy. Poj\u00edmal jsem kancl\u00e9\u0159skou funkci jako \u010dist\u011b mana\u017eerskou apolitickou z\u00e1le\u017eitost. Nem\u011bl jsem za sebou pochybnou podnikatelskou minulost, kter\u00e1 by mne na Hrad\u011b doh\u00e1n\u011bla. Nejvy\u0161\u0161\u00ed forma bezpe\u010dnostn\u00ed prov\u011brky? To byla samoz\u0159ejmost. Jako kancl\u00e9\u0159 m\u00e1te pod sebou lidi, kte\u0159\u00ed pracuj\u00ed s tajn\u00fdmi materi\u00e1ly. A mus\u00edte kontrolovat, jak piln\u011b a pe\u010dliv\u011b to d\u011blaj\u00ed. Ale kdy\u017e nesm\u00edte v\u011bd\u011bt, na \u010dem pracuj\u00ed, tak je nem\u016f\u017eete \u0159\u00eddit. Pokud prezident tvrd\u00ed, \u017ee absence prov\u011brky panu Myn\u00e1\u0159ovi nep\u0159ek\u00e1\u017e\u00ed v pr\u00e1ci, tak bu\u010f tam ka\u017edodenn\u011b poru\u0161uj\u00ed bezpe\u010dnostn\u00ed p\u0159edpisy, anebo je na Hrad\u011b tot\u00e1ln\u00ed holubn\u00edk.<\/p>\n<p><strong>Kancl\u00e9\u0159 Myn\u00e1\u0159 se sna\u017eil ovliv\u0148ovat soudce nejvy\u0161\u0161\u00edch soud\u016f v\u010detn\u011b \u00fastavn\u00edho. Jak jste na Hrad\u011b \u0159e\u0161ili, s k\u00fdm se m\u016f\u017eete sch\u00e1zet a s k\u00fdm nikoliv?<\/strong><\/p>\n<p>To m\u011b nikdy nenapadlo, abych si sjedn\u00e1val sch\u016fzku s jak\u00fdmkoliv soudcem. Nebo aby m\u011b prezident vyslal za \u00fastavn\u00edm soudcem. V\u017edycky jsme po\u010d\u00edtali s t\u00edm, \u017ee prezident se m\u016f\u017ee st\u00e1t \u00fa\u010dastn\u00edkem n\u011bjak\u00e9ho soudn\u00edho sporu. Jako kdy\u017e nap\u0159\u00edklad premi\u00e9r napadl u \u00dastavn\u00edho soudu prezidentovo jmenov\u00e1n\u00ed Zde\u0148ka T\u016fmy guvern\u00e9rem \u010cesk\u00e9 n\u00e1rodn\u00ed banky, proti n\u011bmu\u017e se Zeman i Klaus stav\u011bli s nepochopitelnou zu\u0159ivost\u00ed. Ale jako kancl\u00e9\u0159 jsem jednal nap\u0159\u00edklad s \u0161\u00e9fy bezpe\u010dnostn\u00edch slu\u017eeb, od nich\u017e k prezidentovi plynou informace, on s\u00e1m je m\u016f\u017ee \u00fakolovat. To se ale net\u00fdk\u00e1 pana Myn\u00e1\u0159e, kter\u00fd nem\u00e1 bezpe\u010dnostn\u00ed prov\u011brku.<\/p>\n<p><strong>V\u00e1clav Havel otev\u0159el \u0159adu hradn\u00edch prostor ve\u0159ejnosti, zat\u00edmco za Milo\u0161e Zemana se prezidentsk\u00e9 s\u00eddlo n\u00e1v\u0161t\u011bvn\u00edk\u016fm z\u00e1sadn\u011b uzav\u0159elo. Jak to vn\u00edm\u00e1te?<\/strong><\/p>\n<p>Jako n\u00e1vrat k bol\u0161evismu a Hus\u00e1kov\u00fdm \u010das\u016fm. A k pansk\u00e9 nabub\u0159elosti, kdy\u017e na oslav\u011b Myn\u00e1\u0159ov\u00fdch narozenin si v uzav\u0159en\u00fdch prostor\u00e1ch Hradu vyt\u00e1hnou ven kr\u00e1sn\u00e9 \u0160\u00edpkovy \u017eidle a zaraz\u00ed je do p\u00edsku. Tak to dopad\u00e1, kdy\u017e se mal\u00fdm lidem otev\u0159e velk\u00fd sv\u011bt.<\/p>\n<p><strong>Prezident a jeho lid\u00e9 poukazuj\u00ed na to, \u017ee dnes je mnohem nebezpe\u010dn\u011bj\u0161\u00ed doba ne\u017e za V\u00e1clava Havla. Nen\u00ed zv\u00fd\u0161en\u00e1 ochrana Hradu pak nam\u00edst\u011b?<\/strong><\/p>\n<p>To mysl\u00edte osobn\u00ed prohl\u00eddky p\u0159ed Hradem jako p\u0159i n\u00e1stupu do letadla? S frontami, t\u00e1hnouc\u00edmi se a\u017e na komunikaci, kde by se dlouho \u010dekaj\u00edc\u00ed lid\u00e9 mohli skute\u010dn\u011b st\u00e1t c\u00edlem \u00fatoku? To nen\u00ed obrana Hradu, ale programov\u00e9 budov\u00e1n\u00ed strachu ve ve\u0159ejnosti. Mn\u011b n\u011bkdy p\u0159ipad\u00e1, \u017ee si snad na Hrad\u011b p\u0159ej\u00ed, aby tady k n\u011bjak\u00e9mu \u00fatoku do\u0161lo. Proto\u017ee se snadn\u011bji vl\u00e1dne, kdy\u017e se lid\u00e9 boj\u00ed. A l\u00e9pe se v\u011b\u0159\u00ed demagogovi, kter\u00fd n\u00e1s d\u011bs\u00ed zveli\u010den\u00fdmi hr\u016fzami.<\/p>\n<p><strong>Jak se podle v\u00e1s \u00fa\u010dinkov\u00e1n\u00ed Milo\u0161e Zemana a jeho lid\u00ed na Hrad\u011b podep\u00ed\u0161e na vn\u00edm\u00e1n\u00ed prezidentsk\u00e9ho \u00fa\u0159adu?<\/strong><\/p>\n<p>M\u00e1m jednu hr\u016fznou p\u0159edstavu. Kdyby se rozhodl znovu kandidovat na prezidenta V\u00e1clav Klaus, kter\u00fd dal hromadnou amnestii ekonomick\u00fdm zlo\u010dinc\u016fm, tak ho lid\u00e9 zvol\u00ed. Proto\u017ee Milo\u0161 Zeman sn\u00ed\u017eil la\u0165ku natolik, \u017ee po n\u011bm se ka\u017ed\u00fd kandid\u00e1t bude zd\u00e1t jako lep\u0161\u00ed prezident.<\/p>\n<div class=\"obrazek-ve-clanku video-ve-clanku inlinecontent\">\n<div id=\"embed5e6882b2cbda11e8b295ac1f6b220ee8inline\" class=\"embed-player\"><a href=\"https:\/\/video.aktualne.cz\/z-domova\/politici-vuci-ct-zhrubli-resit-decko-neni-dulezite-tvrdil-na\/r~5e6882b2cbda11e8b295ac1f6b220ee8\/r~cd478ece61b911e9ab10ac1f6b220ee8\/\" data-ec=\"\" data-ec-pid=\"5e6882b2cbda11e8b295ac1f6b220ee8\" data-ec-pname=\"Politici ovliv\u0148uj\u00ed nez\u00e1vislost \u010cT. T\u0159eba Klaus jr. p\u0159es D\u00e9\u010dko, tvrdil na semin\u00e1\u0159i jej\u00ed \u0161\u00e9f\" data-ec-pos=\"3\" data-vr-contentbox=\"Position 3\" data-vr-global-position=\"7\" data-ec-active=\"true\"><span class=\"obrazek\"><span class=\"intrinsic intrinsic-16x9\"><img decoding=\"async\" src=\"https:\/\/cdn.xsd.cz\/resize\/57ce968f49573ae98c962864d892e812_resize=640,360_.png?hash=c42f352b18d4eff498779642b62d2530\" alt=\"Politici ovliv\u0148uj\u00ed nez\u00e1vislost \u010cT. T\u0159eba Klaus jr. p\u0159es D\u00e9\u010dko, tvrdil na semin\u00e1\u0159i \u0159editel \u010cesk\u00e9 televize Petr Dvo\u0159\u00e1k.\"><\/span><span class=\"video-ikona\">&nbsp;<\/span><\/span><\/a><\/div>\n<div class=\"popis clearfix\">Politici ovliv\u0148uj\u00ed nez\u00e1vislost \u010cT. T\u0159eba Klaus jr. p\u0159es D\u00e9\u010dko, tvrdil na semin\u00e1\u0159i \u0159editel \u010cesk\u00e9 televize Petr Dvo\u0159\u00e1k.<span class=\"copyright\">|&nbsp;Video: Tom\u00e1\u0161 Cetkovsk\u00fd, Blahoslav Ba\u0165a |&nbsp;&nbsp;<span class=\"cas\">02:00<\/span><\/span><\/div>\n<div><a href=\"https:\/\/nazory.aktualne.cz\/rozhovory\/ivo-mathe-zemanovi-nejde-jen-o-pomstu-ceske-televizi\/r~cd478ece61b911e9ab10ac1f6b220ee8\/?redirected=1557214226\">Zdroj<\/a><\/div>\n<\/div>\n<\/div>\n","protected":false},"excerpt":{"rendered":"<p>Ladislav Jakl projel do vys\u00edlac\u00ed rady jako n\u016f\u017e m\u00e1slem. Douf\u00e1m, \u017ee se ostatn\u00ed strany vzpamatuj\u00ed a o nominac\u00edch se povede z\u00e1sadn\u00ed diskuse, \u0159\u00edk\u00e1 b\u00fdval\u00fd \u0159editel \u010cT a kancl\u00e9\u0159 prezidenta Havla v&nbsp;rozhovoru s&nbsp;Ji\u0159\u00edm Leschtinou.<\/p>\n","protected":false},"author":1,"featured_media":0,"comment_status":"open","ping_status":"open","sticky":false,"template":"","format":"standard","meta":{"ngg_post_thumbnail":0,"footnotes":""},"categories":[11],"tags":[],"class_list":["post-10096","post","type-post","status-publish","format-standard","hentry","category-ozvena"],"_links":{"self":[{"href":"https:\/\/www.ladislavjakl.cz\/index.php?rest_route=\/wp\/v2\/posts\/10096","targetHints":{"allow":["GET"]}}],"collection":[{"href":"https:\/\/www.ladislavjakl.cz\/index.php?rest_route=\/wp\/v2\/posts"}],"about":[{"href":"https:\/\/www.ladislavjakl.cz\/index.php?rest_route=\/wp\/v2\/types\/post"}],"author":[{"embeddable":true,"href":"https:\/\/www.ladislavjakl.cz\/index.php?rest_route=\/wp\/v2\/users\/1"}],"replies":[{"embeddable":true,"href":"https:\/\/www.ladislavjakl.cz\/index.php?rest_route=%2Fwp%2Fv2%2Fcomments&post=10096"}],"version-history":[{"count":1,"href":"https:\/\/www.ladislavjakl.cz\/index.php?rest_route=\/wp\/v2\/posts\/10096\/revisions"}],"predecessor-version":[{"id":10097,"href":"https:\/\/www.ladislavjakl.cz\/index.php?rest_route=\/wp\/v2\/posts\/10096\/revisions\/10097"}],"wp:attachment":[{"href":"https:\/\/www.ladislavjakl.cz\/index.php?rest_route=%2Fwp%2Fv2%2Fmedia&parent=10096"}],"wp:term":[{"taxonomy":"category","embeddable":true,"href":"https:\/\/www.ladislavjakl.cz\/index.php?rest_route=%2Fwp%2Fv2%2Fcategories&post=10096"},{"taxonomy":"post_tag","embeddable":true,"href":"https:\/\/www.ladislavjakl.cz\/index.php?rest_route=%2Fwp%2Fv2%2Ftags&post=10096"}],"curies":[{"name":"wp","href":"https:\/\/api.w.org\/{rel}","templated":true}]}}