{"id":1010,"date":"2011-05-16T12:19:22","date_gmt":"2011-05-16T11:19:22","guid":{"rendered":"http:\/\/www.ladislavjakl.cz\/?p=1010"},"modified":"2011-05-16T12:19:22","modified_gmt":"2011-05-16T11:19:22","slug":"robby-ten-uzasny-robby-vcera-umrel","status":"publish","type":"post","link":"https:\/\/www.ladislavjakl.cz\/?p=1010","title":{"rendered":"Robby, ten \u00fa\u017easn\u00fd Robby v\u010dera um\u0159el."},"content":{"rendered":"<div>\n<p><span style=\"font-size: 10pt; font-family: &quot;Arial&quot;,&quot;sans-serif&quot;;\">Robby  \u010cern\u00fd, osobnost, pianista, kamar\u00e1d. Um\u0159el v ned\u011bli 8. kv\u011btna r\u00e1no po  dlouh\u00e9 nemoci. Z p\u016fvodn\u00ed sestavy kapely Folimanka Blues jsem posledn\u00ed  \u017eiv\u00fd. A to krom\u011b kytaristy R\u00ed\u0161i K\u0159\u00ed\u017ee a buben\u00edka Zde\u0148ka Cimmermana  um\u0159eli i dva b\u00fdval\u00ed mana\u017ee\u0159i kapely.<\/span><\/p>\n<p><span style=\"font-size: 10pt; font-family: &quot;Arial&quot;,&quot;sans-serif&quot;;\"><!--more--><\/span><\/div>\n<div>\n<p><span style=\"font-size: 10pt; font-family: &quot;Arial&quot;,&quot;sans-serif&quot;;\">Fakt  nev\u00edm, jestli se z t\u00e9hle posledn\u00ed r\u00e1ny lze je\u0161t\u011b vzchopit. Bude chyb\u011bt,  rodin\u011b, p\u0159\u00e1tel\u016fm, koleg\u016fm. A mn\u011b. Proto\u017ee jeho ne\u0161lo p\u0159ehl\u00e9dnout.  Postavou. Postavou\u00a0ve vlastn\u00edm i p\u0159enesen\u00e9m smyslu.\u00a0Je kr\u00e1sn\u00e9 b\u00fdt bohat\u00fd  na z\u00e1\u017eitky a vzpom\u00ednky. Ale co s nimi, kdy\u017e se o n\u011b u\u017e nen\u00ed s k\u00fdm  d\u011blit..<\/span><\/div>\n<div>\n<p><span style=\"font-size: 10pt; font-family: &quot;Arial&quot;,&quot;sans-serif&quot;;\">Tohle hrozn\u011b bol\u00ed.<\/span><\/div>\n<div>\n<p><span style=\"font-size: 10pt; font-family: &quot;Arial&quot;,&quot;sans-serif&quot;;\">L. J.<\/span><\/p>\n<p><span style=\"font-size: 10pt; font-family: &quot;Arial&quot;,&quot;sans-serif&quot;;\"><img loading=\"lazy\" decoding=\"async\" class=\"aligncenter size-full wp-image-1011\" title=\"lada-robby\" src=\"https:\/\/www.ladislavjakl.cz\/wp-content\/uploads\/2011\/05\/lada-robby.jpg\" alt=\"lada-robby\" width=\"329\" height=\"510\" srcset=\"https:\/\/www.ladislavjakl.cz\/wp-content\/uploads\/2011\/05\/lada-robby.jpg 329w, https:\/\/www.ladislavjakl.cz\/wp-content\/uploads\/2011\/05\/lada-robby-193x300.jpg 193w\" sizes=\"auto, (max-width: 329px) 100vw, 329px\" \/><br \/>\n<\/span><\/div>\n","protected":false},"excerpt":{"rendered":"<p>Robby \u010cern\u00fd, osobnost, pianista, kamar\u00e1d. Um\u0159el v ned\u011bli 8. kv\u011btna r\u00e1no po dlouh\u00e9 nemoci. Z p\u016fvodn\u00ed sestavy kapely Folimanka Blues jsem posledn\u00ed \u017eiv\u00fd. A to krom\u011b kytaristy R\u00ed\u0161i K\u0159\u00ed\u017ee a buben\u00edka Zde\u0148ka Cimmermana um\u0159eli i dva b\u00fdval\u00ed mana\u017ee\u0159i kapely.<\/p>\n","protected":false},"author":1,"featured_media":0,"comment_status":"open","ping_status":"open","sticky":false,"template":"","format":"standard","meta":{"ngg_post_thumbnail":0,"footnotes":""},"categories":[4,5],"tags":[],"class_list":["post-1010","post","type-post","status-publish","format-standard","hentry","category-hudba","category-rodina"],"_links":{"self":[{"href":"https:\/\/www.ladislavjakl.cz\/index.php?rest_route=\/wp\/v2\/posts\/1010","targetHints":{"allow":["GET"]}}],"collection":[{"href":"https:\/\/www.ladislavjakl.cz\/index.php?rest_route=\/wp\/v2\/posts"}],"about":[{"href":"https:\/\/www.ladislavjakl.cz\/index.php?rest_route=\/wp\/v2\/types\/post"}],"author":[{"embeddable":true,"href":"https:\/\/www.ladislavjakl.cz\/index.php?rest_route=\/wp\/v2\/users\/1"}],"replies":[{"embeddable":true,"href":"https:\/\/www.ladislavjakl.cz\/index.php?rest_route=%2Fwp%2Fv2%2Fcomments&post=1010"}],"version-history":[{"count":1,"href":"https:\/\/www.ladislavjakl.cz\/index.php?rest_route=\/wp\/v2\/posts\/1010\/revisions"}],"predecessor-version":[{"id":1012,"href":"https:\/\/www.ladislavjakl.cz\/index.php?rest_route=\/wp\/v2\/posts\/1010\/revisions\/1012"}],"wp:attachment":[{"href":"https:\/\/www.ladislavjakl.cz\/index.php?rest_route=%2Fwp%2Fv2%2Fmedia&parent=1010"}],"wp:term":[{"taxonomy":"category","embeddable":true,"href":"https:\/\/www.ladislavjakl.cz\/index.php?rest_route=%2Fwp%2Fv2%2Fcategories&post=1010"},{"taxonomy":"post_tag","embeddable":true,"href":"https:\/\/www.ladislavjakl.cz\/index.php?rest_route=%2Fwp%2Fv2%2Ftags&post=1010"}],"curies":[{"name":"wp","href":"https:\/\/api.w.org\/{rel}","templated":true}]}}