{"id":10100,"date":"2019-05-07T09:58:21","date_gmt":"2019-05-07T07:58:21","guid":{"rendered":"http:\/\/www.ladislavjakl.cz\/?p=10100"},"modified":"2019-05-07T10:00:54","modified_gmt":"2019-05-07T08:00:54","slug":"komentar-milion-chvilek-pro-ladislava-jakla-vice","status":"publish","type":"post","link":"https:\/\/www.ladislavjakl.cz\/?p=10100","title":{"rendered":"Koment\u00e1\u0159: Milion chvilek pro Ladislava Jakla V\u00edce"},"content":{"rendered":"<p>Parlament schv\u00e1lil koncem b\u0159ezna nominaci Ladislava Jakla na \u010dlena Rady pro rozhlasov\u00e9 a televizn\u00ed vys\u00edl\u00e1n\u00ed. Na tom by samo o sob\u011b nebylo nic divn\u00e9ho. Co je ale divn\u00e9, \u017ee volb\u011b nep\u0159edch\u00e1zela tradi\u010dn\u00ed negativn\u00ed kampa\u0148 v \u010cesk\u00e9 televizi. Je p\u0159eci jasn\u00e9, \u017ee \u201emu\u017e s ohonem\u201c nesm\u00ed do Rady proj\u00edt za \u017e\u00e1dnou cenu. Jej\u00edm \u010dlenem p\u0159eci nem\u016f\u017ee b\u00fdt \u010dlov\u011bk, kter\u00fd ve\u0159ejn\u011b kritizuje \u010dinnost m\u00e9di\u00ed ve\u0159ejn\u00e9 slu\u017eby a jejich existenci pova\u017euje za zbyte\u010dnou.<\/p>\n<p><!--more--><\/p>\n<div id=\"bb_outstream_container\" data-vast-url=\"[object Object]\">\n<div id=\"bb_outstream_video\" class=\"video-js vjs-16-9 bb_outstream_video-dimensions vjs-controls-enabled vjs-workinghover vjs-vpaid-ad vjs-vpaid-html5-ad vjs-playing vjs-has-started vjs-ad-playing vjs-user-active\" tabindex=\"-1\" role=\"region\" data-setup=\"{}\" aria-label=\"video player\">\n<div class=\"vjs-text-track-display\" aria-live=\"off\" aria-atomic=\"true\">\n<p>Na Kav\u010d\u00edch hor\u00e1ch asi zaspali, tak\u017ee neprob\u011bhla obvykl\u00e1 dehonestace, zpochyb\u0148ov\u00e1n\u00ed odborn\u00e9 zp\u016fsobilosti a proklamace o ohro\u017een\u00ed nez\u00e1vislosti m\u00e9di\u00ed. Zato v\u0161ak p\u0159i\u0161el do parlamentu dopis. Otev\u0159en\u00fd dopis organizace&nbsp;<a class=\"art-urlext\" title=\"https:\/\/www.milionchvilek.cz\/\" href=\"https:\/\/www.milionchvilek.cz\/\" target=\"_self\">Milion chvilek pro demokracii<\/a>. Novodob\u00e1 verze&nbsp;<a class=\"art-urlext\" title=\"https:\/\/cs.wikipedia.org\/wiki\/1968\" href=\"https:\/\/cs.wikipedia.org\/wiki\/1968\" target=\"_self\">dopisu Pragov\u00e1k\u016f<\/a>.<\/p>\n<p>Poj\u010fme si nejprve n\u011bco \u0159\u00edct o medi\u00e1ln\u00edch rad\u00e1ch. Ze z\u00e1kona jsou z\u0159\u00edzeny \u010dty\u0159i. Tzv. \u201evelk\u00e1 rada\u201c je Rada pro rozhlasov\u00e9 a televizn\u00ed vys\u00edl\u00e1n\u00ed (RRTV). Krom\u011b jin\u00e9ho RRTV podle sv\u00fdch webov\u00fdch str\u00e1nek tak\u00e9 \u201edohl\u00ed\u017e\u00ed na zachov\u00e1v\u00e1n\u00ed a rozvoj plurality programov\u00e9 nab\u00eddky a informac\u00ed v oblasti vys\u00edl\u00e1n\u00ed a p\u0159evzat\u00e9ho vys\u00edl\u00e1n\u00ed.\u201c RRTV tedy mimo jin\u00e9 \u0159e\u0161\u00ed i objektivitu a pravdivost zve\u0159ej\u0148ovan\u00fdch informac\u00ed. Bez ohledu na vlastnictv\u00ed m\u00e9dia.<\/p>\n<p>\u010cesk\u00e1 televize (\u010cT), \u010cesk\u00fd rozhlas a \u010cTK maj\u00ed svoje rady, kter\u00fdm se \u0159\u00edk\u00e1 mal\u00e9. Ty by m\u011bly b\u00fdt n\u00e1strojem ve\u0159ejnosti, kter\u00fdm je kontrolov\u00e1na \u010dinnost m\u00e9di\u00ed ve\u0159ejn\u00e9 slu\u017eby. \u010cleny v\u0161ech medi\u00e1ln\u00edch rad vol\u00ed Sn\u011bmovna. Nominovat \u010dleny mohou nejen politick\u00e9 strany, ale i r\u016fzn\u00e9 spole\u010densk\u00e9 organizace. Tento syst\u00e9m ov\u0161em zp\u016fsobuje, \u017ee rady ob\u010das slou\u017e\u00ed sp\u00ed\u0161e jako v\u00fdkrmny r\u016fzn\u00fdch aktivist\u016f, p\u0159\u00edpadn\u011b vyslou\u017eil\u00fdch a zaslou\u017eil\u00fdch politik\u016f, ne\u017e jako skute\u010dn\u00e9 kontroln\u00ed org\u00e1ny. Vzhledem k tomu, \u017ee v kompetenci mal\u00fdch rad je i jmenov\u00e1n\u00ed \u0159editel\u016f p\u0159\u00edslu\u0161n\u00e9ho m\u00e9dia, sna\u017e\u00ed se tito \u0159editel\u00e9 \u010dleny sv\u00fdch rad h\u00fd\u010dkat, aby si tak zv\u00fd\u0161ili \u0161anci na op\u011btovn\u00e9 zvolen\u00ed. T\u00edm se ov\u0161em oslabuje jejich kontroln\u00ed funkce.<\/p>\n<p>Z v\u00fd\u0161e uveden\u00e9ho vypl\u00fdv\u00e1, \u017ee RRTV nem\u00e1 v kompetenci person\u00e1ln\u00ed obsazen\u00ed jednotliv\u00fdch m\u00e9di\u00ed, nem\u016f\u017ee tedy ani nep\u0159\u00edmo ovliv\u0148ovat obsah samotn\u00e9ho vys\u00edl\u00e1n\u00ed. RRTV \u0159e\u0161\u00ed obsah vys\u00edl\u00e1n\u00ed ex post, a to pouze z hlediska dodr\u017een\u00ed z\u00e1konn\u00fdch podm\u00ednek vys\u00edl\u00e1n\u00ed. Obavy z ohro\u017een\u00ed nez\u00e1vislosti m\u00e9di\u00ed ze strany \u010dlen\u016f RRTV jsou tud\u00ed\u017e zcela zcestn\u00e9.<\/p>\n<div id=\"topic-2915\" class=\"box pollBox topic\" data-poll-id=\"2915\" data-url=\"\/blogy\/komentar-milion-chvilek-pro-ladislava-jakla-1448872\" data-data=\"{ #article_id# : #1448872#, #do# : #pollMedia-vote#}\" data-total-votes=\"324\">\n<div class=\"poll art-box\">\n<div class=\"box-in poll-in\">\n<div class=\"poll-resulted open-poll\">Pozoruhodn\u00e9 je, \u017ee kampan\u011b proti jednotliv\u00fdm kandid\u00e1t\u016fm vede v\u017edy \u010cesk\u00e1 televize, nikoli n\u011bkter\u00e9 soukrom\u00e9 m\u00e9dium. \u010cT se sna\u017e\u00ed v ob\u010danech vyvolat dojem, \u017ee nez\u00e1vislou a objektivn\u00ed informaci m\u016f\u017ee p\u0159in\u00e1\u0161et jen ona. Ve skute\u010dnosti z\u00e1le\u017e\u00ed na odborn\u00e9 zdatnosti jednotliv\u00fdch pracovn\u00edk\u016f a tak\u00e9 na schopnosti a ochot\u011b ct\u00edt etick\u00e1 pravidla novin\u00e1\u0159sk\u00e9 pr\u00e1ce. Nez\u00e1visl\u00e9 informace tak m\u016f\u017ee p\u0159in\u00e1\u0161et jak\u00e9koli m\u00e9dium. M\u00e9dium ve\u0159ejn\u00e9 slu\u017eby pat\u0159\u00ed v\u0161em ob\u010dan\u016fm, ale to automaticky neznamen\u00e1, \u017ee redakto\u0159i budou pracovat profesion\u00e1ln\u011b a eticky a edito\u0159i budou za\u0159azovat r\u016fznorod\u00e9 informace z v\u00edce zdroj\u016f. Nen\u00ed bez zaj\u00edmavosti, \u017ee existuj\u00ed i vysp\u011bl\u00e9 demokratick\u00e9 zem\u011b, nap\u0159\u00edklad USA, ve kter\u00fdch v podstat\u011b m\u00e9dia ve\u0159ejn\u00e9 slu\u017eby neexistuj\u00ed. Za povykem kolem volby \u010dlen\u016f RRTV nen\u00ed ohro\u017een\u00ed nez\u00e1vislosti m\u00e9di\u00ed, ale n\u011bco zcela jin\u00e9ho.<\/div>\n<\/div>\n<\/div>\n<\/div>\n<p>Jako ka\u017ed\u00fd st\u00e1tem z\u0159\u00edzen\u00fd podnik je i \u010cesk\u00e1 televize zdrojem ob\u017eivy mnoha parazitick\u00fdch skupin. Na cec\u00edky ve\u0159ejn\u00fdch prost\u0159edk\u016f jsou tak p\u0159is\u00e1ti r\u016fzn\u00ed dodavatel\u00e9 extern\u00edch slu\u017eeb, po\u0159ad\u016f a soukrom\u00ed producenti. P\u0159esto\u017ee \u010cT disponuje zna\u010dn\u00fdmi v\u00fdrobn\u00edmi kapacitami, nakupuje obrovsk\u00e9 mno\u017estv\u00ed po\u0159ad\u016f. U z\u00e1konem z\u0159\u00edzen\u00e9 firmy, jej\u00ed\u017e chod financuj\u00ed ob\u010dan\u00e9, by bylo zaj\u00edmav\u00e9 v\u011bd\u011bt, kolik pen\u011bz takto odt\u00e9k\u00e1 ke sp\u0159\u00edzn\u011bn\u00fdm firm\u00e1m a osob\u00e1m. To by se ov\u0161em dalo zjistit pouze v p\u0159\u00edpad\u011b, \u017ee by kontrola nad jej\u00edm hospoda\u0159en\u00edm byla \u00fa\u010dinn\u00e1, nikoli jen form\u00e1ln\u00ed. Z v\u00fdro\u010dn\u00edch zpr\u00e1v lze vy\u010d\u00edst pouze kumulovan\u00e9 polo\u017eky. Hospoda\u0159en\u00ed m\u00e9dia ve\u0159ejn\u00e9 slu\u017eby mus\u00ed b\u00fdt zcela transparentn\u00ed, a to v\u010detn\u011b \u00fadaj\u016f o platech zam\u011bstnanc\u016f, na kter\u00e9 by se m\u011bla vztahovat stejn\u00e1 krit\u00e9ria, jako nap\u0159\u00edklad na politiky nebo st\u00e1tn\u00ed \u00fa\u0159edn\u00edky.<\/p>\n<p>Pl\u00fdtv\u00e1n\u00ed ve\u0159ejn\u00fdmi prost\u0159edky ov\u0161em nen\u00ed v \u010cesk\u00e9 televizi t\u00edm nejhor\u0161\u00edm proh\u0159e\u0161kem, i kdy\u017e si mnoz\u00ed z n\u00e1s dovedou p\u0159edstavit lep\u0161\u00ed vyu\u017eit\u00ed cca 6 miliard korun ro\u010dn\u011b z ve\u0159ejn\u00fdch zdroj\u016f. Naprosto z\u00e1sadn\u00ed a kl\u00ed\u010dov\u00fd probl\u00e9m je, jak\u00fdm zp\u016fsobem \u010cesk\u00e1 televize napl\u0148uje sv\u00e9 z\u00e1konn\u00e9 posl\u00e1n\u00ed poskytovat ve\u0159ejnou slu\u017ebu.<\/p>\n<p>Z\u00e1kon za hlavn\u00ed \u00fakoly takov\u00e9 slu\u017eby v oblasti televizn\u00edho vys\u00edl\u00e1n\u00ed pova\u017euje zejm\u00e9na:<\/p>\n<p>\u2022 a) poskytov\u00e1n\u00ed objektivn\u00edch, ov\u011b\u0159en\u00fdch, ve sv\u00e9m celku vyv\u00e1\u017een\u00fdch a v\u0161estrann\u00fdch informac\u00ed pro svobodn\u00e9 vytv\u00e1\u0159en\u00ed n\u00e1zor\u016f<\/p>\n<p>\u2022 b) p\u0159isp\u00edv\u00e1n\u00ed k pr\u00e1vn\u00edmu v\u011bdom\u00ed obyvatel \u010cesk\u00e9 republiky<\/p>\n<p>\u2022 c) vytv\u00e1\u0159en\u00ed a \u0161\u00ed\u0159en\u00ed program\u016f a poskytov\u00e1n\u00ed vyv\u00e1\u017een\u00e9 nab\u00eddky po\u0159ad\u016f pro v\u0161echny skupiny obyvatel se z\u0159etelem na svobodu jejich n\u00e1bo\u017eensk\u00e9 v\u00edry a p\u0159esv\u011bd\u010den\u00ed, kulturu, etnick\u00fd nebo n\u00e1rodnostn\u00ed p\u016fvod, n\u00e1rodn\u00ed toto\u017enost, soci\u00e1ln\u00ed p\u016fvod, v\u011bk nebo pohlav\u00ed tak, aby tyto programy a po\u0159ady odr\u00e1\u017eely rozmanitost n\u00e1zor\u016f a politick\u00fdch, n\u00e1bo\u017eensk\u00fdch, filozofick\u00fdch a um\u011bleck\u00fdch sm\u011br\u016f, a to s c\u00edlem pos\u00edlit vz\u00e1jemn\u00e9 porozum\u011bn\u00ed a toleranci a podporovat soudr\u017enost pluralitn\u00ed spole\u010dnosti.<\/p>\n<p>Nepat\u0159\u00edte-li tedy k podporovatel\u016fm na\u0161eho \u010dlenstv\u00ed v Evropsk\u00e9 unii, m\u00e1te-li v\u00fdhrady k nekontrolovan\u00e9 imigraci do Schengensk\u00e9ho prostoru, nesouhlas\u00edte-li se zav\u00e1d\u011bn\u00edm inkluze ve \u0161kol\u00e1ch, nepova\u017eujete za spr\u00e1vn\u00e9 \u0159e\u0161it neexistuj\u00edc\u00ed probl\u00e9my jako je genderov\u00e1 rovnost a po\u010det pohlav\u00ed, odm\u00edt\u00e1te-li dotovat r\u016fzn\u00e9 \u201eneziskov\u00e9\u201c organizace a dal\u0161\u00ed soci\u00e1ln\u011b-in\u017een\u00fdrsk\u00e9 experimenty, nedej Bo\u017ee m\u00e1te-li r\u00e1di Trumpa a Putina nepova\u017eujete za samotn\u00e9 zt\u011blesn\u011bn\u00ed \u010f\u00e1bla, zcela jist\u011b c\u00edt\u00edte, \u017ee pr\u00e1v\u011b v\u00e1m \u010cesk\u00e1 televize ve\u0159ejnou slu\u017ebu neposkytuje.<\/p>\n<p>\u010ceskou televizi si pro prezentaci a hl\u00e1s\u00e1n\u00ed sv\u00fdch n\u00e1zor\u016f zprivatizovala skupina \u201eelitn\u00edch\u201c redaktor\u016f, kte\u0159\u00ed \u010dasto d\u011blaj\u00ed z ob\u010dana blbce a za jeho pen\u00edze se mu je\u0161t\u011b vysm\u00edvaj\u00ed, proto\u017ee on nen\u00ed ten pokrokov\u00fd Evropan, ale zaprd\u011bn\u00fd \u010cech\u00e1\u010dek. V p\u0159\u00edpad\u011b \u010cT tak nelze hovo\u0159it o nez\u00e1visl\u00e9m m\u00e9diu ve\u0159ejn\u00e9 slu\u017eby, ale o hl\u00e1sn\u00e9 troub\u011b jedin\u00e9ho spr\u00e1vn\u00e9ho n\u00e1zoru. Nez\u00e1vislost v tomto p\u0159\u00edpad\u011b nespo\u010d\u00edv\u00e1 v mo\u017enosti p\u0159edkl\u00e1dat obecenstvu celou \u0161k\u00e1lu n\u00e1zor\u016f a postoj\u016f, ale v mo\u017enosti bez kontroly a beztrestn\u011b vyu\u017e\u00edvat ve\u0159ejn\u00fd n\u00e1stroj k prezentaci soukrom\u00fdch postoj\u016f. Zlomov\u00fdm okam\u017eikem byla zlo\u010dinn\u00e1 spac\u00e1kov\u00e1 revoluce z roku 2000, kdy bylo dodr\u017eov\u00e1n\u00ed z\u00e1kona definitivn\u011b nahrazeno aktivismem nevolen\u00fdch novin\u00e1\u0159\u016f.<\/p>\n<p>Je pochopiteln\u00e9, \u017ee v t\u00e9to situaci je pro osoby, kter\u00e9 fakticky ovl\u00e1daj\u00ed chod \u010cesk\u00e9 televize, nep\u0159ijateln\u00e9, aby do RRTV nastoupil n\u011bkdo jako Jakl. \u010cT se nemohla do zvolen\u00e9ho kandid\u00e1ta pustit p\u0159\u00edmo. T\u00edm by sama potvrdila, \u017ee do nez\u00e1visl\u00e9ho m\u00e9dia m\u00e1 daleko. Hlavn\u00ed \u00fatok byl proto veden na soci\u00e1ln\u00edch s\u00edt\u00edch prost\u0159ednictv\u00edm kluk\u016f, co spolu mluv\u00ed \u2013 nejmenovan\u00fdch re\u017eis\u00e9r\u016f, kte\u0159\u00ed za pen\u00edze \u010cesk\u00e9 televize nato\u010dili nejeden film \u2013 a svoji ruku k d\u00edlu pak p\u0159idaly \u201enez\u00e1visl\u00e9\u201c ob\u010dansk\u00e9 iniciativy.<\/p>\n<p>Jednou z nich je i Milion chvilek pro demokracii. To, co se loni jevilo jako sympatick\u00e1 iniciativa mlad\u00fdch lid\u00ed, kte\u0159\u00ed u\u017e necht\u011bli d\u00e1l ml\u010det k bezprecedentn\u00edmu chov\u00e1n\u00ed est\u00e9b\u00e1ka Babi\u0161e, se nakonec uk\u00e1zalo jako skryt\u00e1 \u00faderka \u010cesk\u00e9 televize. Najevo tato vazba vy\u0161la p\u0159i minul\u00e9m pokusu o zvolen\u00ed nov\u00e9ho radn\u00edho RRTV, na kter\u00e9ho byl navr\u017een Petr \u0160t\u011bp\u00e1nek.<\/p>\n<p>Milion chvilek pro demokracii ve spolupr\u00e1ci s TOP 09 zorganizovala demonstraci p\u0159ed Poslaneckou sn\u011bmovnou, \u010cesk\u00e1 televize akci masivn\u011b propagovala, manipulativn\u011b prost\u0159\u00edhala rozhovor s panem kandid\u00e1tem, neopomn\u011bla p\u0159ipomenout, \u017ee doty\u010dn\u00fd byl v roce 2003 z t\u00e9to rady odvol\u00e1n vl\u00e1dou a zopakovala l\u017ei o jeho odpov\u011bdnosti za prohranou arbitr\u00e1\u017e mezi \u010ceskou republikou a americk\u00fdmi investory TV Nova. Co na tom, \u017ee ji\u017e d\u00e1vno soud rozhodl, \u017ee jeho odvol\u00e1n\u00ed bylo nez\u00e1konn\u00e9 a \u017ee za prohranou arbitr\u00e1\u017e m\u016f\u017ee ne\u010dinnost vl\u00e1dy?! Sv\u016fj \u00fa\u010del to splnilo. Ne\u017e aby se \u0160t\u011bp\u00e1nek nechal vl\u00e1\u010det ve\u0159ejn\u00fdm prostorem bez mo\u017enosti efektivn\u00ed obrany, rozhodl se rad\u011bji sv\u00e9 nominace vzd\u00e1t.<\/p>\n<p>V p\u0159\u00edpad\u011b Jakla za\u010dali s kampan\u00ed trochu pozd\u011b. Okop\u00e1v\u00e1n\u00ed kotn\u00edk\u016f na soci\u00e1ln\u00edch s\u00edt\u00edch ke zvr\u00e1cen\u00ed v\u00fdsledku parlamentn\u00ed volby nevedlo, na \u0159adu tedy p\u0159i\u0161el t\u011b\u017e\u0161\u00ed kalibr. Po vzoru \u010dlen\u016f KS\u010c v Pragovce, kte\u0159\u00ed v \u010dervenci 1968 poslou\u017eili jako u\u017eite\u010dn\u00ed idioti seps\u00e1n\u00edm sv\u00e9ho otev\u0159en\u00e9ho dopisu veden\u00ed strany, sepsala iniciativa Milion chvilek pro demokracii otev\u0159en\u00fd dopis poslanc\u016fm, ve kter\u00e9m Jakla ozna\u010duje za nevhodn\u00e9ho kandid\u00e1ta a vyz\u00fdv\u00e1 Sn\u011bmovnu k obran\u011b m\u00e9di\u00ed ve\u0159ejn\u00e9 slu\u017eby.<\/p>\n<p>Ladislav Jakl absolvoval studium na Fakult\u011b \u017eurnalistiky Univerzity Karlovy, byl novin\u00e1\u0159em, poslancem a tak\u00e9 \u0159editelem politick\u00e9ho odboru Kancel\u00e1\u0159e prezidenta republiky. Shodou n\u00e1hod je tak\u00e9 spoluautorem z\u00e1kona, na z\u00e1klad\u011b kter\u00e9ho vznikla Rada pro rozhlasov\u00e9 a televizn\u00ed vys\u00edl\u00e1n\u00ed a jej\u00ed \u00fa\u0159ad, kter\u00fd n\u011bjakou dobu i vedl. Odpov\u00eddat na ot\u00e1zku, zda je jeho kvalifikace pro pozici \u010dlena jak\u00e9koli medi\u00e1ln\u00ed rady dostate\u010dn\u00e1, je zcela zbyte\u010dn\u00e9. Kdo jin\u00fd by m\u011bl b\u00fdt \u010dlenem takov\u00e9 rady?!<\/p>\n<p>Hysterii v \u010cesk\u00e9 televizi tak pravd\u011bpodobn\u011b vyvolala obava, \u017ee zvolen\u00edm mu\u017ee s ohonem, jak Jakla hanliv\u011b ozna\u010dil obl\u00edben\u00fd \u010dechoamerick\u00fd expert \u010cT, vystupuj\u00edc\u00ed pod um\u011bleck\u00fdm pseudonymem&nbsp;<em>Bostonsk\u00fd profesor<\/em>, by mohlo doj\u00edt na z\u00e1sadn\u00ed zm\u011bny v koncepci \u010desk\u00fdch m\u00e9di\u00ed ve\u0159ejn\u00e9 slu\u017eby. Jakl je zn\u00e1m sv\u00fdmi nekompromisn\u00edmi n\u00e1zory a postoji, pro mnoh\u00e9 z n\u00e1s t\u011b\u017eko skousnuteln\u00fdmi. Pr\u00e1v\u011b proto si v\u0161ak prav\u00fd demokrat p\u0159eje, aby v RRTV byl. Zah\u00e1jit diskuzi o \u010dinnosti m\u00e9di\u00ed ve\u0159ejn\u00e9 slu\u017eby a nutnosti jejich existence, je nanejv\u00fd\u0161 \u017e\u00e1douc\u00ed. A nikdo z konformn\u00edch \u010dlen\u016f medi\u00e1ln\u00edch rad nem\u00e1 zjevn\u011b chu\u0165 ani odvahu to ud\u011blat. T\u0159eba i v Mili\u00f3nu chvilek pro demokracii jednou pochop\u00ed, \u017ee pr\u00e1v\u011b na diskuzi a svobodn\u00e9 v\u00fdm\u011bn\u011b n\u00e1zor\u016f je zalo\u017eena demokracie. Jinak by si m\u011bli zkr\u00e1tit n\u00e1zev na Milion chvilek.<\/p>\n<p>Jestli\u017ee bude Jaklovo&nbsp;<a class=\"art-urlext\" title=\"https:\/\/www.euro.cz\/politika\/klausuv-extajemnik-jakl-doplni-radu-pro-rozhlasove-a-televizni-vysilani-1445169\" href=\"https:\/\/www.euro.cz\/politika\/klausuv-extajemnik-jakl-doplni-radu-pro-rozhlasove-a-televizni-vysilani-1445169\">zvolen\u00ed do RRTV<\/a>&nbsp;zavr\u0161eno form\u00e1ln\u00edm jmenov\u00e1n\u00edm, je to dobr\u00e1 zpr\u00e1va pro celou \u010deskou medi\u00e1ln\u00ed sc\u00e9nu. Potom u\u017e zbude jen pop\u0159\u00e1t panu Jaklovi milion \u00fasp\u011b\u0161n\u00fdch pracovn\u00edch chvilek p\u0159i vymet\u00e1n\u00ed Augi\u00e1\u0161ova chl\u00e9va \u010desk\u00fdch ve\u0159ejn\u00fdch m\u00e9di\u00ed a na adresu \u010cesk\u00e9 televize trochu \u0161kodolib\u011b prohodit: \u201eNecht\u011bli jste \u0160t\u011bp\u00e1nka, tady m\u00e1te Jakla!\u201c<\/p>\n<p><em>Autor byl v letech 2006 &#8211; 2010 poslancem za ODS.<\/em><\/p>\n<p><a href=\"https:\/\/www.euro.cz\/blogy\/komentar-milion-chvilek-pro-ladislava-jakla-1448872\">Zdroj<\/a><\/p>\n<p>&nbsp;<\/p>\n<\/div>\n<div aria-live=\"off\" aria-atomic=\"true\">&nbsp;<\/div>\n<div class=\"vjs-text-track-display\" aria-live=\"off\" aria-atomic=\"true\">&nbsp;<\/div>\n<\/div>\n<\/div>\n","protected":false},"excerpt":{"rendered":"<p>Parlament schv\u00e1lil koncem b\u0159ezna nominaci Ladislava Jakla na \u010dlena Rady pro rozhlasov\u00e9 a televizn\u00ed vys\u00edl\u00e1n\u00ed. Na tom by samo o sob\u011b nebylo nic divn\u00e9ho. Co je ale divn\u00e9, \u017ee volb\u011b nep\u0159edch\u00e1zela tradi\u010dn\u00ed negativn\u00ed kampa\u0148 v \u010cesk\u00e9 televizi. Je p\u0159eci jasn\u00e9, \u017ee \u201emu\u017e s ohonem\u201c nesm\u00ed do Rady proj\u00edt za \u017e\u00e1dnou cenu. Jej\u00edm \u010dlenem p\u0159eci nem\u016f\u017ee [&hellip;]<\/p>\n","protected":false},"author":1,"featured_media":0,"comment_status":"open","ping_status":"open","sticky":false,"template":"","format":"standard","meta":{"ngg_post_thumbnail":0,"footnotes":""},"categories":[11],"tags":[],"class_list":["post-10100","post","type-post","status-publish","format-standard","hentry","category-ozvena"],"_links":{"self":[{"href":"https:\/\/www.ladislavjakl.cz\/index.php?rest_route=\/wp\/v2\/posts\/10100","targetHints":{"allow":["GET"]}}],"collection":[{"href":"https:\/\/www.ladislavjakl.cz\/index.php?rest_route=\/wp\/v2\/posts"}],"about":[{"href":"https:\/\/www.ladislavjakl.cz\/index.php?rest_route=\/wp\/v2\/types\/post"}],"author":[{"embeddable":true,"href":"https:\/\/www.ladislavjakl.cz\/index.php?rest_route=\/wp\/v2\/users\/1"}],"replies":[{"embeddable":true,"href":"https:\/\/www.ladislavjakl.cz\/index.php?rest_route=%2Fwp%2Fv2%2Fcomments&post=10100"}],"version-history":[{"count":2,"href":"https:\/\/www.ladislavjakl.cz\/index.php?rest_route=\/wp\/v2\/posts\/10100\/revisions"}],"predecessor-version":[{"id":10102,"href":"https:\/\/www.ladislavjakl.cz\/index.php?rest_route=\/wp\/v2\/posts\/10100\/revisions\/10102"}],"wp:attachment":[{"href":"https:\/\/www.ladislavjakl.cz\/index.php?rest_route=%2Fwp%2Fv2%2Fmedia&parent=10100"}],"wp:term":[{"taxonomy":"category","embeddable":true,"href":"https:\/\/www.ladislavjakl.cz\/index.php?rest_route=%2Fwp%2Fv2%2Fcategories&post=10100"},{"taxonomy":"post_tag","embeddable":true,"href":"https:\/\/www.ladislavjakl.cz\/index.php?rest_route=%2Fwp%2Fv2%2Ftags&post=10100"}],"curies":[{"name":"wp","href":"https:\/\/api.w.org\/{rel}","templated":true}]}}