{"id":10103,"date":"2019-05-07T10:02:32","date_gmt":"2019-05-07T08:02:32","guid":{"rendered":"http:\/\/www.ladislavjakl.cz\/?p=10103"},"modified":"2019-05-07T10:02:32","modified_gmt":"2019-05-07T08:02:32","slug":"senat-by-mohl-zasednout-na-obranu-ct-a-cro-smoljakovu-petici-podepsalo-16-tisic-lidi","status":"publish","type":"post","link":"https:\/\/www.ladislavjakl.cz\/?p=10103","title":{"rendered":"Sen\u00e1t by mohl zasednout na obranu \u010cT a \u010cRo, Smoljakovu petici podepsalo 16 tis\u00edc lid\u00ed"},"content":{"rendered":"<div class=\"perex\">Za \u00fa\u010dasti \u0159editele \u010cesk\u00e9 televize, \u0161\u00e9fa \u010cesk\u00e9ho rozhlasu, p\u0159edsed\u016f medi\u00e1ln\u00edch rad \u010di ministra kultury by se na pl\u00e9nu Sen\u00e1tu mohlo diskutovat o budoucnosti m\u00e9di\u00ed ve\u0159ejn\u00e9 slu\u017eby. Alespo\u0148 takov\u00fd n\u00e1vrh vze\u0161el po projedn\u00e1n\u00ed dramaticky formulovan\u00e9 petice v peti\u010dn\u00edm v\u00fdboru horn\u00ed komory parlamentu. Auto\u0159i v\u00fdzvy volaj\u00ed po tom, aby se politici zav\u00e1zali k ochran\u011b nez\u00e1vislosti obou ve\u0159ejnopr\u00e1vn\u00edch m\u00e9di\u00ed.<\/div>\n<p><!--more--><\/p>\n<div id=\"article-content\" class=\"clanek-telo clearfix\" data-ec-list=\"zpravy-inlinecontent\" data-vr-zone=\"zpravy-inlinecontent\" data-main-content=\"\">\n<p>Pod petici s n\u00e1zvem &#8222;<a class=\"komercni-odkaz\" href=\"http:\/\/www.branmemedia.cz\/\" target=\"_blank\" rel=\"noopener\" type=\"commercial\">Bra\u0148me m\u00e9dia ve\u0159ejn\u00e9 slu\u017eby!<\/a>&#8220; p\u0159idalo sv\u016fj podpis v\u00edce ne\u017e 16 tis\u00edc lid\u00ed. Jej\u00ed vznik inicioval nap\u0159\u00edklad&nbsp;publicista a scen\u00e1rista David Smoljak, p\u0159edseda \u010cesk\u00e9ho filmov\u00e9ho a televizn\u00edho svazu Martin Vadas \u010di publicista a akademik Tom\u00e1\u0161 Klva\u0148a.&nbsp;<\/p>\n<p>V\u00fdzvu na sv\u00e9m posledn\u00edm zased\u00e1n\u00ed projednal tento t\u00fdden v\u00fdbor pro vzd\u011bl\u00e1v\u00e1n\u00ed, v\u011bdu, kulturu, lidsk\u00e1 pr\u00e1va a petice a z\u00e1v\u011br byl jednozna\u010dn\u00fd. V\u00fdbor doporu\u010dil, aby se petice objevila na programu jedn\u00e9 z n\u00e1sleduj\u00edc\u00edch sch\u016fz\u00ed Sen\u00e1tu. V \u00favahu p\u0159ipad\u00e1 p\u0159edev\u0161\u00edm term\u00edn 15. \u010dervna, ale kone\u010dn\u00e9 slovo v jej\u00edm za\u0159azen\u00ed bude m\u00edt organiza\u010dn\u00ed v\u00fdbor.<\/p>\n<p>&#8222;Domn\u00edv\u00e1me se, \u017ee obavy jsou opr\u00e1vn\u011bn\u00e9 a \u017ee zejm\u00e9na v posledn\u00ed dob\u011b zesiluj\u00ed tlaky sna\u017e\u00edc\u00ed se ovliv\u0148ovat a omezovat \u010dinnost m\u00e9di\u00ed ve\u0159ejn\u00e9 slu\u017eby,&#8220; sd\u011blil serveru Aktu\u00e1ln\u011b.cz p\u0159edseda peti\u010dn\u00edho v\u00fdboru Ji\u0159\u00ed Draho\u0161, kter\u00fd stanovisko k v\u00fdzv\u011b p\u0159edal koleg\u016fm z organiza\u010dn\u00edho v\u00fdboru uplynul\u00fd p\u00e1tek. Podle Draho\u0161e kritika m\u00e9di\u00ed ve\u0159ejn\u00e9 slu\u017eby &#8222;nesm\u00ed v\u00e9st k ovliv\u0148ov\u00e1n\u00ed toho, co je mo\u017en\u00e9 a co se nesm\u00ed zve\u0159ej\u0148ovat, a snaze zlikvidovat ve\u0159ejnopr\u00e1vn\u00ed m\u00e9dia&#8220;.<\/p>\n<p>Inici\u00e1to\u0159i petice ji Sen\u00e1tu p\u0159edlo\u017eili u\u017e loni v \u010dervnu. Tehdy m\u011bla hlavn\u011b \u010cT za sebou verb\u00e1ln\u00ed \u00fatoky ze strany prezidenta Milo\u0161e Zemana, dne\u0161n\u00edho premi\u00e9ra Andreje Babi\u0161e \u010di \u0161\u00e9fa SPD Tomia Okamury. Posledn\u00ed jmenovan\u00fd t\u0159eba vyzval ke zru\u0161en\u00ed koncesion\u00e1\u0159sk\u00fdch poplatk\u016f.<\/p>\n<p><strong>Tlaky na \u010cT a \u010cRo jsou podle Smoljaka v\u011bt\u0161\u00ed ne\u017e d\u0159\u00edve<\/strong><\/p>\n<p>Podle Smoljaka se za posledn\u00ed rok situace v tomto ohledu zklidnila. Tlaky na m\u00e9dia ve\u0159ejn\u00e9 slu\u017eby v\u0161ak nyn\u00ed spat\u0159uje v jin\u00fdch v\u011bcech, kter\u00e9 pro n\u011b mohou b\u00fdt podle n\u011bj ve v\u00fdsledku nebezpe\u010dn\u011bj\u0161\u00ed ne\u017e slovn\u00ed v\u00fdpady politik\u016f. &#8222;Sou\u010dasn\u00e1 mocensk\u00e1 aliance vys\u00edl\u00e1 do v\u0161ech medi\u00e1ln\u00edch rad c\u00edlev\u011bdom\u011b z\u00e1stupce proudu, kter\u00fd chce zpochybnit samu podstatu existence ve\u0159ejnopr\u00e1vn\u00edch m\u00e9di\u00ed, zni\u010dit je a tyto principy otev\u0159en\u011b vyhla\u0161uje,&#8220; \u0159ekl Aktu\u00e1ln\u011b.cz Smoljak.<\/p>\n<p>Nejv\u00fdrazn\u011bj\u0161\u00edm p\u0159edstavitelem tohoto proudu je n\u011bkdej\u0161\u00ed tajemn\u00edk b\u00fdval\u00e9ho prezidenta V\u00e1clava Klause&nbsp;<a href=\"https:\/\/www.aktualne.cz\/wiki\/politika\/ladislav-jakl\/r~i:wiki:3303\/\" type=\"tag\">Ladislav Jakl<\/a>, jeho\u017e Poslaneck\u00e1 sn\u011bmovna posadila do Rady pro rozhlasov\u00e9 a televizn\u00ed vys\u00edl\u00e1n\u00ed. Jakl opakovan\u011b mluvil o \u010cT a \u010cRo jako o zbyte\u010dn\u00fdch instituc\u00edch. Dal\u0161\u00ed riziko spat\u0159uje Smoljak v tom, \u017ee se ve sn\u011bmovn\u011b hromad\u00ed neschv\u00e1len\u00e9 v\u00fdro\u010dn\u00ed zpr\u00e1vy o hospoda\u0159en\u00ed a \u010dinnosti \u010cesk\u00e9 televize. Mluv\u00ed o nich jako o &#8222;gran\u00e1tu p\u0159ipraven\u00e9m k pou\u017eit\u00ed&#8220;.<\/p>\n<p>V doln\u00ed komo\u0159e parlamentu \u010dekaj\u00ed na projedn\u00e1n\u00ed na pl\u00e9nu zpr\u00e1vy o hospoda\u0159en\u00ed \u010cT za roky 2016 a 2017 a o \u010dinnosti \u010cT v letech 2016, 2017 a 2018. Podobn\u011b poslanci zanedb\u00e1vaj\u00ed zpr\u00e1vy \u010cRo o hospoda\u0159en\u00ed za rok 2017 a o \u010dinnosti za rok 2018. \u0158editel \u010cesk\u00e9 televize Petr Dvo\u0159\u00e1k o prodlev\u00e1ch ve schv\u00e1len\u00ed dokument\u016f sm\u00fd\u0161l\u00ed identicky jako jeden z autor\u016f petice Smoljak.<\/p>\n<p>&#8222;Nev\u00edm, zda jde o n\u00e1stroj, jak \u010ceskou televizi dr\u017eet v nap\u011bt\u00ed t\u00edm, \u017ee by teoreticky mohlo doj\u00edt k neschv\u00e1len\u00ed dvou zpr\u00e1v, tedy k nastartov\u00e1n\u00ed procesu, kter\u00fd m\u016f\u017ee v d\u016fsledku v\u00e9st a\u017e k jej\u00edmu ovl\u00e1dnut\u00ed politickou moc\u00ed. Ale neum\u00edm si p\u0159edstavit, jak\u00e9 d\u016fvody by k tomu sn\u011bmovna na\u0161la,&#8220; uvedl p\u0159ed n\u011bkolika dny Dvo\u0159\u00e1k.<\/p>\n<p><strong>Dv\u011b zpr\u00e1vy o \u010cT ve sn\u011bmovn\u011b u\u017e v kv\u011btnu<\/strong><\/p>\n<p>Zda se obavy \u0159editele Dvo\u0159\u00e1ka vypln\u00ed, by se m\u011blo uk\u00e1zat pom\u011brn\u011b brzy. K n\u011bkolika v\u00fdro\u010dn\u00edm dokument\u016fm \u010cT se maj\u00ed poslanci vyslovit u\u017e v kv\u011btnu. &#8222;Zpr\u00e1vy o \u010dinnosti a hospoda\u0159en\u00ed \u010cT za roky 2016 a 2017 jsou za\u0159azeny na program aktu\u00e1ln\u00ed sch\u016fze Poslaneck\u00e9 sn\u011bmovny, konkr\u00e9tn\u011b na p\u00e1tek 10. kv\u011btna,&#8220; sd\u011blila Aktu\u00e1ln\u011b.cz Martina Lustigov\u00e1 z tiskov\u00e9ho odboru sn\u011bmovny.<\/p>\n<p>Je tak ot\u00e1zka, v jak\u00e9 situaci by pl\u00e9num Sen\u00e1tu v \u010dervnu zasedlo k projedn\u00e1n\u00ed zm\u00edn\u011bn\u00e9 petice. V p\u0159\u00edpad\u011b odm\u00edtnut\u00ed zpr\u00e1v sn\u011bmovnou by sen\u00e1tn\u00ed sch\u016fze z\u00edskala \u00fapln\u011b nov\u00fd n\u00e1boj. Tak\u00e9 zat\u00edm nen\u00ed jasn\u00e9, jestli se poda\u0159\u00ed domluvit \u00fa\u010dast host\u016f navr\u017een\u00fdch peti\u010dn\u00edm v\u00fdborem. Jeho \u010dlenov\u00e9 by na pl\u00e9nu r\u00e1di vid\u011bli \u0161\u00e9fa \u010cT Dvo\u0159\u00e1ka, \u0159editele \u010cRo&nbsp;<a href=\"https:\/\/zpravy.aktualne.cz\/rene-zavoral\/l~d4acda6c2aef11e9b869ac1f6b220ee8\/\" type=\"tag\">Ren\u00e9ho Zavorala<\/a>, p\u0159edsedu velk\u00e9 medi\u00e1ln\u00ed rady Ivana Krej\u010d\u00edho \u010di ministra kultury&nbsp;<a href=\"https:\/\/zpravy.aktualne.cz\/antonin-stanek\/l~abef8b8e628011e88807ac1f6b220ee8\/\" type=\"tag\">Anton\u00edna Sta\u0148ka<\/a>.<\/p>\n<p>&#8222;Byl bych spokojen\u00fd, kdyby z jedn\u00e1n\u00ed Sen\u00e1tu jednozna\u010dn\u011b zazn\u011blo, \u017ee bude d\u011blat v\u0161e pro to, aby se tu neopakoval model z Polska \u010di Ma\u010farska, kde se vl\u00e1da m\u00e9di\u00ed ve\u0159ejn\u00e9 slu\u017eby zmocnila, ovl\u00e1dla je a vylou\u010dila z nich kritick\u00fd postoj v\u016f\u010di sob\u011b,&#8220; p\u0159eje si Smoljak, kter\u00fd s\u00e1m po dubnov\u00fdch dopl\u0148ovac\u00edch volb\u00e1ch usedne v Sen\u00e1tu. Podle n\u011bj by nez\u00e1vislosti \u010cT a \u010cRo prosp\u011bla p\u0159edev\u0161\u00edm zm\u011bna mechanismu volby medi\u00e1ln\u00edch rad, kdy by se upozadila role politik\u016f a pos\u00edlila pozice ob\u010dansk\u00fdch a profesn\u00edch spolk\u016f.<\/p>\n<p><a href=\"https:\/\/zpravy.aktualne.cz\/domaci\/senat-by-mohl-zasednout-na-obranu-ct-a-cro-petici-podepsalo\/r~a97eac78682811e9ad610cc47ab5f122\/?utm_source=mediafed&amp;utm_medium=rss&amp;utm_campaign=mediafed&amp;redirected=1556526804\">Zdroj<\/a><\/p>\n<\/div>\n","protected":false},"excerpt":{"rendered":"<p>Za \u00fa\u010dasti \u0159editele \u010cesk\u00e9 televize, \u0161\u00e9fa \u010cesk\u00e9ho rozhlasu, p\u0159edsed\u016f medi\u00e1ln\u00edch rad \u010di ministra kultury by se na pl\u00e9nu Sen\u00e1tu mohlo diskutovat o budoucnosti m\u00e9di\u00ed ve\u0159ejn\u00e9 slu\u017eby. Alespo\u0148 takov\u00fd n\u00e1vrh vze\u0161el po projedn\u00e1n\u00ed dramaticky formulovan\u00e9 petice v peti\u010dn\u00edm v\u00fdboru horn\u00ed komory parlamentu. Auto\u0159i v\u00fdzvy volaj\u00ed po tom, aby se politici zav\u00e1zali k ochran\u011b nez\u00e1vislosti obou ve\u0159ejnopr\u00e1vn\u00edch [&hellip;]<\/p>\n","protected":false},"author":1,"featured_media":0,"comment_status":"open","ping_status":"open","sticky":false,"template":"","format":"standard","meta":{"ngg_post_thumbnail":0,"footnotes":""},"categories":[11],"tags":[],"class_list":["post-10103","post","type-post","status-publish","format-standard","hentry","category-ozvena"],"_links":{"self":[{"href":"https:\/\/www.ladislavjakl.cz\/index.php?rest_route=\/wp\/v2\/posts\/10103","targetHints":{"allow":["GET"]}}],"collection":[{"href":"https:\/\/www.ladislavjakl.cz\/index.php?rest_route=\/wp\/v2\/posts"}],"about":[{"href":"https:\/\/www.ladislavjakl.cz\/index.php?rest_route=\/wp\/v2\/types\/post"}],"author":[{"embeddable":true,"href":"https:\/\/www.ladislavjakl.cz\/index.php?rest_route=\/wp\/v2\/users\/1"}],"replies":[{"embeddable":true,"href":"https:\/\/www.ladislavjakl.cz\/index.php?rest_route=%2Fwp%2Fv2%2Fcomments&post=10103"}],"version-history":[{"count":1,"href":"https:\/\/www.ladislavjakl.cz\/index.php?rest_route=\/wp\/v2\/posts\/10103\/revisions"}],"predecessor-version":[{"id":10104,"href":"https:\/\/www.ladislavjakl.cz\/index.php?rest_route=\/wp\/v2\/posts\/10103\/revisions\/10104"}],"wp:attachment":[{"href":"https:\/\/www.ladislavjakl.cz\/index.php?rest_route=%2Fwp%2Fv2%2Fmedia&parent=10103"}],"wp:term":[{"taxonomy":"category","embeddable":true,"href":"https:\/\/www.ladislavjakl.cz\/index.php?rest_route=%2Fwp%2Fv2%2Fcategories&post=10103"},{"taxonomy":"post_tag","embeddable":true,"href":"https:\/\/www.ladislavjakl.cz\/index.php?rest_route=%2Fwp%2Fv2%2Ftags&post=10103"}],"curies":[{"name":"wp","href":"https:\/\/api.w.org\/{rel}","templated":true}]}}