{"id":10107,"date":"2019-05-20T11:02:50","date_gmt":"2019-05-20T09:02:50","guid":{"rendered":"http:\/\/www.ladislavjakl.cz\/?p=10107"},"modified":"2019-05-20T11:02:50","modified_gmt":"2019-05-20T09:02:50","slug":"kambersky-z-lidovych-novin-za-urazky-jakla-me-nikdo-kritizovat-nebude-narodni-fronta-a-vaclav-havel-jsem-ja","status":"publish","type":"post","link":"https:\/\/www.ladislavjakl.cz\/?p=10107","title":{"rendered":"Kambersk\u00fd z Lidov\u00fdch novin: za ur\u00e1\u017eky Jakla m\u011b nikdo kritizovat nebude. N\u00e1rodn\u00ed fronta a V\u00e1clav Havel jsem j\u00e1!"},"content":{"rendered":"<p>N\u00e1rodn\u00ed fronta lep\u0161olid\u00ed: v\u017edy v\u00edm, co si m\u00e1te myslet. V\u017edy v\u00edm, co m\u00e1te d\u011blat. A pokud to nev\u00edte, plat\u00ed &#8222;HLAVA XXII&#8220;.<\/p>\n<p><!--more--><\/p>\n<p><strong>Pravidlo \u010d. 1) Velitel m\u00e1 v\u017edy pravdu. Pravidlo \u010d.2) Nem\u00e1 li velitel a N\u00e1rodn\u00ed fronta pra\u017esk\u00e9 kav\u00e1rny pravdu, plat\u00ed pravidlo \u010d\u00edslo jedna. Te\u010dka. Punktum.<\/strong><\/p>\n<p>Na v\u0161eobecn\u00e9 ur\u00e1\u017eky a stupidn\u00ed v\u00fdpotek nen\u00e1vistn\u00e9ho Petra Kambersk\u00e9ho na pana Jakla ne\u0161lo nesednout a nenapsat ostr\u00fd mail&nbsp; &#8211; p\u0159e\u010dt\u011bte si nejd\u0159\u00edve, na co jsem reagoval.<\/p>\n<blockquote><p>Jakl bude v rad\u011b za Okamuru. Te\u010dka. Co\u017e je mimochodem probl\u00e9m i pro samotnou velkou radu, kter\u00e1 ne \u00fapln\u011b z\u0159\u00eddka \u0159e\u0161\u00ed i pon\u011bkud slo\u017eit\u011bj\u0161\u00ed, odborn\u00e9 ot\u00e1zky. (<em><strong>\u010c\u00edm\u017e Kambersk\u00fd nazna\u010duje pro neinteligentn\u00ed lid, jak\u00fd nevzd\u011blan\u00fd blb tam byl zvolen &#8211; n\u00ed\u017ee je curriculum vitae Jakla<\/strong><\/em>)<\/p><\/blockquote>\n<blockquote><p>V\u00fdsledkem je vzestup moci krajn\u00edch partaj\u00ed a&nbsp;<strong>vzestup figur<\/strong>&nbsp;jako Zden\u011bk Ondr\u00e1\u010dek nebo&nbsp;<strong>Ladislav Jakl<\/strong>. Na tom se nic nezm\u011bn\u00ed do t\u00e9 doby, ne\u017e po p\u0159\u00ed\u0161t\u00edch volb\u00e1ch vznikne nov\u00e1 v\u011bt\u0161inov\u00e1 koalice.<\/p>\n<p>Nejslo\u017eit\u011bj\u0161\u00ed je ot\u00e1zka Jaklovy<strong>&nbsp;persony<\/strong>. Form\u00e1ln\u011b vzato t\u011b\u017eko poslanc\u016fm n\u011bco vytknout: b\u00fdval\u00fd \u0159editel politick\u00e9ho odboru Kancel\u00e1\u0159e prezidenta republiky \u010di b\u00fdval\u00fd vedouc\u00ed \u00da\u0159adu Rady \u010cR pro rozhlasov\u00e9 a televizn\u00ed vys\u00edl\u00e1n\u00ed je pap\u00edrov\u011b v\u00fdborn\u00fd kandid\u00e1t. Jen\u017ee Jakl je ve sv\u00e9 podstat\u011b i \u017eivotn\u00ed praxi<strong>&nbsp;p\u0159edev\u0161\u00edm \u0161a\u0161ek, bavi\u010d a provokat\u00e9r.<\/strong>&nbsp;Co\u017e jsou docela dobr\u00e9 p\u0159edpoklady pro politika, ale nikoli pro korektn\u00edho \u00fa\u0159edn\u00edka. Jen\u017ee RRTV nen\u00ed n\u00e1zorov\u00e9 kolbi\u0161t\u011b, ale \u00fast\u0159edn\u00ed org\u00e1n st\u00e1tn\u00ed spr\u00e1vy.<strong>&nbsp;V tomto ohledu nemohli poslanci naj\u00edt hor\u0161\u00edho kandid\u00e1ta ne\u017e pr\u00e1v\u011b Ladislava Jakla.<\/strong><\/p>\n<p>A pak je tu probl\u00e9m posledn\u00ed, n\u00e1zorov\u00fd. Pan Jakl \u0159\u00edk\u00e1 a p\u00ed\u0161e mnoh\u00e9 v\u011bci, je\u017e vychovan\u00fd \u010dlov\u011bk nevypust\u00ed z \u00fast. Jen\u017ee, m\u00e1lo platn\u00e9, reprezentuje jist\u00fd n\u00e1zorov\u00fd proud v \u010desk\u00e9 spole\u010dnosti. Proud n\u00e1rodoveck\u00fd, protievropsk\u00fd a protin\u011bmeck\u00fd, proud, jej\u017e nezt\u011bles\u0148uje jen Tomio Okamura, ale tak\u00e9 mnoz\u00ed soci\u00e1ln\u00ed demokrat\u00e9,<strong>&nbsp;komunist\u00e9 a t\u0159eba V\u00e1clavov\u00e9 Klausov\u00e9. Ano, i takov\u00ed jsme.<\/strong><\/p>\n<p>Zdroj:&nbsp;<a href=\"https:\/\/www.lidovky.cz\/nazory\/kambersky-jaklovo-zrcadlo-poslanci-si-spletli-statni-urad-s-kabaretem.A190328_204120_ln_nazory_ele\">https:\/\/www.lidovky.cz\/nazory\/kambersky-jaklovo-zrcadlo-poslanci-si-spletli-statni-urad-s-kabaretem.A190328_204120_ln_nazory_ele<\/a><\/p><\/blockquote>\n<table>\n<tbody>\n<tr>\n<td><strong>Nejd\u0159\u00edve ke vzd\u011bl\u00e1n\u00ed Ladislava Jakla:<\/strong>&nbsp;Absolvoval studium na&nbsp;<strong>Fakult\u011b \u017eurnalistiky Univerzity Karlovy<\/strong>. Je&nbsp;<strong>\u010dlenem dozor\u010d\u00ed rady<\/strong>&nbsp;Divadla v \u0158eznick\u00e9 (spolu s Viktorem Polesn\u00fdm a Arno\u0161tem Goldflamem). Je presidentem ob\u010dansk\u00e9ho sdru\u017een\u00ed Prvn\u00ed Pivn\u00ed Extraliga, kter\u00e9 se zab\u00fdv\u00e1&nbsp;<strong>degustac\u00ed a propagac\u00ed piv<\/strong>. Byl&nbsp;<strong>\u0159editelem politick\u00e9ho odboru Kancel\u00e1\u0159e prezidenta republiky<\/strong>&nbsp;a&nbsp;<strong>vedouc\u00ed \u00da\u0159adu Rady \u010cR pro rozhlasov\u00e9 a televizn\u00ed vys\u00edl\u00e1n\u00ed.<\/strong><\/p>\n<p>V roce 1994 Ladislav Jakl&nbsp;<strong>adoptoval<\/strong>&nbsp;\u0161estn\u00e1ctim\u011bs\u00ed\u010dn\u00edho&nbsp;<strong>romsk\u00e9ho chlapce<\/strong>. Tak\u017ee nikoliv m\u00f3dn\u011b nyn\u00ed, ale v roce 1994!<\/td>\n<\/tr>\n<\/tbody>\n<\/table>\n<p><strong>Neboli dle Kambersk\u00e9ho a kav\u00e1rny nekvalifikovan\u00fd primitiv&#8230;<\/strong><\/p>\n<p><strong>A nyn\u00ed mail na tuto sprostotu:<\/strong><\/p>\n<p><strong>Odesl\u00e1no:<\/strong>&nbsp;29. b\u0159ezna 2019 8:31<br \/>\n<strong>Komu:<\/strong>&nbsp;Kambersk\u00fd Petr<br \/>\n<strong>P\u0159edm\u011bt:<\/strong>&nbsp;Klaun<\/p>\n<p>Pane Kambersk\u00fd,<\/p>\n<p>jste v\u00edce jak Dostojevsk\u00e9ho idiot a nebojte, nejsem anonym.<\/p>\n<p>Mo\u017en\u00e1 je pan Jakl klaun, \u0161a\u0161ek, ale asi t\u011b\u017eko pochop\u00edte, \u017ee \u0161a\u0161ek jako ch\u00e1n musel b\u00fdt \u010dasto inteligentn\u011bj\u0161\u00ed ne\u017e p\u00e1n, aby v\u0161e podal formou \u0161a\u0161kovstv\u00ed, proto\u017ee lidem jako jste Vy sta\u010d\u00ed st\u00e1dn\u011b pl\u00e1cat a ur\u00e1\u017eet, kdy\u017e na vlastn\u00ed origin\u00e1ln\u00ed my\u0161lenky nem\u00e1te. Prost\u011b se za\u0159ad\u00edte do bol\u0161evick\u00e9ho jednotn\u00e9ho proudu a tis\u00edckr\u00e1t si m\u016f\u017eete opakovat, \u017ee nem\u00e1te Rudou kn\u00ed\u017eku. Jsou lid\u00e9 v\u011b\u0159\u00edc\u00ed, co ned\u00e1vaj\u00ed na odiv svoji v\u00edru, ale jsou hluboce poctiv\u00ed, zat\u00edmco \u0161mejdi svoji v\u00edru d\u00e1vaj\u00ed ostentativn\u011b najevo a mezit\u00edm chlastaj\u00ed jak poln\u00ed kur\u00e1t Otto Katz \u010di kradou a vra\u017ed\u00ed, aby si pak dali sv\u00e9 Zdr\u00e1vas a Ot\u010den\u00e1\u0161.<\/p>\n<p>A stejn\u00e9 je to u V\u00e1s. Sice ofici\u00e1ln\u011b bol\u0161evik nejste, ale cel\u00fdm sv\u00fdm projevem psan\u00fdm d\u00e1v\u00e1te najevo svou bol\u0161evickou v\u00edru, \u017ee jedin\u011b jedna je pravda a ta druh\u00e1 mus\u00ed b\u00fdt smetena ze stolu.<\/p>\n<p>Mysl\u00edm, \u017ee pan Jakl je p\u0159esn\u011b spr\u00e1vn\u00fd \u010dlov\u011bk na kontrolu ve\u0159ejnopr\u00e1vn\u00edch m\u00e9di\u00ed. Vzd\u011blan\u00fd a chytr\u00fd,&nbsp;<strong>sou\u010dasn\u011b pokr\u00fdv\u00e1 dal\u0161\u00ed spektrum vid\u011bn\u00ed mimo n\u00e1rodn\u00ed frontu,<\/strong>&nbsp;kterou tak adorujete. Pat\u0159\u00edte k&nbsp;t\u011bm \u0161mejd\u016fm, co ur\u00e1\u017e\u00ed Jakla za rasismus, ani\u017e v\u011bd\u00ed, \u017ee si vzal romsk\u00e9 d\u00edt\u011b a m\u00e1 ho r\u00e1d. Ale to V\u00e1m nebr\u00e1n\u00ed stejn\u011b jako jim, abyste ho ur\u00e1\u017eel a \u0161pinil. O \u010dem to sv\u011bd\u010d\u00ed? O n\u011bm, nebo o V\u00e1s?<\/p>\n<p>Bez p\u0159\u00e1n\u00ed hezk\u00e9ho dne<\/p>\n<p>Petr Pokorn\u00fd<\/p>\n<p>&#8212;&#8212;&#8212;&#8212;&#8212;&#8212;&#8212;&#8212;&#8212;&#8212;&#8212;&#8212;&#8212;&#8212;&#8212;&#8212;&#8212;&#8212;&#8212;&#8212;&#8212;&#8212;&#8212;&#8212;&#8212;&#8212;-<\/p>\n<p>&nbsp;<strong>Je jasn\u00e9, \u017ee lep\u0161o\u010dlov\u011bk v\u00ed, co si m\u00e1m myslet a pokud si to nemysl\u00edm, nejsem lep\u0161o\u010dlov\u011bk j\u00e1! Pr\u00fd to nemyslel hanliv\u011b, pouze je haliv\u00fd cel\u00fd \u010dl\u00e1nek!<\/strong><\/p>\n<p>V\u00e1\u017een\u00fd pane Pokorn\u00fd,<\/p>\n<p>r\u00e1d bych s V\u00e1mi polemizoval &#8211; t\u0159eba o tom, \u017ee jsme slovo \u0161a\u0161ek v\u016fbec nemyslel tak hanliv\u011b jak si to vykl\u00e1d\u00e1te (p\u00ed\u0161i, \u017ee b\u00fdt \u0161oumen a provokat\u00e9r je dobr\u00e1 kvalifikace pro politika) .<br \/>\nAle pokud mi p\u00ed\u0161ete &#8222;lidem jako jste Vy sta\u010d\u00ed st\u00e1dn\u011b pl\u00e1cat a ur\u00e1\u017eet, kdy\u017e na vlastn\u00ed origin\u00e1ln\u00ed my\u0161lenky nem\u00e1te. Prost\u011b se za\u0159ad\u00edte do bol\u0161evick\u00e9ho jednotn\u00e9ho proudu&nbsp;&#8220; tak p\u0159est\u00e1v\u00e1m \u010d\u00edst a debatu kon\u010d\u00edm. Jsme ochoten se bavit s k\u00fdmkoli o \u010demkoli, ale pr\u00e1zdn\u00e9 ur\u00e1\u017eky jsou opravdu jen pl\u00fdtv\u00e1n\u00edm \u010dasu.<\/p>\n<p>Tak\u017ee spam a blokace adresy.<\/p>\n<p>S pozdravy<br \/>\nPetr Kambersk\u00fd<\/p>\n<p><strong>S lidmi, co tvrd\u011b odm\u00edtaj\u00ed m\u00e9 ur\u00e1\u017eky, kter\u00e9 sm\u00edm pouze j\u00e1 lep\u0161o\u010dlov\u011bk Kambersk\u00fd, se nemluv\u00ed&#8230;<\/strong><\/p>\n<p>&nbsp;P.S. Pan Kambersk\u00fd je vystudovan\u00fd sociolog, tak\u017ee v\u00ed v\u00edc, ne\u017e my.<\/p>\n<p><a href=\"http:\/\/skrytapravda.cz\/domaci\/2378-kambersky-z-lidovych-novin-za-urazky-jakla-me-nikdo-kritizovat-nebude-narodni-fronta-a-vaclav-havel-jsem-ja\">Zdroj<\/a><\/p>\n","protected":false},"excerpt":{"rendered":"<p>N\u00e1rodn\u00ed fronta lep\u0161olid\u00ed: v\u017edy v\u00edm, co si m\u00e1te myslet. V\u017edy v\u00edm, co m\u00e1te d\u011blat. A pokud to nev\u00edte, plat\u00ed &#8222;HLAVA XXII&#8220;.<\/p>\n","protected":false},"author":1,"featured_media":0,"comment_status":"open","ping_status":"open","sticky":false,"template":"","format":"standard","meta":{"ngg_post_thumbnail":0,"footnotes":""},"categories":[11],"tags":[],"class_list":["post-10107","post","type-post","status-publish","format-standard","hentry","category-ozvena"],"_links":{"self":[{"href":"https:\/\/www.ladislavjakl.cz\/index.php?rest_route=\/wp\/v2\/posts\/10107","targetHints":{"allow":["GET"]}}],"collection":[{"href":"https:\/\/www.ladislavjakl.cz\/index.php?rest_route=\/wp\/v2\/posts"}],"about":[{"href":"https:\/\/www.ladislavjakl.cz\/index.php?rest_route=\/wp\/v2\/types\/post"}],"author":[{"embeddable":true,"href":"https:\/\/www.ladislavjakl.cz\/index.php?rest_route=\/wp\/v2\/users\/1"}],"replies":[{"embeddable":true,"href":"https:\/\/www.ladislavjakl.cz\/index.php?rest_route=%2Fwp%2Fv2%2Fcomments&post=10107"}],"version-history":[{"count":1,"href":"https:\/\/www.ladislavjakl.cz\/index.php?rest_route=\/wp\/v2\/posts\/10107\/revisions"}],"predecessor-version":[{"id":10108,"href":"https:\/\/www.ladislavjakl.cz\/index.php?rest_route=\/wp\/v2\/posts\/10107\/revisions\/10108"}],"wp:attachment":[{"href":"https:\/\/www.ladislavjakl.cz\/index.php?rest_route=%2Fwp%2Fv2%2Fmedia&parent=10107"}],"wp:term":[{"taxonomy":"category","embeddable":true,"href":"https:\/\/www.ladislavjakl.cz\/index.php?rest_route=%2Fwp%2Fv2%2Fcategories&post=10107"},{"taxonomy":"post_tag","embeddable":true,"href":"https:\/\/www.ladislavjakl.cz\/index.php?rest_route=%2Fwp%2Fv2%2Ftags&post=10107"}],"curies":[{"name":"wp","href":"https:\/\/api.w.org\/{rel}","templated":true}]}}