{"id":1013,"date":"2011-05-16T12:22:29","date_gmt":"2011-05-16T11:22:29","guid":{"rendered":"http:\/\/www.ladislavjakl.cz\/?p=1013"},"modified":"2011-05-16T12:22:29","modified_gmt":"2011-05-16T11:22:29","slug":"mediokracie-neexistuje-jen-laxnost-novinaru-prebirani-informaci-bez-overeni-a-prejimani-podstrcenych-kauz","status":"publish","type":"post","link":"https:\/\/www.ladislavjakl.cz\/?p=1013","title":{"rendered":"Mediokracie neexistuje, jen laxnost novin\u00e1\u0159\u016f, p\u0159eb\u00edr\u00e1n\u00ed informac\u00ed bez ov\u011b\u0159en\u00ed a p\u0159ej\u00edm\u00e1n\u00ed podstr\u010den\u00fdch kauz"},"content":{"rendered":"<p><span>Panuje v \u010cesk\u00e9 republice \u201emediokracie\u201c? <\/span><\/p>\n<p><!--more--><span>Na to jsme  se ptali politik\u016f, lid\u00ed z m\u00e9di\u00ed i odborn\u00edk\u016f, kte\u0159\u00ed se t\u00e9to problematice  v\u011bnuj\u00ed. Nap\u0159\u00edklad p\u0159edseda KS\u010cM Vojt\u011bch Filip tento term\u00edn, jak s\u00e1m  \u0159ekl, r\u00e1d pou\u017e\u00edv\u00e1. Ostatn\u00ed jsou zdr\u017eenliv\u011bj\u0161\u00ed. Podle m\u00edstop\u0159edsedy \u010cSSD  Michala Ha\u0161ka nebo poslance Daniela Korteho z TOP 09 maj\u00ed m\u00e9dia sice  velk\u00fd vliv, ale o \u201emediokracii\u201c se mluvit ned\u00e1. Ani \u0161\u00e9fredaktor  zpravodajstv\u00ed \u010cesk\u00e9 televize Karel Nov\u00e1k si nemysl\u00ed, \u017ee by u n\u00e1s m\u00e9dia  m\u011bla takov\u00e9 postaven\u00ed. \u0160\u00e9fredaktor den\u00edku E15 Tom\u00e1\u0161 Sk\u0159iv\u00e1nek upozor\u0148uje  na postup redakc\u00ed p\u0159i odkr\u00fdv\u00e1n\u00ed jednotliv\u00fdch kauz a tajemn\u00edk prezidenta  \u010cR Ladislav Jakl vid\u00ed probl\u00e9m v n\u00edzk\u00e9 \u00farovni novin\u00e1\u0159\u016f v \u010cesk\u00e9m  prost\u0159ed\u00ed. V\u00edce n\u00e1zor\u016f najdete v sobotn\u00ed report\u00e1\u017ei \u010cesk\u00fdch m\u00e9di\u00ed.<\/span><\/p>\n<p><span><a href=\"http:\/\/www.ceskamedia.cz\/article.html?id=382692\" target=\"_blank\">Zdroj<\/a><br \/>\n<\/span><\/p>\n","protected":false},"excerpt":{"rendered":"<p>Panuje v \u010cesk\u00e9 republice \u201emediokracie\u201c?<\/p>\n","protected":false},"author":1,"featured_media":0,"comment_status":"open","ping_status":"open","sticky":false,"template":"","format":"standard","meta":{"ngg_post_thumbnail":0,"footnotes":""},"categories":[11,13],"tags":[],"class_list":["post-1013","post","type-post","status-publish","format-standard","hentry","category-ozvena","category-rozhovory"],"_links":{"self":[{"href":"https:\/\/www.ladislavjakl.cz\/index.php?rest_route=\/wp\/v2\/posts\/1013","targetHints":{"allow":["GET"]}}],"collection":[{"href":"https:\/\/www.ladislavjakl.cz\/index.php?rest_route=\/wp\/v2\/posts"}],"about":[{"href":"https:\/\/www.ladislavjakl.cz\/index.php?rest_route=\/wp\/v2\/types\/post"}],"author":[{"embeddable":true,"href":"https:\/\/www.ladislavjakl.cz\/index.php?rest_route=\/wp\/v2\/users\/1"}],"replies":[{"embeddable":true,"href":"https:\/\/www.ladislavjakl.cz\/index.php?rest_route=%2Fwp%2Fv2%2Fcomments&post=1013"}],"version-history":[{"count":1,"href":"https:\/\/www.ladislavjakl.cz\/index.php?rest_route=\/wp\/v2\/posts\/1013\/revisions"}],"predecessor-version":[{"id":1014,"href":"https:\/\/www.ladislavjakl.cz\/index.php?rest_route=\/wp\/v2\/posts\/1013\/revisions\/1014"}],"wp:attachment":[{"href":"https:\/\/www.ladislavjakl.cz\/index.php?rest_route=%2Fwp%2Fv2%2Fmedia&parent=1013"}],"wp:term":[{"taxonomy":"category","embeddable":true,"href":"https:\/\/www.ladislavjakl.cz\/index.php?rest_route=%2Fwp%2Fv2%2Fcategories&post=1013"},{"taxonomy":"post_tag","embeddable":true,"href":"https:\/\/www.ladislavjakl.cz\/index.php?rest_route=%2Fwp%2Fv2%2Ftags&post=1013"}],"curies":[{"name":"wp","href":"https:\/\/api.w.org\/{rel}","templated":true}]}}