{"id":10137,"date":"2019-05-20T12:19:24","date_gmt":"2019-05-20T10:19:24","guid":{"rendered":"http:\/\/www.ladislavjakl.cz\/?p=10137"},"modified":"2019-05-20T12:19:24","modified_gmt":"2019-05-20T10:19:24","slug":"ladislav-jakl-o-integraci-debatujme-vazneji","status":"publish","type":"post","link":"https:\/\/www.ladislavjakl.cz\/?p=10137","title":{"rendered":"Ladislav Jakl: O integraci debatujme v\u00e1\u017en\u011bji"},"content":{"rendered":"<p>Prezident V\u00e1clav Klaus byl hostem po\u0159adu Interview Plus na stanici \u010cesk\u00fd rozhlas plus a m\u011bl to b\u00fdt rozhovor o nadch\u00e1zej\u00edc\u00edch volb\u00e1ch do Evropsk\u00e9ho parlamentu. Hned druh\u00e1 ot\u00e1zka moder\u00e1torova ale sm\u011b\u0159ovala k&nbsp;t\u00e9matu dvoj\u00ed kvality potravin.<\/p>\n<p><!--more--><\/p>\n<p>Te\u010f se nechci nijak dotknout erudice doty\u010dn\u00e9ho moder\u00e1tora, proto\u017ee zvolit si za v\u00fdkop k&nbsp;rozhovoru o moment\u00e1ln\u00edm stavu evropsk\u00e9 integrace takovou okrajovou technicistn\u00ed margin\u00e1lii je jen dal\u0161\u00ed uk\u00e1zkou toho, jak spole\u010densk\u00e1 debata o nejv\u00e1\u017en\u011bj\u0161\u00edch v\u011bcech svobody, demokracie a suverenity dnes vypad\u00e1 obecn\u011b.<\/p>\n<p>V&nbsp;podobn\u00e9m duchu se toti\u017e nesou nejen p\u0159edvolebn\u00ed kampan\u011b v\u011bt\u0161iny jednotliv\u00fdch kandiduj\u00edc\u00edch stran, ale i medi\u00e1ln\u00ed ozv\u011bna voleb a spole\u010densk\u00e1 diskuse mezi lidmi. Evropsk\u00e1 unie se p\u0159ed o\u010dima prom\u011bnila v&nbsp;nedemokratickou byrokratickou diktaturu a nic nenasv\u011bd\u010duje tomu, \u017ee by v&nbsp;tomto duchu nem\u011bla pokra\u010dovat. Nic j\u00ed v&nbsp;tom toti\u017e nebr\u00e1n\u00ed. Z\u00e1sadn\u00ed t\u00e9ma samotn\u00e9ho smyslu a obsahu budov\u00e1n\u00ed evropsk\u00e9ho superst\u00e1tu toti\u017e evidentn\u011b skoro nikoho nep\u00e1l\u00ed, a tak za\u017e\u00edv\u00e1me \u00fat\u011bk k&nbsp;n\u00e1hradn\u00edm subt\u00e9mat\u016fm, kter\u00e9 maj\u00ed jen vyplnit zoufal\u00e9 pr\u00e1zdno. Zd\u00e1 se, \u017ee s&nbsp;t\u00edm ani p\u0159\u00ed\u0161t\u00ed dny, t\u00fddny a m\u011bs\u00edce nic z\u00e1sadn\u00edho neud\u011blaj\u00ed. To ale neznamen\u00e1, \u017ee bychom se nad eurovolbami nem\u011bli zamyslet v\u00e1\u017en\u011bji.<\/p>\n<p><a href=\"http:\/\/institutvk.cz\/clanky\/1336.html\">Zdroj<\/a><\/p>\n","protected":false},"excerpt":{"rendered":"<p>Prezident V\u00e1clav Klaus byl hostem po\u0159adu Interview Plus na stanici \u010cesk\u00fd rozhlas plus a m\u011bl to b\u00fdt rozhovor o nadch\u00e1zej\u00edc\u00edch volb\u00e1ch do Evropsk\u00e9ho parlamentu. Hned druh\u00e1 ot\u00e1zka moder\u00e1torova ale sm\u011b\u0159ovala k&nbsp;t\u00e9matu dvoj\u00ed kvality potravin.<\/p>\n","protected":false},"author":1,"featured_media":0,"comment_status":"open","ping_status":"open","sticky":false,"template":"","format":"standard","meta":{"ngg_post_thumbnail":0,"footnotes":""},"categories":[1],"tags":[],"class_list":["post-10137","post","type-post","status-publish","format-standard","hentry","category-publikovane-clanky"],"_links":{"self":[{"href":"https:\/\/www.ladislavjakl.cz\/index.php?rest_route=\/wp\/v2\/posts\/10137","targetHints":{"allow":["GET"]}}],"collection":[{"href":"https:\/\/www.ladislavjakl.cz\/index.php?rest_route=\/wp\/v2\/posts"}],"about":[{"href":"https:\/\/www.ladislavjakl.cz\/index.php?rest_route=\/wp\/v2\/types\/post"}],"author":[{"embeddable":true,"href":"https:\/\/www.ladislavjakl.cz\/index.php?rest_route=\/wp\/v2\/users\/1"}],"replies":[{"embeddable":true,"href":"https:\/\/www.ladislavjakl.cz\/index.php?rest_route=%2Fwp%2Fv2%2Fcomments&post=10137"}],"version-history":[{"count":1,"href":"https:\/\/www.ladislavjakl.cz\/index.php?rest_route=\/wp\/v2\/posts\/10137\/revisions"}],"predecessor-version":[{"id":10138,"href":"https:\/\/www.ladislavjakl.cz\/index.php?rest_route=\/wp\/v2\/posts\/10137\/revisions\/10138"}],"wp:attachment":[{"href":"https:\/\/www.ladislavjakl.cz\/index.php?rest_route=%2Fwp%2Fv2%2Fmedia&parent=10137"}],"wp:term":[{"taxonomy":"category","embeddable":true,"href":"https:\/\/www.ladislavjakl.cz\/index.php?rest_route=%2Fwp%2Fv2%2Fcategories&post=10137"},{"taxonomy":"post_tag","embeddable":true,"href":"https:\/\/www.ladislavjakl.cz\/index.php?rest_route=%2Fwp%2Fv2%2Ftags&post=10137"}],"curies":[{"name":"wp","href":"https:\/\/api.w.org\/{rel}","templated":true}]}}