{"id":1015,"date":"2011-05-16T12:24:14","date_gmt":"2011-05-16T11:24:14","guid":{"rendered":"http:\/\/www.ladislavjakl.cz\/?p=1015"},"modified":"2011-05-16T12:24:14","modified_gmt":"2011-05-16T11:24:14","slug":"ladislav-jakl-k-situaci-kolem-vlady-na-ceske-televizi-13-5-011","status":"publish","type":"post","link":"https:\/\/www.ladislavjakl.cz\/?p=1015","title":{"rendered":"Ladislav Jakl k situaci kolem vl\u00e1dy na \u010cesk\u00e9 televizi 13. 5. 011"},"content":{"rendered":"<p><!--more--><a href=\"http:\/\/www.ct24.cz\/vysilani\/2011\/05\/13\/211411058260513-13:05-studio-ct24\/ \" target=\"_blank\">http:\/\/www.ct24.cz\/vysilani\/2011\/05\/13\/211411058260513-13:05-studio-ct24\/ <\/a><\/p>\n","protected":false},"excerpt":{"rendered":"","protected":false},"author":1,"featured_media":0,"comment_status":"open","ping_status":"open","sticky":false,"template":"","format":"standard","meta":{"ngg_post_thumbnail":0,"footnotes":""},"categories":[13],"tags":[],"class_list":["post-1015","post","type-post","status-publish","format-standard","hentry","category-rozhovory"],"_links":{"self":[{"href":"https:\/\/www.ladislavjakl.cz\/index.php?rest_route=\/wp\/v2\/posts\/1015","targetHints":{"allow":["GET"]}}],"collection":[{"href":"https:\/\/www.ladislavjakl.cz\/index.php?rest_route=\/wp\/v2\/posts"}],"about":[{"href":"https:\/\/www.ladislavjakl.cz\/index.php?rest_route=\/wp\/v2\/types\/post"}],"author":[{"embeddable":true,"href":"https:\/\/www.ladislavjakl.cz\/index.php?rest_route=\/wp\/v2\/users\/1"}],"replies":[{"embeddable":true,"href":"https:\/\/www.ladislavjakl.cz\/index.php?rest_route=%2Fwp%2Fv2%2Fcomments&post=1015"}],"version-history":[{"count":1,"href":"https:\/\/www.ladislavjakl.cz\/index.php?rest_route=\/wp\/v2\/posts\/1015\/revisions"}],"predecessor-version":[{"id":1016,"href":"https:\/\/www.ladislavjakl.cz\/index.php?rest_route=\/wp\/v2\/posts\/1015\/revisions\/1016"}],"wp:attachment":[{"href":"https:\/\/www.ladislavjakl.cz\/index.php?rest_route=%2Fwp%2Fv2%2Fmedia&parent=1015"}],"wp:term":[{"taxonomy":"category","embeddable":true,"href":"https:\/\/www.ladislavjakl.cz\/index.php?rest_route=%2Fwp%2Fv2%2Fcategories&post=1015"},{"taxonomy":"post_tag","embeddable":true,"href":"https:\/\/www.ladislavjakl.cz\/index.php?rest_route=%2Fwp%2Fv2%2Ftags&post=1015"}],"curies":[{"name":"wp","href":"https:\/\/api.w.org\/{rel}","templated":true}]}}