{"id":10329,"date":"2019-05-28T08:53:21","date_gmt":"2019-05-28T06:53:21","guid":{"rendered":"http:\/\/www.ladislavjakl.cz\/?p=10329"},"modified":"2019-05-28T08:53:21","modified_gmt":"2019-05-28T06:53:21","slug":"koho-volit-2","status":"publish","type":"post","link":"https:\/\/www.ladislavjakl.cz\/?p=10329","title":{"rendered":"KOHO VOLIT?"},"content":{"rendered":"<div class=\"mtm _5pco\" data-testid=\"post_message\" data-ft=\"{&quot;tn&quot;:&quot;K&quot;}\">\n<div id=\"id_5ce2a7cd935f75591483967\" class=\"text_exposed_root text_exposed\">\n<p>Lidi se m\u011b ptaj\u00ed, koho maj\u00ed volit. Nebudu nikomu radit v tak osobn\u00ed v\u011bci, ale vyslov\u00edm n\u00e1zor, podle \u010deho by se podle mne m\u011bl voli\u010d ny<span class=\"text_exposed_show\">n\u00ed rozhodovat.<\/span><\/p>\n<\/div>\n<\/div>\n<p><!--more--><\/p>\n<div class=\"mtm _5pco\" data-testid=\"post_message\" data-ft=\"{&quot;tn&quot;:&quot;K&quot;}\">\n<div id=\"id_5ce2a7cd935f75591483967\" class=\"text_exposed_root text_exposed\">\n<div class=\"text_exposed_show\">\n<p><strong>Nadch\u00e1zej\u00edc\u00ed volby do Evropsk\u00e9ho parlamentu jsou v\u00fdznamn\u00e9, ne \u017ee ne.<\/strong>&nbsp;Plat\u00ed sice, \u017ee nejde o \u017e\u00e1dn\u00fd parlament v prav\u00e9m slova smyslu a \u017ee jeho pravomoci jsou sp\u00ed\u0161e symbolick\u00e9. Prost\u0159ednictv\u00edm t\u011bchto voleb ale m\u016f\u017ee zazn\u00edt siln\u00fd hlas ve\u0159ejnosti v jednotliv\u00fdch \u010dlensk\u00fdch zem\u00edch Evropsk\u00e9 unie, siln\u00fd n\u00e1zor na sou\u010dasnou f\u00e1zi evropsk\u00e9 integrace a na konkr\u00e9tn\u00ed kroky konkr\u00e9tn\u00edch p\u0159edstavitel\u016f EU.<\/p>\n<p><strong>Jsou to volby zna\u010dn\u00e9 odli\u0161n\u00e9 od voleb do Poslaneck\u00e9 sn\u011bmovny.<\/strong>&nbsp;Proto i p\u0159\u00edstup voli\u010d\u016f k t\u011bmto volb\u00e1m m\u00e1 b\u00fdt odli\u0161n\u00fd. Nebudeme v nich hlasovat ani o dan\u00edch, ani o podob\u011b hospod\u00e1\u0159sk\u00e9 a soci\u00e1ln\u00ed politiky, ani o podob\u011b v\u00fdkonn\u00e9 moci. Zato budou p\u0159\u00edle\u017eitost\u00ed vyj\u00e1d\u0159it sv\u016fj n\u00e1zor na bruselskou unifikaci a centralizaci, na omezov\u00e1n\u00ed suverenity \u010dlensk\u00fdch zem\u00ed a na postupn\u00e9 odstavov\u00e1n\u00ed ve\u0159ejnosti od rozhodov\u00e1n\u00ed kdesi mimo na\u0161i zemi.<\/p>\n<p><strong>Vyu\u017eijme tuto p\u0159\u00edle\u017eitost<\/strong>&nbsp;a sv\u016fj n\u00e1zor na selh\u00e1n\u00ed integra\u010dn\u00edho procesu nechme zazn\u00edt co nejhlasit\u011bji.<\/p>\n<p><a href=\"https:\/\/pravyprostor.cz\/koho-volit-2\/\">Zdroj<\/a><\/p>\n<\/div>\n<\/div>\n<\/div>\n","protected":false},"excerpt":{"rendered":"<p>Lidi se m\u011b ptaj\u00ed, koho maj\u00ed volit. Nebudu nikomu radit v tak osobn\u00ed v\u011bci, ale vyslov\u00edm n\u00e1zor, podle \u010deho by se podle mne m\u011bl voli\u010d nyn\u00ed rozhodovat.<\/p>\n","protected":false},"author":1,"featured_media":0,"comment_status":"open","ping_status":"open","sticky":false,"template":"","format":"standard","meta":{"ngg_post_thumbnail":0,"footnotes":""},"categories":[1],"tags":[],"class_list":["post-10329","post","type-post","status-publish","format-standard","hentry","category-publikovane-clanky"],"_links":{"self":[{"href":"https:\/\/www.ladislavjakl.cz\/index.php?rest_route=\/wp\/v2\/posts\/10329","targetHints":{"allow":["GET"]}}],"collection":[{"href":"https:\/\/www.ladislavjakl.cz\/index.php?rest_route=\/wp\/v2\/posts"}],"about":[{"href":"https:\/\/www.ladislavjakl.cz\/index.php?rest_route=\/wp\/v2\/types\/post"}],"author":[{"embeddable":true,"href":"https:\/\/www.ladislavjakl.cz\/index.php?rest_route=\/wp\/v2\/users\/1"}],"replies":[{"embeddable":true,"href":"https:\/\/www.ladislavjakl.cz\/index.php?rest_route=%2Fwp%2Fv2%2Fcomments&post=10329"}],"version-history":[{"count":1,"href":"https:\/\/www.ladislavjakl.cz\/index.php?rest_route=\/wp\/v2\/posts\/10329\/revisions"}],"predecessor-version":[{"id":10330,"href":"https:\/\/www.ladislavjakl.cz\/index.php?rest_route=\/wp\/v2\/posts\/10329\/revisions\/10330"}],"wp:attachment":[{"href":"https:\/\/www.ladislavjakl.cz\/index.php?rest_route=%2Fwp%2Fv2%2Fmedia&parent=10329"}],"wp:term":[{"taxonomy":"category","embeddable":true,"href":"https:\/\/www.ladislavjakl.cz\/index.php?rest_route=%2Fwp%2Fv2%2Fcategories&post=10329"},{"taxonomy":"post_tag","embeddable":true,"href":"https:\/\/www.ladislavjakl.cz\/index.php?rest_route=%2Fwp%2Fv2%2Ftags&post=10329"}],"curies":[{"name":"wp","href":"https:\/\/api.w.org\/{rel}","templated":true}]}}