{"id":10331,"date":"2019-05-28T08:54:12","date_gmt":"2019-05-28T06:54:12","guid":{"rendered":"http:\/\/www.ladislavjakl.cz\/?p=10331"},"modified":"2019-05-28T08:54:12","modified_gmt":"2019-05-28T06:54:12","slug":"podle-jakla-pry-nikoho-nepali-budovani-evropskeho-superstatu-to-je-fakt-to-pali-jen-jakla","status":"publish","type":"post","link":"https:\/\/www.ladislavjakl.cz\/?p=10331","title":{"rendered":"Podle Jakla pr\u00fd nikoho nep\u00e1l\u00ed budov\u00e1n\u00ed evropsk\u00e9ho superst\u00e1tu. To je fakt, to p\u00e1l\u00ed jen Jakla"},"content":{"rendered":"<p>Bylo to tak: \u201ePrezident V\u00e1clav Klaus byl hostem po\u0159adu Interview Plus na stanici \u010cesk\u00fd rozhlas plus a m\u011bl to b\u00fdt rozhovor o nadch\u00e1zej\u00edc\u00edch volb\u00e1ch do Evropsk\u00e9ho parlamentu. Hned druh\u00e1 ot\u00e1zka moder\u00e1torova ale sm\u011b\u0159ovala k t\u00e9matu dvoj\u00ed kvality potravin.\u201c<\/p>\n<p><!--more--><\/p>\n<p>Podle Jakla se p\u0159ed eurovolbami v\u016fbec nemluv\u00ed o d\u016fle\u017eit\u00fdch v\u011bcech a p\u0159itom se podle n\u011bj d\u011bj\u00ed takov\u00e9 hr\u016fzy, o kter\u00fdch by se m\u011blo mluvit.<\/p>\n<p>T\u0159eba tohle: \u201eEvropsk\u00e1 unie se p\u0159ed o\u010dima prom\u011bnila v nedemokratickou byrokratickou diktaturu a nic nenasv\u011bd\u010duje tomu, \u017ee by v tomto duchu nem\u011bla pokra\u010dovat. Nic j\u00ed v tom toti\u017e nebr\u00e1n\u00ed. Z\u00e1sadn\u00ed t\u00e9ma samotn\u00e9ho smyslu a obsahu budov\u00e1n\u00ed evropsk\u00e9ho superst\u00e1tu toti\u017e evidentn\u011b skoro nikoho nep\u00e1l\u00ed, a tak za\u017e\u00edv\u00e1me \u00fat\u011bk k n\u00e1hradn\u00edm subt\u00e9mat\u016fm, kter\u00e9 maj\u00ed jen vyplnit zoufal\u00e9 pr\u00e1zdno. Zd\u00e1 se, \u017ee s t\u00edm ani p\u0159\u00ed\u0161t\u00ed dny, t\u00fddny a m\u011bs\u00edce nic z\u00e1sadn\u00edho neud\u011blaj\u00ed. To ale neznamen\u00e1, \u017ee bychom se nad eurovolbami nem\u011bli zamyslet v\u00e1\u017en\u011bji.\u201c<\/p>\n<p>V jednom m\u00e1 expert Jakl pravdu, n\u011bjak\u00fd evropsk\u00fd superst\u00e1t nikoho celkem nezaj\u00edm\u00e1, proto\u017ee to nen\u00ed nic, co by se lid\u00ed n\u011bjak t\u00fdkalo v jejich ka\u017edodennosti. Ta dvoj\u00ed kvalita potravin je taky dost pseudot\u00e9ma, v tom mus\u00edme v\u00fdjime\u010dn\u011b s Jaklem souhlasit podruh\u00e9. Je to ov\u0161em n\u011bco, co si lid\u00e9 n\u011bjak sv\u00fdmi smysly dovedou aspo\u0148 p\u0159edstavit.<\/p>\n<p>Onu \u201enedemokratickou byrokratickou diktaturu\u201c (unijn\u00ed) si taky p\u0159edstav\u00ed m\u00e1lokdo, ta se dob\u0159e vyj\u00edm\u00e1 jako fr\u00e1ze hlavn\u011b v r\u016fzn\u00fdch n\u00e1rodoveck\u00fdch vyhl\u00e1\u0161en\u00edch, aby se zd\u016fvodnilo, jak pod jhem Bruselu trp\u00edme. Proto\u017ee jinak by lidi t\u0159eba napadlo, \u017ee \u00fap\u00edme sp\u00ed\u0161 pod nedemokratickou \u010deskou byrokratickou diktaturou.<\/p>\n<p>Pokud by snad n\u011bkdo \u010dekal, \u017ee n\u00e1m Jakl uk\u00e1\u017ee cestu z temnot, bude ale zklam\u00e1n. V\u00fdzvou, \u017ee bychom se nad eurovolbami m\u011bli zamyslet v\u00e1\u017en\u011bji, jeho \u010dl\u00e1nek na str\u00e1nk\u00e1ch IVK toti\u017e kon\u010d\u00ed. Z\u016fst\u00e1v\u00e1 n\u00e1m tak jen s\u00e9rie n\u00e1zor\u016f exprezidenta Klause, kde se dozv\u00edd\u00e1me, \u017ee to v\u0161echno nem\u00e1 velk\u00fd smysl.<\/p>\n<p>O evropsk\u00fdch volb\u00e1ch se nechal Klaus v onom rozhlasov\u00e9m po\u0159adu sly\u0161et, \u017ee \u201ek \u017e\u00e1dn\u00e9 zm\u011bn\u011b nedojde\u201c. \u017de n\u011bjak\u00e9 to margin\u00e1ln\u00ed pos\u00edlen\u00ed euroskeptick\u00fdch stran mo\u017en\u00e1 bude, ale v cel\u00e9 Evrop\u011b, nikoli v \u010cesk\u00e9 republice. Tady \u017e\u00e1dn\u00e1 takov\u00e1 strana nen\u00ed, tak\u017ee u n\u00e1s v t\u011bchto volb\u00e1ch absolutn\u011b o nic nejde.\u201c<\/p>\n<p>Tak to se celkem nevyplat\u00ed diskutovat o \u010demkoli, kdy\u017e absolutn\u011b o nic nejde. Za to my ale nem\u016f\u017eeme, \u017ee Klausov\u00e9 a Jakl p\u0159edstavuj\u00ed bezv\u00fdznamnou politickou s\u00edlu. Jednoho by napadlo, \u017ee si za to mohou sami.<\/p>\n<p><a href=\"https:\/\/forum24.cz\/hlasy\/podle-jakla-pry-nikoho-nepali-budovani-evropskeho-superstatu-to-je-fakt-to-pali-jen-jakla\/\">Zdroj<\/a><\/p>\n","protected":false},"excerpt":{"rendered":"<p>Bylo to tak: \u201ePrezident V\u00e1clav Klaus byl hostem po\u0159adu Interview Plus na stanici \u010cesk\u00fd rozhlas plus a m\u011bl to b\u00fdt rozhovor o nadch\u00e1zej\u00edc\u00edch volb\u00e1ch do Evropsk\u00e9ho parlamentu. Hned druh\u00e1 ot\u00e1zka moder\u00e1torova ale sm\u011b\u0159ovala k t\u00e9matu dvoj\u00ed kvality potravin.\u201c<\/p>\n","protected":false},"author":1,"featured_media":0,"comment_status":"open","ping_status":"open","sticky":false,"template":"","format":"standard","meta":{"ngg_post_thumbnail":0,"footnotes":""},"categories":[11],"tags":[],"class_list":["post-10331","post","type-post","status-publish","format-standard","hentry","category-ozvena"],"_links":{"self":[{"href":"https:\/\/www.ladislavjakl.cz\/index.php?rest_route=\/wp\/v2\/posts\/10331","targetHints":{"allow":["GET"]}}],"collection":[{"href":"https:\/\/www.ladislavjakl.cz\/index.php?rest_route=\/wp\/v2\/posts"}],"about":[{"href":"https:\/\/www.ladislavjakl.cz\/index.php?rest_route=\/wp\/v2\/types\/post"}],"author":[{"embeddable":true,"href":"https:\/\/www.ladislavjakl.cz\/index.php?rest_route=\/wp\/v2\/users\/1"}],"replies":[{"embeddable":true,"href":"https:\/\/www.ladislavjakl.cz\/index.php?rest_route=%2Fwp%2Fv2%2Fcomments&post=10331"}],"version-history":[{"count":1,"href":"https:\/\/www.ladislavjakl.cz\/index.php?rest_route=\/wp\/v2\/posts\/10331\/revisions"}],"predecessor-version":[{"id":10332,"href":"https:\/\/www.ladislavjakl.cz\/index.php?rest_route=\/wp\/v2\/posts\/10331\/revisions\/10332"}],"wp:attachment":[{"href":"https:\/\/www.ladislavjakl.cz\/index.php?rest_route=%2Fwp%2Fv2%2Fmedia&parent=10331"}],"wp:term":[{"taxonomy":"category","embeddable":true,"href":"https:\/\/www.ladislavjakl.cz\/index.php?rest_route=%2Fwp%2Fv2%2Fcategories&post=10331"},{"taxonomy":"post_tag","embeddable":true,"href":"https:\/\/www.ladislavjakl.cz\/index.php?rest_route=%2Fwp%2Fv2%2Ftags&post=10331"}],"curies":[{"name":"wp","href":"https:\/\/api.w.org\/{rel}","templated":true}]}}