{"id":10337,"date":"2019-06-03T11:00:49","date_gmt":"2019-06-03T09:00:49","guid":{"rendered":"http:\/\/www.ladislavjakl.cz\/?p=10337"},"modified":"2019-06-03T11:00:49","modified_gmt":"2019-06-03T09:00:49","slug":"ladislava-jakla-zbili-dva-muzi-ty-ses-jakl-ten-lidr-spd-volali-na-neho-nez-pouzili-pesti","status":"publish","type":"post","link":"https:\/\/www.ladislavjakl.cz\/?p=10337","title":{"rendered":"Ladislava Jakla zbili dva mu\u017ei. \u201eTy se\u0161 Jakl, ten l\u00eddr SPD,\u201c volali na n\u011bho, ne\u017e pou\u017eili p\u011bsti"},"content":{"rendered":"<h3 class=\"perex\">Bl\u00edzk\u00e9ho spolupracovn\u00edka exprezidenta V\u00e1clava Klause a&nbsp;publicistu Ladislava Jakla&nbsp;napadli v&nbsp;metru nezn\u00e1m\u00ed \u00fato\u010dn\u00edci. D\u016fvodem \u00fatoku m\u011bla&nbsp;b\u00fdt skute\u010dnost, \u017ee v&nbsp;minulosti&nbsp;kandidoval za&nbsp;SPD. Z&nbsp;incidentu Jakl vyv\u00e1zl s&nbsp;viditeln\u00fdm potlu\u010den\u00edm, zran\u011bn\u00ed by v\u0161ak podle jeho slov nem\u011bla b\u00fdt z\u00e1va\u017en\u00e1, \u0159ekl den\u00edku&nbsp;Echo24.&nbsp;<\/h3>\n<p><!--more--><\/p>\n<p>K&nbsp;incidentu&nbsp;podle Jakla do\u0161lo&nbsp;v&nbsp;sobotu&nbsp;25. kv\u011btna&nbsp;podve\u010der p\u0159\u00edmo v&nbsp;jedouc\u00edm vag\u00f3nu vlakov\u00e9 soupravy v&nbsp;\u00faseku p\u0159ed&nbsp;stanic\u00ed N\u00e1m\u011bst\u00ed Republiky.&nbsp;\u201eSed\u011bl jsem na&nbsp;sedadle a&nbsp;najednou kdosi nade mnou zvolal: Ty se\u0161 Jakl, ten l\u00eddr SPD. A&nbsp;za\u010dal m\u011b ml\u00e1tit do&nbsp;hlavy a&nbsp;ramene. Pak m\u011b strhl na&nbsp;zem a&nbsp;na&nbsp;zast\u00e1vce hned utekl,\u201c popsal pro&nbsp;Echo24 situaci. Doplnil, \u017ee se&nbsp;domn\u00edv\u00e1, \u017ee \u00fatok m\u011bli uskute\u010dnit dva pachatel\u00e9.<\/p>\n<p>B\u00fdval\u00fd politik si z&nbsp;incidentu odnesl potlu\u010denou hlavu a&nbsp;lev\u00e9 rameno. L\u00e9ka\u0159skou pomoc bezprost\u0159edn\u011b po&nbsp;napaden\u00ed nevyhledal, n\u00e1sleduj\u00edc\u00ed den ale kv\u016fli podez\u0159en\u00ed na&nbsp;vnit\u0159n\u00ed poran\u011bn\u00ed b\u0159i\u0161n\u00ed dutiny pohotovost nav\u0161t\u00edvil. \u201eHolt nem\u00e1m v&nbsp;metru sed\u011bt a&nbsp;\u010d\u00edst si v&nbsp;telefonu. Kdybych byl st\u00e1l a&nbsp;d\u00e1val pozor, jist\u011b bych se&nbsp;mohl br\u00e1nit,\u201c okomentoval sv\u00e9 napaden\u00ed Jakl.&nbsp;<\/p>\n<p>S\u00e1m&nbsp;p\u0159\u00edpad na&nbsp;policii ani nehl\u00e1sil, policist\u00e9 v\u0161ak o&nbsp;n\u011bm byli informov\u00e1ni od&nbsp;o\u0161et\u0159uj\u00edc\u00edch l\u00e9ka\u0159\u016f po&nbsp;n\u00e1v\u0161t\u011bv\u011b pohotovosti. Zda pod\u00e1 na&nbsp;pachatele trestn\u00ed ozn\u00e1men\u00ed, zat\u00edm Ladislav Jakl rozhodnut\u00fd nen\u00ed.&nbsp;\u201eCo budu d\u011blat, to si je\u0161t\u011b promysl\u00edm. Jen soud\u00edm, \u017ee tlouct shora sed\u00edc\u00edho je zbab\u011bl\u00e9,\u201c vyj\u00e1d\u0159il se&nbsp;pro&nbsp;Echo24.&nbsp;<\/p>\n<h2 class=\"mezititulek\">Ne\u00fasp\u011b\u0161n\u00e1 kandidatura do&nbsp;Sen\u00e1tu, pot\u00e9 m\u00edsto v&nbsp;RRTV<\/h2>\n<p>Ve&nbsp;volb\u00e1ch do&nbsp;Sen\u00e1tu P\u010cR v&nbsp;roce 2018&nbsp;kandidoval Ladislav Jakl&nbsp;jako nestran\u00edk&nbsp;za&nbsp;hnut\u00ed&nbsp;SPD v&nbsp;obvodu Praha 2.&nbsp;Jeho kandidaturu&nbsp;tehdy podpo\u0159ili b\u00fdval\u00fd prezident&nbsp;V\u00e1clav Klaus i&nbsp;jeho syn V\u00e1clav Klaus mlad\u0161\u00ed.&nbsp;Ve&nbsp;volb\u00e1ch v\u0161ak neusp\u011bl, kdy\u017e&nbsp;z\u00edskal 6,37&nbsp;% hlas\u016f a&nbsp;obsadil a\u017e&nbsp;5. m\u00edsto z&nbsp;9 kandid\u00e1t\u016f.&nbsp;<\/p>\n<p>Zvolen\u00ed do&nbsp;RRTV, kam ho nominovala strana SPD \u2013&nbsp;Tomio Okamura, vyvolalo ned\u00e1vno zna\u010dn\u00fd rozruch a&nbsp;vedlo i&nbsp;ke&nbsp;spor\u016fm ve&nbsp;vl\u00e1dnouc\u00ed koalici.&nbsp;Spolupracovn\u00edk&nbsp;b\u00fdval\u00e9ho prezidenta V\u00e1clava Klause je dlouhodob\u011b zn\u00e1m&nbsp;siln\u00fdmi n\u00e1zory&nbsp;v\u016f\u010di&nbsp;ve\u0159ejnopr\u00e1vn\u00edm medi\u00edm. \u201ePokud mi vad\u00ed socialismus jinde, tak mi vad\u00ed i&nbsp;tady,\u201c \u0159ekl p\u0159ed&nbsp;ned\u00e1vnem pro&nbsp;den\u00edk&nbsp;Echo24. Dodal v\u0161ak, \u017ee si je v\u011bdom toho,&nbsp;\u017ee v&nbsp;rad\u011b mnoho nezm\u016f\u017ee.&nbsp;<\/p>\n<p>Radu tvo\u0159\u00ed 13 \u010dlen\u016f, kter\u00e9 na&nbsp;n\u00e1vrh Sn\u011bmovny jmenuje a&nbsp;odvol\u00e1v\u00e1 premi\u00e9r. Rada pro&nbsp;rozhlasov\u00e9 a&nbsp;televizn\u00ed vys\u00edl\u00e1n\u00ed mimo jin\u00e9 ud\u011bluje, m\u011bn\u00ed a&nbsp;odn\u00edm\u00e1 licence k&nbsp;provozov\u00e1n\u00ed vys\u00edl\u00e1n\u00ed, dohl\u00ed\u017e\u00ed na&nbsp;pluralitu programov\u00e9 nab\u00eddky a&nbsp;informac\u00ed a&nbsp;db\u00e1 na&nbsp;obsahovou nez\u00e1vislost vys\u00edl\u00e1n\u00ed. Rada sleduje obsah rozhlasov\u00e9ho a&nbsp;televizn\u00edho vys\u00edl\u00e1n\u00ed, za&nbsp;poru\u0161en\u00ed vys\u00edlac\u00edch z\u00e1kon\u016f ukl\u00e1d\u00e1 sankce.<\/p>\n<p><a href=\"https:\/\/echo24.cz\/a\/SCrLa\/ladislava-jakla-zbili-dva-muzi-ty-ses-jakl-ten-lidr-spd-volali-na-neho-nez-pouzili-pesti\">Zdroj<\/a><\/p>\n","protected":false},"excerpt":{"rendered":"<p>Bl\u00edzk\u00e9ho spolupracovn\u00edka exprezidenta V\u00e1clava Klause a&nbsp;publicistu Ladislava Jakla&nbsp;napadli v&nbsp;metru nezn\u00e1m\u00ed \u00fato\u010dn\u00edci. D\u016fvodem \u00fatoku m\u011bla&nbsp;b\u00fdt skute\u010dnost, \u017ee v&nbsp;minulosti&nbsp;kandidoval za&nbsp;SPD. Z&nbsp;incidentu Jakl vyv\u00e1zl s&nbsp;viditeln\u00fdm potlu\u010den\u00edm, zran\u011bn\u00ed by v\u0161ak podle jeho slov nem\u011bla b\u00fdt z\u00e1va\u017en\u00e1, \u0159ekl den\u00edku&nbsp;Echo24.&nbsp;<\/p>\n","protected":false},"author":1,"featured_media":0,"comment_status":"open","ping_status":"open","sticky":false,"template":"","format":"standard","meta":{"ngg_post_thumbnail":0,"footnotes":""},"categories":[11],"tags":[],"class_list":["post-10337","post","type-post","status-publish","format-standard","hentry","category-ozvena"],"_links":{"self":[{"href":"https:\/\/www.ladislavjakl.cz\/index.php?rest_route=\/wp\/v2\/posts\/10337","targetHints":{"allow":["GET"]}}],"collection":[{"href":"https:\/\/www.ladislavjakl.cz\/index.php?rest_route=\/wp\/v2\/posts"}],"about":[{"href":"https:\/\/www.ladislavjakl.cz\/index.php?rest_route=\/wp\/v2\/types\/post"}],"author":[{"embeddable":true,"href":"https:\/\/www.ladislavjakl.cz\/index.php?rest_route=\/wp\/v2\/users\/1"}],"replies":[{"embeddable":true,"href":"https:\/\/www.ladislavjakl.cz\/index.php?rest_route=%2Fwp%2Fv2%2Fcomments&post=10337"}],"version-history":[{"count":1,"href":"https:\/\/www.ladislavjakl.cz\/index.php?rest_route=\/wp\/v2\/posts\/10337\/revisions"}],"predecessor-version":[{"id":10338,"href":"https:\/\/www.ladislavjakl.cz\/index.php?rest_route=\/wp\/v2\/posts\/10337\/revisions\/10338"}],"wp:attachment":[{"href":"https:\/\/www.ladislavjakl.cz\/index.php?rest_route=%2Fwp%2Fv2%2Fmedia&parent=10337"}],"wp:term":[{"taxonomy":"category","embeddable":true,"href":"https:\/\/www.ladislavjakl.cz\/index.php?rest_route=%2Fwp%2Fv2%2Fcategories&post=10337"},{"taxonomy":"post_tag","embeddable":true,"href":"https:\/\/www.ladislavjakl.cz\/index.php?rest_route=%2Fwp%2Fv2%2Ftags&post=10337"}],"curies":[{"name":"wp","href":"https:\/\/api.w.org\/{rel}","templated":true}]}}