{"id":10341,"date":"2019-06-03T11:05:56","date_gmt":"2019-06-03T09:05:56","guid":{"rendered":"http:\/\/www.ladislavjakl.cz\/?p=10341"},"modified":"2019-06-03T11:05:56","modified_gmt":"2019-06-03T09:05:56","slug":"napadeny-jakl-promluvil-boli-to-beru-leky-hnula-se-mi-pater-nelituji-ze-jsem-sel-s-spd-dil-viny-ma-respekt","status":"publish","type":"post","link":"https:\/\/www.ladislavjakl.cz\/?p=10341","title":{"rendered":"Napaden\u00fd Jakl promluvil: Bol\u00ed to, beru l\u00e9ky. Hnula se mi p\u00e1te\u0159. Nelituji, \u017ee jsem \u0161el s SPD. D\u00edl viny m\u00e1 Respekt"},"content":{"rendered":"<p><strong>Ladislav Jakl, kter\u00e9ho o v\u00edkendu v metru napadli a zbili nezn\u00e1m\u00ed \u00fato\u010dn\u00edci pro jeho politick\u00e9 n\u00e1zory, bude muset znovu vyhledat l\u00e9ka\u0159skou pomoc. Zran\u011bn\u00ed ho st\u00e1le bol\u00ed, mus\u00ed u\u017e\u00edvat l\u00e9ky na bolest a na span\u00ed. Jakl to \u0159ekl Parlamentn\u00edmList\u016fm.cz. Rozhodn\u011b nelituje, \u017ee za SPD do Sen\u00e1tu kandidoval. M\u00e9dia jeho napaden\u00ed pr\u00fd nerozm\u00e1zla mo\u017en\u00e1 proto, \u017ee s t\u00edm hned neb\u011b\u017eel za novin\u00e1\u0159i a ven se to dostalo a\u017e po n\u011bkolika dnech.<\/strong><\/p>\n<p><!--more--><\/p>\n<p><strong>Jak se po \u00fatoku c\u00edt\u00edte? Musel jste znovu vyhledat l\u00e9ka\u0159skou pomoc? \u010clen RRTV Vadim Petrov v \u00fater\u00fd sd\u011blil Parlamentn\u00edmList\u016fm.cz, \u017ee jste kv\u016fli bolestem nespal.<\/strong><\/p>\n<p>Bol\u00ed to po\u0159\u00e1d stejn\u011b, i kdy\u017e beru pr\u00e1\u0161ky na span\u00ed i na bolest. Krom\u011b zjevn\u00fdch potlu\u010denin se mi asi hnula p\u00e1te\u0159. Ale holt to n\u011bjak skousnu. K l\u00e9ka\u0159i zajdu a\u017e tak ve \u010dtvrtek.<\/p>\n<p><strong>Co jste si v prvn\u00edch chv\u00edl\u00edch po napaden\u00ed pomyslel? Co jste si pomyslel o na\u0161\u00ed zemi, o stavu spole\u010dnosti, kde lid\u00e9 \u010del\u00ed fyzick\u00fdm atak\u016fm kv\u016fli tomu, co si mysl\u00ed nebo za koho kandiduj\u00ed?<\/strong><\/p>\n<p>Vlastn\u011b jsem to mohl \u010dekat, hlavn\u011b po t\u00e9 zu\u0159iv\u00e9 kampani proti m\u00e9mu zvolen\u00ed do Rady pro vys\u00edl\u00e1n\u00ed. Mysl\u00edm ale, \u017ee nejv\u00edc takov\u00ed lid\u00e9 nakonec \u0161kod\u00ed sami sob\u011b, proto\u017ee se jim po\u0159\u00e1d bude vracet, \u017ee napadli \u010dlov\u011bka jen pro jeho odli\u0161n\u00fd n\u00e1zor. Bude se jim s t\u00edm blb\u011b \u017e\u00edt.<\/p>\n<p><strong>Uv\u00e1d\u011bl jste zprvu, \u017ee si je\u0161t\u011b rozmysl\u00edte, zda budete podnikat n\u011bjak\u00e9 pr\u00e1vn\u00ed kroky. M\u00e1te u\u017e jasno, zda t\u0159eba pod\u00e1te trestn\u00ed ozn\u00e1men\u00ed? Vzhledem k tomu, \u017ee v metru jsou kamery, m\u011blo by b\u00fdt snaz\u0161\u00ed pachatele vyp\u00e1trat\u2026<\/strong><\/p>\n<p>No, ono se to stalo ve vagonu, tam nev\u00edm, jak je to monitorov\u00e1no. Ale zas u toho bylo aspo\u0148 20 sv\u011bdk\u016f. Pr\u00e1vn\u00ed kroky d\u011blat nemus\u00edm, n\u011bkdo to nahl\u00e1sil policii a ta sama od sebe u\u017e kon\u00e1. U\u017e mi i volali.<\/p>\n<p><strong>\u0158ada m\u00e9di\u00ed u\u017e o \u00fatoku na va\u0161i osobu informovala, nicm\u00e9n\u011b vzhledem k charakteru va\u0161eho napaden\u00ed a k jasn\u00e9mu politick\u00e9mu podtextu je to ve srovn\u00e1n\u00ed s napaden\u00edm poslance Feriho pon\u011bkud nesrovnateln\u00e9. Co na to \u0159\u00edk\u00e1te?<\/strong><\/p>\n<p>J\u00e1 ty ohlasy moc nesleduji, ale mo\u017en\u00e1 je rozd\u00edl v tom, \u017ee j\u00e1 jsem to nikde neprezentoval, nikam do m\u00e9di\u00ed ned\u00e1val, uniklo to tam a\u017e po dvou dnech. N\u00e1sil\u00ed je ale nutno odsuzovat v\u017edy. V\u016f\u010di komukoli.<\/p>\n<p><strong>R\u016fzn\u00e9 internetov\u00e9 diskuse a soci\u00e1ln\u00ed s\u00edt\u011b jsou pln\u00e9 v\u00fdhr\u016f\u017eek napaden\u00edm, smrt\u00ed apod., v\u017edy se ale \u0159\u00edk\u00e1, \u017ee to jsou jen bezv\u00fdznamn\u00e9 v\u00fdk\u0159iky skryt\u00e9 za internetovou anonymitu. Neob\u00e1v\u00e1te se, \u017ee se re\u00e1ln\u00e9 \u00fatoky mohou stup\u0148ovat?<\/strong><\/p>\n<p>Hlavn\u011b se takov\u00e9 v\u00fdhr\u016f\u017eky nemaj\u00ed zleh\u010dovat. Kdysi mi p\u0159i\u0161la vlna nen\u00e1vistn\u00fdch \u00fatok\u016f, kde mi vyhro\u017eovali up\u00e1len\u00edm, rozlept\u00e1n\u00edm kyselinou, ob\u011b\u0161en\u00edm. Kv\u016fli platu. Ozna\u010dil jsem autory za nen\u00e1vistnou l\u016fzu. A \u010dasopis Respekt zve\u0159ejnil mou karikaturu s bublinou \u201el\u016fzo\u201c, aby to vypadalo, \u017ee tak pohl\u00ed\u017e\u00edm na v\u0161echny lidi. T\u00edm vlastn\u011b autory on\u011bch \u00fatok\u016f h\u00e1jil.<\/p>\n<p><strong>Objevily se koment\u00e1\u0159e, \u017ee liber\u00e1ln\u00edm m\u00e9di\u00edm se prost\u011b \u00fatok na \u010dlov\u011bka va\u0161ich n\u00e1zor\u016f \u201enehod\u00ed do kr\u00e1mu\u201c. Souhlas\u00edte s t\u00edm? Skute\u010dn\u011b je mo\u017en\u00e9, \u017ee by m\u00e9dia sni\u017eovala v\u00fdznam napaden\u00ed \u010dlov\u011bka jen proto, \u017ee m\u00e1 n\u00e1zory, kter\u00e9 mohou j\u00edt proti hlavn\u00edmu proudu?<\/strong><\/p>\n<p>Zkuste hladit psa proti srsti. Moc se mu to l\u00edbit nebude.<\/p>\n<p><strong>V na\u0161em prost\u0159ed\u00ed nen\u00ed v\u016fbec norm\u00e1ln\u00ed, aby byl \u010dlov\u011bk fyzicky napaden pro sv\u00e9 politick\u00e9 p\u0159esv\u011bd\u010den\u00ed. \u010c\u00edm to podle v\u00e1s je, \u017ee se takov\u00e9 \u00fatoky za\u010d\u00ednaj\u00ed objevovat? Lze \u0159\u00edci, kdo m\u016f\u017ee za tu nen\u00e1vistnou atmosf\u00e9ru?<\/strong><\/p>\n<p>Ono to bylo v\u017edy. Jen je te\u010f snaz\u0161\u00ed ventilovat ve\u0159ejn\u011b jakoukoli hr\u016fzu a t\u00edm r\u016fzn\u00e9 cvoky inspirovat.<\/p>\n<p><strong>Nelitujete zp\u011btn\u011b, \u017ee jste za SPD kandidoval, kdy\u017e te\u010f vid\u00edte, \u017ee v\u00e1s kv\u016fli tomu mohou i napadnout? Ud\u011blal byste to stejn\u011b? P\u0159\u00edpadn\u011b, m\u00e1te v pl\u00e1nu to n\u011bkdy zkusit znovu?<\/strong><\/p>\n<p>Nelituju. A rozhodn\u011b se neza\u010dnu b\u00e1t mluvit a ps\u00e1t, co uzn\u00e1m za spr\u00e1vn\u00e9.<\/p>\n<p><strong>Mimochodem, jak hodnot\u00edte v\u00fdsledky evropsk\u00fdch voleb na na\u0161\u00ed dom\u00e1c\u00ed sc\u00e9n\u011b a v zahrani\u010d\u00ed?<\/strong><\/p>\n<p>Hlavn\u011b si nenechme nalhat, \u017ee kandidovaly n\u011bjak\u00e9 celounijn\u00ed strany. Ani to, \u017ee tyto volby mohou p\u0159ibrzdit unifikaci a centralizaci bruselsk\u00e9 \u0159\u00ed\u0161e. Ale byly rozhodn\u011b zaj\u00edmav\u00fdm testem aktu\u00e1ln\u00edho dom\u00e1c\u00edho rozlo\u017een\u00ed politick\u00fdch sil v jednotliv\u00fdch zem\u00edch. A tam se n\u011bco d\u011bje. Jen tak to lze \u010d\u00edst.<\/p>\n<p><strong>Zm\u011bn\u00ed se n\u011bjak fungov\u00e1n\u00ed EU po \u00fasp\u011bchu euroskeptick\u00fdch stran v \u0159ad\u011b zem\u00ed?<\/strong><\/p>\n<p>Unifikace, centralizace a \u0161ikana politick\u00fdch kritik\u016f Bruselu p\u0159itvrd\u00ed. Proto\u017ee oni se boj\u00ed. Oni eurovl\u00e1dci. Tak je nechme, a\u0165 se boj\u00ed.<\/p>\n<p><a href=\"https:\/\/www.parlamentnilisty.cz\/arena\/rozhovory\/Napadeny-Jakl-promluvil-Boli-to-beru-leky-Hnula-se-mi-pater-Nelituji-ze-jsem-sel-s-SPD-Dil-viny-ma-Respekt-583279\">Zdroj<\/a><\/p>\n","protected":false},"excerpt":{"rendered":"<p>Ladislav Jakl, kter\u00e9ho o v\u00edkendu v metru napadli a zbili nezn\u00e1m\u00ed \u00fato\u010dn\u00edci pro jeho politick\u00e9 n\u00e1zory, bude muset znovu vyhledat l\u00e9ka\u0159skou pomoc. Zran\u011bn\u00ed ho st\u00e1le bol\u00ed, mus\u00ed u\u017e\u00edvat l\u00e9ky na bolest a na span\u00ed. Jakl to \u0159ekl Parlamentn\u00edmList\u016fm.cz. Rozhodn\u011b nelituje, \u017ee za SPD do Sen\u00e1tu kandidoval. M\u00e9dia jeho napaden\u00ed pr\u00fd nerozm\u00e1zla mo\u017en\u00e1 proto, \u017ee s [&hellip;]<\/p>\n","protected":false},"author":1,"featured_media":0,"comment_status":"open","ping_status":"open","sticky":false,"template":"","format":"standard","meta":{"ngg_post_thumbnail":0,"footnotes":""},"categories":[13],"tags":[],"class_list":["post-10341","post","type-post","status-publish","format-standard","hentry","category-rozhovory"],"_links":{"self":[{"href":"https:\/\/www.ladislavjakl.cz\/index.php?rest_route=\/wp\/v2\/posts\/10341","targetHints":{"allow":["GET"]}}],"collection":[{"href":"https:\/\/www.ladislavjakl.cz\/index.php?rest_route=\/wp\/v2\/posts"}],"about":[{"href":"https:\/\/www.ladislavjakl.cz\/index.php?rest_route=\/wp\/v2\/types\/post"}],"author":[{"embeddable":true,"href":"https:\/\/www.ladislavjakl.cz\/index.php?rest_route=\/wp\/v2\/users\/1"}],"replies":[{"embeddable":true,"href":"https:\/\/www.ladislavjakl.cz\/index.php?rest_route=%2Fwp%2Fv2%2Fcomments&post=10341"}],"version-history":[{"count":1,"href":"https:\/\/www.ladislavjakl.cz\/index.php?rest_route=\/wp\/v2\/posts\/10341\/revisions"}],"predecessor-version":[{"id":10342,"href":"https:\/\/www.ladislavjakl.cz\/index.php?rest_route=\/wp\/v2\/posts\/10341\/revisions\/10342"}],"wp:attachment":[{"href":"https:\/\/www.ladislavjakl.cz\/index.php?rest_route=%2Fwp%2Fv2%2Fmedia&parent=10341"}],"wp:term":[{"taxonomy":"category","embeddable":true,"href":"https:\/\/www.ladislavjakl.cz\/index.php?rest_route=%2Fwp%2Fv2%2Fcategories&post=10341"},{"taxonomy":"post_tag","embeddable":true,"href":"https:\/\/www.ladislavjakl.cz\/index.php?rest_route=%2Fwp%2Fv2%2Ftags&post=10341"}],"curies":[{"name":"wp","href":"https:\/\/api.w.org\/{rel}","templated":true}]}}