{"id":10347,"date":"2019-06-03T11:10:07","date_gmt":"2019-06-03T09:10:07","guid":{"rendered":"http:\/\/www.ladislavjakl.cz\/?p=10347"},"modified":"2019-06-03T11:10:07","modified_gmt":"2019-06-03T09:10:07","slug":"ladislava-jakla-znovu-napadli","status":"publish","type":"post","link":"https:\/\/www.ladislavjakl.cz\/?p=10347","title":{"rendered":"Ladislava Jakla znovu napadli!"},"content":{"rendered":"<p><strong>Ladislav Jakl byl znovu napaden! B\u00fdval\u00fd tajemn\u00edk exprezidenta Klause a nyn\u00ed \u010dlen Rady pro rozhlasov\u00e9 a televizn\u00ed vys\u00edl\u00e1n\u00ed byl b\u011bhem jedin\u00e9ho t\u00fddne podruh\u00e9 zml\u00e1cen. Informaci Parlamentn\u00edmList\u016fm.cz potvrdil s\u00e1m Jakl.<\/strong><\/p>\n<p><!--more--><\/p>\n<p>N\u011bkdej\u0161\u00ed tajemn\u00edk prezidenta V\u00e1clava Klause a sou\u010dasn\u00fd \u010dlen Rady pro rozhlasov\u00e9 a televizn\u00ed vys\u00edl\u00e1n\u00ed Ladislav Jakl byl znovu napaden. Brut\u00e1ln\u00edmu fyzick\u00e9mu \u00fatoku pro sv\u00e9 politick\u00e9 p\u0159esv\u011bd\u010den\u00ed \u010delil u\u017e minul\u00fd v\u00edkend v pra\u017esk\u00e9m metru.<\/p>\n<p>Podle na\u0161ich zji\u0161t\u011bn\u00ed m\u011blo k druh\u00e9mu \u00fatoku doj\u00edt ve Zl\u00edn\u011b, kde byl Jakl v r\u00e1mci filmov\u00e9ho festivalu spolu s dal\u0161\u00edmi \u010dleny Rady pro rozhlasov\u00e9 a televizn\u00ed vys\u00edl\u00e1n\u00ed. Informaci, kterou p\u016fvodn\u011b Parlamentn\u00edListy.cz z\u00edskaly z n\u011bkolika zdroj\u016f, redakci potvrdil s\u00e1m Ladislav Jakl. \u201eAno. Jsem ve Vojensk\u00e9 nemocnici,\u201c napsal v SMS zpr\u00e1v\u011b.<\/p>\n<p>Na z\u00e1klad\u011b dal\u0161\u00edho zji\u0161t\u011bn\u00ed PL se Jakl v nemocnici nenach\u00e1z\u00ed v d\u016fsledku druh\u00e9ho napaden\u00ed, ale je tam kv\u016fli d\u016fkladn\u00fdm vy\u0161et\u0159en\u00edm n\u00e1sledk\u016f prvn\u00edho \u00fatoku.&nbsp;<\/p>\n<p>Druh\u00fd \u00fatok, kter\u00e9mu b\u00fdval\u00fd Klaus\u016fv tajemn\u00edk \u010delil, se odehr\u00e1l v hotelu p\u0159i sn\u00eddani. Ladislav Jakl m\u011bl b\u00fdt fyzicky napaden, dle na\u0161ich informac\u00ed ale ne u\u017e s takovou intenzitou jako v prvn\u00edm p\u0159\u00edpad\u011b. Prvotn\u00ed fyzick\u00e1 strkanice n\u00e1sledn\u011b p\u0159erostla v nad\u00e1vky a verb\u00e1ln\u00ed \u00fatoky v\u016f\u010di Jaklovi.<\/p>\n<p>Ten se nyn\u00ed ve Vojensk\u00e9 nemocnici podrobuje d\u016fkladn\u00fdm vy\u0161et\u0159en\u00edm zran\u011bn\u00ed, kter\u00e9 mu zp\u016fsobili \u00fato\u010dn\u00edci v prvn\u00edm p\u0159\u00edpad\u011b. Jakl toti\u017e ani n\u011bkolik dn\u00ed pot\u00e9 nemohl bolest\u00ed sp\u00e1t a musel u\u017e\u00edvat l\u00e9ky tlum\u00edc\u00ed bolest a l\u00e9ky na span\u00ed.<\/p>\n<p>Dal\u0161\u00ed podrobnosti o tom, jak p\u0159esn\u011b druh\u00fd \u00fatok ve Zl\u00edn\u011b prob\u00edhal, popsal redakci V\u00e1clav Jakl, bratr napaden\u00e9ho. \u201eP\u0159ipravoval si \u010daj p\u0159i sn\u00eddani v hotelu, v tom ho n\u011bkdo ude\u0159il do boku zezadu a zazn\u011blo na n\u011bj: \u201aSundej si tu \u010depici, ty debile.\u2018 Myslel si, \u017ee je to pouze drsn\u00fd \u017eert, oto\u010dil se a \u0159ekl \u00fato\u010dn\u00edkovi, a\u0165 ho neml\u00e1t\u00ed, \u017ee ho to bol\u00ed. Ten \u00fato\u010dn\u00edk \u0159ekl: \u201aV\u00edm, \u017ee to bol\u00ed, Jakle, ty debile. Proto t\u011b tam bouch\u00e1m, aby t\u011b to v\u00edc bolelo.\u2018 Bratr mu \u0159ekl, \u017ee s takovou nen\u00e1vist\u00ed se mu bude \u0161patn\u011b \u017e\u00edt. A \u00fato\u010dn\u00edk reagoval: \u201aSes posral, ty debile, poj\u010f ven a j\u00e1 ti to tam vysv\u011btl\u00edm\u2018,\u201c \u0159ekl PL Jakl\u016fv bratr V\u00e1clav s t\u00edm, \u017ee \u00fato\u010dn\u00edkem byl z\u0159ejm\u011b hotelov\u00fd host.<\/p>\n<p>K prvn\u00edmu \u00fatoku na n\u011bkdej\u0161\u00edho kandid\u00e1ta do Sen\u00e1tu za SPD Jakla do\u0161lo minulou sobotu v pra\u017esk\u00e9m metru, p\u0159\u00edmo ve vagonu na lince B p\u0159ed stanic\u00ed N\u00e1m\u011bst\u00ed Republiky.<\/p>\n<p>\u201eSed\u011bl jsem na&nbsp;sedadle a&nbsp;najednou kdosi nade mnou zvolal: \u201aTy se\u0161 Jakl, ten l\u00eddr SPD.\u2018 A&nbsp;za\u010dal m\u011b ml\u00e1tit do&nbsp;hlavy a&nbsp;ramene. Pak m\u011b strhl na&nbsp;zem a&nbsp;na&nbsp;zast\u00e1vce hned utekl,\u201c popsal tehdy Jakl pro server echo24.cz.&nbsp;<\/p>\n<p>Pozd\u011bji v rozhovoru pro Parlamentn\u00edListy.cz up\u0159esnil, \u017ee i po n\u011bkolika dnech od napaden\u00ed m\u00e1 siln\u00e9 bolesti a aby se v\u016fbec trochu vyspal, mus\u00ed u\u017e\u00edvat l\u00e9ky tlum\u00edc\u00ed bolest a l\u00e9ky na span\u00ed.<\/p>\n<p><a href=\"https:\/\/www.parlamentnilisty.cz\/zpravy\/kauzy\/Ladislava-Jakla-znovu-napadli-583601\">Zdroj<\/a><\/p>\n","protected":false},"excerpt":{"rendered":"<p>Ladislav Jakl byl znovu napaden! B\u00fdval\u00fd tajemn\u00edk exprezidenta Klause a nyn\u00ed \u010dlen Rady pro rozhlasov\u00e9 a televizn\u00ed vys\u00edl\u00e1n\u00ed byl b\u011bhem jedin\u00e9ho t\u00fddne podruh\u00e9 zml\u00e1cen. Informaci Parlamentn\u00edmList\u016fm.cz potvrdil s\u00e1m Jakl.<\/p>\n","protected":false},"author":1,"featured_media":0,"comment_status":"open","ping_status":"open","sticky":false,"template":"","format":"standard","meta":{"ngg_post_thumbnail":0,"footnotes":""},"categories":[11],"tags":[],"class_list":["post-10347","post","type-post","status-publish","format-standard","hentry","category-ozvena"],"_links":{"self":[{"href":"https:\/\/www.ladislavjakl.cz\/index.php?rest_route=\/wp\/v2\/posts\/10347","targetHints":{"allow":["GET"]}}],"collection":[{"href":"https:\/\/www.ladislavjakl.cz\/index.php?rest_route=\/wp\/v2\/posts"}],"about":[{"href":"https:\/\/www.ladislavjakl.cz\/index.php?rest_route=\/wp\/v2\/types\/post"}],"author":[{"embeddable":true,"href":"https:\/\/www.ladislavjakl.cz\/index.php?rest_route=\/wp\/v2\/users\/1"}],"replies":[{"embeddable":true,"href":"https:\/\/www.ladislavjakl.cz\/index.php?rest_route=%2Fwp%2Fv2%2Fcomments&post=10347"}],"version-history":[{"count":1,"href":"https:\/\/www.ladislavjakl.cz\/index.php?rest_route=\/wp\/v2\/posts\/10347\/revisions"}],"predecessor-version":[{"id":10348,"href":"https:\/\/www.ladislavjakl.cz\/index.php?rest_route=\/wp\/v2\/posts\/10347\/revisions\/10348"}],"wp:attachment":[{"href":"https:\/\/www.ladislavjakl.cz\/index.php?rest_route=%2Fwp%2Fv2%2Fmedia&parent=10347"}],"wp:term":[{"taxonomy":"category","embeddable":true,"href":"https:\/\/www.ladislavjakl.cz\/index.php?rest_route=%2Fwp%2Fv2%2Fcategories&post=10347"},{"taxonomy":"post_tag","embeddable":true,"href":"https:\/\/www.ladislavjakl.cz\/index.php?rest_route=%2Fwp%2Fv2%2Ftags&post=10347"}],"curies":[{"name":"wp","href":"https:\/\/api.w.org\/{rel}","templated":true}]}}