{"id":10349,"date":"2019-06-03T11:12:37","date_gmt":"2019-06-03T09:12:37","guid":{"rendered":"http:\/\/www.ladislavjakl.cz\/?p=10349"},"modified":"2019-06-03T11:12:37","modified_gmt":"2019-06-03T09:12:37","slug":"jakl-po-incidentu-ve-zline-hadejme-se-ale-bez-nenavisti","status":"publish","type":"post","link":"https:\/\/www.ladislavjakl.cz\/?p=10349","title":{"rendered":"Jakl po incidentu ve Zl\u00edn\u011b: H\u00e1dejme se, ale bez nen\u00e1visti"},"content":{"rendered":"<p>\u010clen rady pro rozhlasov\u00e9 a&nbsp;televizn\u00ed vys\u00edl\u00e1n\u00ed a&nbsp;spolupracovn\u00edk exprezidenta V\u00e1clava Klause Ladislav Jakl popsal v&nbsp;p\u00e1tek pro Novinky incident ve Zl\u00edn\u011b, kter\u00fd p\u0159i\u0161el p\u00e1r dn\u00ed pot\u00e9, co byl v&nbsp;pra\u017esk\u00e9m metru napaden. Pra\u017esk\u00e1 policie se mezit\u00edm obr\u00e1tila na ve\u0159ejnost, aby p\u0159\u00edpadn\u00ed sv\u011bdci mohli pomoci odhalit identitu pachatele, kter\u00fd na Jakla v&nbsp;metru kv\u016fli jeho sen\u00e1tn\u00ed kandidatu\u0159e za SPD za\u00fato\u010dil.<\/p>\n<p><!--more--><\/p>\n<h4>M\u016f\u017eete popsat, co se ve Zl\u00edn\u011b stalo?<\/h4>\n<p>R\u00e1no jsem v&nbsp;hotelu st\u00e1l u&nbsp;pultu s&nbsp;\u010dajem u&nbsp;sn\u00eddan\u011b a&nbsp;n\u011bkdo m\u011b najedou zezadu ude\u0159il do ledvin a&nbsp;p\u0159idal vulg\u00e1rn\u00ed pok\u0159ik. Myslel jsem, \u017ee jde o&nbsp;n\u011bjak\u00fd drsn\u00fd \u017eert, tak jsem se oto\u010dil a&nbsp;\u0159ekl doty\u010dn\u00e9mu, a\u0165 m\u011b tam nebije, \u017ee m\u011b to tam bol\u00ed. On pokra\u010doval ve vulgarit\u00e1ch a&nbsp;zvolal, \u017ee to v\u00ed, \u017ee m\u011b tam bol\u00ed, a&nbsp;pr\u00e1v\u011b proto \u017ee m\u011b pra\u0161til zrovna tam. Aby m\u011b to v\u00edc bolelo. Tak jsem mu \u0159ekl, \u017ee se mu mus\u00ed \u017e\u00edt hrozn\u011b s&nbsp;takovou nen\u00e1vist\u00ed. A&nbsp;on, a\u0165 jdu ven, \u017ee si m\u011b tam pod\u00e1. Ode\u0161el jsem od n\u011bj ke stolu, on chv\u00edli pok\u0159ikoval a&nbsp;pak \u0161el pry\u010d.<\/p>\n<p>Krom\u011b t\u00e9 jednor\u00e1zov\u00e9 bolesti se mi nic hrozn\u00e9ho nestalo, ale fakt m\u011b ohromilo, co \u0159ekl. V\u016fbec m\u011b nezn\u00e1 a&nbsp;m\u00e1 pot\u0159ebu mi promy\u0161len\u011b p\u016fsobit bolest. Tohle nech\u00e1pu.<\/p>\n<h4>Jak dopadlo vy\u0161et\u0159en\u00ed v&nbsp;nemocnici, m\u00e1te po jednom \u010di druh\u00e9m incidentu n\u011bjak\u00e9 zdravotn\u00ed obt\u00ed\u017ee?<\/h4>\n<p>Byl jsem dnes u&nbsp;l\u00e9ka\u0159e od ned\u011ble u\u017e pot\u0159et\u00ed, dostal jsem dal\u0161\u00ed l\u00e9ky a&nbsp;injekce do zad. Mysl\u00edm, \u017ee to te\u010f bude lep\u0161\u00ed. Ale l\u00e9ka\u0159 m\u011b varoval, \u017ee to bude bolet \u0159adu t\u00fddn\u016f. M\u00e1m probl\u00e9m se oto\u010dit, ohnout, nadechnout nebo se v&nbsp;noci p\u0159evalit. Moc jsem toho od soboty nenaspal. Tak\u00e9 m\u00e1m v\u00fdstavn\u011b pestrobarevn\u00e9 rameno, ruku a&nbsp;hru\u010f. V\u0161e je ale od prvn\u00edho \u00fatoku.<\/p>\n<table class=\"table_1\">\n<tbody>\n<tr class=\"highlight\">\n<td>\u010clen Rady pro rozhlasov\u00e9 a&nbsp;televizn\u00ed vys\u00edl\u00e1n\u00ed a&nbsp;ne\u00fasp\u011b\u0161n\u00fd kandid\u00e1t SPD v&nbsp;lo\u0148sk\u00fdch sen\u00e1tn\u00edch volb\u00e1ch Ladislav Jakl byl poprv\u00e9 napaden v&nbsp;sobotu ve\u010der ve voze pra\u017esk\u00e9ho metra. Vyv\u00e1zl s&nbsp;viditeln\u00fdm potlu\u010den\u00edm. Druh\u00fd incident se odehr\u00e1l ve st\u0159edu ve Zl\u00edn\u011b. Ob\u011bma p\u0159\u00edpady se zab\u00fdvaj\u00ed policist\u00e9, by\u0165 u&nbsp;zl\u00ednsk\u00e9ho p\u0159\u00edpadu p\u016fvodn\u011b policie informovala, \u017ee o&nbsp;n\u011bm nev\u00ed. \u201eNa z\u00e1klad\u011b informac\u00ed, kter\u00e9 se objevily ve ve\u0159ejn\u00e9m prostoru, jsme se z&nbsp;\u00fa\u0159edn\u00ed povinnosti za\u010dali p\u0159\u00edpadem zab\u00fdvat,\u201c \u0159ekla Pr\u00e1vu v&nbsp;p\u00e1tek po poledni mluv\u010d\u00ed zl\u00ednsk\u00e9 krajsk\u00e9 policie Lenka Javorkov\u00e1.<\/td>\n<\/tr>\n<\/tbody>\n<\/table>\n<h4>M\u00e1te od policie informace o&nbsp;vy\u0161et\u0159ov\u00e1n\u00ed prvn\u00edho incidentu?<\/h4>\n<p>Ano, v\u010dera jsem byl na skoro dvouhodinov\u00e9m v\u00fdslechu.<\/p>\n<h4>Co si mysl\u00edte o&nbsp;st\u00e1vaj\u00edc\u00ed atmosf\u00e9\u0159e ve spole\u010dnosti, kde jsou lid\u00e9 napad\u00e1ni kv\u016fli politick\u00fdm n\u00e1zor\u016fm?<\/h4>\n<p>Sta\u010d\u00ed se pod\u00edvat do internetov\u00fdch diskus\u00ed. N\u011bkdy z\u00edr\u00e1m, kam a\u017e jsou n\u011bkte\u0159\u00ed pisatel\u00e9 ochotni zaj\u00edt v\u016f\u010di lidem, kter\u00e9 osobn\u011b ani neznaj\u00ed a&nbsp;o&nbsp;kter\u00fdch maj\u00ed jen p\u0159evypr\u00e1v\u011bn\u00e9 informace z&nbsp;m\u00e9di\u00ed.<\/p>\n<h4>Co \u0159\u00edk\u00e1te na to, \u017ee p\u0159edseda SPD Tomio Okamura ve Sn\u011bmovn\u011b tvrdil, \u017ee jste byl ve Zl\u00edn\u011b zml\u00e1cen?<\/h4>\n<p>J\u00e1 jsem ani jeden z&nbsp;t\u011bch \u00fatok\u016f nezve\u0159ej\u0148oval, jen odpov\u00edd\u00e1m na ot\u00e1zky, jako te\u010f v\u00e1m. M\u00ed p\u0159\u00e1tel\u00e9 to ale v\u011bd\u00ed, a&nbsp;tak se to v&nbsp;obou p\u0159\u00edpadech ocitlo na n\u011bjak\u00fdch t\u011bch facebooc\u00edch a&nbsp;twitterech a&nbsp;t\u00edm to pak proniklo i&nbsp;do m\u00e9di\u00ed. A&nbsp;tak koluj\u00ed r\u016fzn\u00e9 interpretace. A&nbsp;ne v\u017edy jsem v&nbsp;dosahu, abych to po\u0159\u00e1d up\u0159es\u0148oval.<\/p>\n<p>T\u0159eba dnes za dopoledne jsem zaznamenal asi dvacet esemesek a&nbsp;nep\u0159ijat\u00fdch hovor\u016f od novin\u00e1\u0159\u016f, tak jsem odpov\u00eddal, \u017ee te\u010f nemohu mluvit, proto\u017ee jsem v&nbsp;nemocnici. A&nbsp;pak se do\u010dtu, \u017ee jsem snad polomrtv\u00fd. Do t\u00e9 nemocnice jsem byl ale objedn\u00e1n u\u017e v\u010dera kv\u016fli p\u011bt dn\u016f trvaj\u00edc\u00edm bolestem, ne kv\u016fli aktu\u00e1ln\u00edmu zhor\u0161en\u00ed. Tak\u017ee se nediv\u00edm, \u017ee je pak leckdo zd\u011b\u0161en.<\/p>\n<p>Hrub\u011b poml\u00e1cen jsem byl v&nbsp;sobotu ve\u010der, v&nbsp;tu st\u0159edu ve Zl\u00edn\u011b dostaly v\u011bt\u0161\u00ed r\u00e1nu ne\u017e tu do zad sp\u00ed\u0161 m\u00e9 iluze o&nbsp;lidech. H\u00e1dejme se se o&nbsp;sv\u00fdch n\u00e1zorech jakkoli vyhrocen\u011b, ale nen\u00e1vist si do sebe nepou\u0161t\u011bjme, ubl\u00ed\u017e\u00edme t\u00edm sami sob\u011b.<\/p>\n<p><a href=\"https:\/\/www.novinky.cz\/domaci\/506408-jakl-po-incidentu-ve-zline-hadejme-se-ale-bez-nenavisti.html\">Zdroj<\/a><\/p>\n","protected":false},"excerpt":{"rendered":"<p>\u010clen rady pro rozhlasov\u00e9 a&nbsp;televizn\u00ed vys\u00edl\u00e1n\u00ed a&nbsp;spolupracovn\u00edk exprezidenta V\u00e1clava Klause Ladislav Jakl popsal v&nbsp;p\u00e1tek pro Novinky incident ve Zl\u00edn\u011b, kter\u00fd p\u0159i\u0161el p\u00e1r dn\u00ed pot\u00e9, co byl v&nbsp;pra\u017esk\u00e9m metru napaden. Pra\u017esk\u00e1 policie se mezit\u00edm obr\u00e1tila na ve\u0159ejnost, aby p\u0159\u00edpadn\u00ed sv\u011bdci mohli pomoci odhalit identitu pachatele, kter\u00fd na Jakla v&nbsp;metru kv\u016fli jeho sen\u00e1tn\u00ed kandidatu\u0159e za SPD za\u00fato\u010dil.<\/p>\n","protected":false},"author":1,"featured_media":0,"comment_status":"open","ping_status":"open","sticky":false,"template":"","format":"standard","meta":{"ngg_post_thumbnail":0,"footnotes":""},"categories":[13],"tags":[],"class_list":["post-10349","post","type-post","status-publish","format-standard","hentry","category-rozhovory"],"_links":{"self":[{"href":"https:\/\/www.ladislavjakl.cz\/index.php?rest_route=\/wp\/v2\/posts\/10349","targetHints":{"allow":["GET"]}}],"collection":[{"href":"https:\/\/www.ladislavjakl.cz\/index.php?rest_route=\/wp\/v2\/posts"}],"about":[{"href":"https:\/\/www.ladislavjakl.cz\/index.php?rest_route=\/wp\/v2\/types\/post"}],"author":[{"embeddable":true,"href":"https:\/\/www.ladislavjakl.cz\/index.php?rest_route=\/wp\/v2\/users\/1"}],"replies":[{"embeddable":true,"href":"https:\/\/www.ladislavjakl.cz\/index.php?rest_route=%2Fwp%2Fv2%2Fcomments&post=10349"}],"version-history":[{"count":1,"href":"https:\/\/www.ladislavjakl.cz\/index.php?rest_route=\/wp\/v2\/posts\/10349\/revisions"}],"predecessor-version":[{"id":10350,"href":"https:\/\/www.ladislavjakl.cz\/index.php?rest_route=\/wp\/v2\/posts\/10349\/revisions\/10350"}],"wp:attachment":[{"href":"https:\/\/www.ladislavjakl.cz\/index.php?rest_route=%2Fwp%2Fv2%2Fmedia&parent=10349"}],"wp:term":[{"taxonomy":"category","embeddable":true,"href":"https:\/\/www.ladislavjakl.cz\/index.php?rest_route=%2Fwp%2Fv2%2Fcategories&post=10349"},{"taxonomy":"post_tag","embeddable":true,"href":"https:\/\/www.ladislavjakl.cz\/index.php?rest_route=%2Fwp%2Fv2%2Ftags&post=10349"}],"curies":[{"name":"wp","href":"https:\/\/api.w.org\/{rel}","templated":true}]}}