{"id":10352,"date":"2019-06-06T11:09:16","date_gmt":"2019-06-06T09:09:16","guid":{"rendered":"http:\/\/www.ladislavjakl.cz\/?p=10352"},"modified":"2019-06-06T11:09:16","modified_gmt":"2019-06-06T09:09:16","slug":"neduveryhodna-solidarita","status":"publish","type":"post","link":"https:\/\/www.ladislavjakl.cz\/?p=10352","title":{"rendered":"NED\u016eV\u011aRYHODN\u00c1 SOLIDARITA"},"content":{"rendered":"<p>&nbsp;<\/p>\n<p>Ladislav Jakl byl zml\u00e1cen v metru, zjevn\u011b n\u011bk\u00fdm, kdo nem\u00e1 r\u00e1d Svobodu a demokracii podle Tomia Okamury. Jakl se t\u00edm nechlubil. B\u00fdt za chud\u00e1ka je pro frontmena rockov\u00e9 kapely a r\u00e1zn\u00e9ho publicistu zcela kontraproduktivn\u00ed imid\u017e. Doktor to ale rutinn\u011b nahl\u00e1sil policii, a kdy\u017e incident ve\u0161el ve zn\u00e1most, n\u011bkte\u0159\u00ed politici a kolegov\u00e9 z m\u00e9di\u00ed ve\u0159ejn\u011b odsoudili n\u00e1sil\u00ed veden\u00e9 nesn\u00e1\u0161enlivost\u00ed k jin\u00e9mu politick\u00e9mu n\u00e1zoru a Jakla se zastali.<\/p>\n<p><!--more--><\/p>\n<p>Solidarita s medi\u00e1ln\u011b zn\u00e1m\u00fdm \u010dinitelem, kter\u00fd je zbit \u010di zabit kv\u016fli politice, poz\u016fst\u00e1v\u00e1 zpravidla z \u00favodu, ve kter\u00e9m se \u0159ekne cosi ve smyslu \u201enesouhlas\u00edm s jeho n\u00e1zory a nem\u00e1m s n\u00edm nic spole\u010dn\u00e9ho\u201c a n\u00e1sleduje moralistn\u00ed kli\u0161\u00e9 o tom, \u017ee b\u00edt \u010dlov\u011bka kv\u016fli jeho politick\u00fdm n\u00e1zor\u016fm je \u0161patn\u011b. Vyjad\u0159ov\u00e1n\u00ed solidarity je discipl\u00edna, ve kter\u00e9 se v p\u0159\u00edzniv\u00e9m sv\u011btle prezentuj\u00ed ti, kter\u00fdm se nic nestalo a p\u0159i t\u00e9 p\u0159\u00edle\u017eitosti trochu popl\u00edsn\u00ed potlu\u010den\u00e9ho. Ob\u00e1v\u00e1m se, \u017ee tento ne\u0161var jsme si osvojili kv\u016fli Voltairovi, kter\u00fd komusi, na koho si u\u017e dnes nikdo nevzpomene, \u0159ekl, \u017ee s n\u00edm sice nesouhlas\u00ed, ale je ochoten polo\u017eit \u017eivot za to, aby sv\u016fj n\u00e1zor mohl projevit.<\/p>\n<p>To nutk\u00e1n\u00ed pohovo\u0159it d\u016fle\u017eit\u011b o sob\u011b u p\u0159\u00edle\u017eitosti n\u00e1sil\u00ed sp\u00e1chan\u00e9ho na druh\u00e9m, \u010din\u00ed solidaritu ned\u016fv\u011bryhodnou, pokryteckou, bezcennou. Aby odsouzen\u00ed fyzick\u00e9ho n\u00e1sil\u00ed p\u016fsobilo up\u0159\u00edmn\u011b, nem\u011bli bychom ho deklarovat s pov\u00fd\u0161en\u00fdm distancem v\u016f\u010di ob\u011bti. K\u00e1drovat potlu\u010den\u00e9ho je jako kopat do mrtvoly. D\u011bl\u00e1 se to pravda b\u011b\u017en\u011b, ale je to nevkusn\u00e9.<\/p>\n<p>L\u00e1\u010fa Jakl je kolega, oba jsme sv\u00e9ho \u010dasu publikovali v Lidov\u00fdch novin\u00e1ch. Kdy\u017e n\u011bkdo pra\u0161t\u00ed \u010dlov\u011bka, kter\u00fd stejn\u011b jako j\u00e1 p\u0159em\u00fd\u0161l\u00ed nahlas o stavu sv\u011bta, je to jako by pra\u0161til i mne. Jsem si zkr\u00e1tka dob\u0159e v\u011bdom toho, \u017ee Jakl dostal p\u0159es dr\u017eku i za mne. A p\u0159ijde mi pitom\u00e9, \u017ee se ocit\u00e1me ve v\u011bku, kdy u\u017e to t\u011bm svalnat\u00fdm liber\u00e1ln\u00edm demokrat\u016fm obt\u00ed\u017en\u011b svedeme vr\u00e1tit.<\/p>\n<p>Pokud bych m\u011bl p\u0159isp\u011bt do debaty o Jaklovi, p\u0159ijde mi vhodn\u00e9 upozornit na to, co \u0159ekl v jednom star\u0161\u00edm rozhovoru, kdy\u017e byl t\u00e1z\u00e1n, pro\u010d se jeho rockov\u00e1 skupina jmenuje Folimanka Blues, kdy\u017e se nejedn\u00e1 o bluesovou kapelu. \u0158ekl, \u017ee i v bigb\u00edtu mus\u00ed b\u00fdt c\u00edtit blues. Tak\u00e9 si to mysl\u00edm. Blues je jak\u00fdsi spodn\u00ed proud, kter\u00fd m\u00e1me v\u0161ichni spole\u010dn\u00fd, rocke\u0159i, folka\u0159i \u010di jazzmani. Blues je to, co \u010dlov\u011bka prov\u00e1z\u00ed na cest\u011b, dr\u017e\u00ed nad vodou. Blues nen\u00ed jen Mayal, Clapton, Winter a v\u0161ichni ti kr\u00e1sn\u00ed sta\u0159\u00edci co \u0159e\u017eou do kytar. Blues je i cenn\u00e9 d\u011bdictv\u00ed po \u010derno\u0161\u00edch co dost\u00e1vali do dr\u017eky od t\u011bch, kte\u0159\u00ed se pova\u017eovali za n\u011bco lep\u0161\u00edho. Vyzp\u00edvali se z toho.<\/p>\n<p><a href=\"https:\/\/www.kulturni-noviny.cz\/nezavisle-vydavatelske-a-medialni-druzstvo\/archiv\/online\/2019\/23-2019\/neduveryhodna-solidarita\">Zdroj<\/a><\/p>\n","protected":false},"excerpt":{"rendered":"<p>&nbsp; Ladislav Jakl byl zml\u00e1cen v metru, zjevn\u011b n\u011bk\u00fdm, kdo nem\u00e1 r\u00e1d Svobodu a demokracii podle Tomia Okamury. Jakl se t\u00edm nechlubil. B\u00fdt za chud\u00e1ka je pro frontmena rockov\u00e9 kapely a r\u00e1zn\u00e9ho publicistu zcela kontraproduktivn\u00ed imid\u017e. Doktor to ale rutinn\u011b nahl\u00e1sil policii, a kdy\u017e incident ve\u0161el ve zn\u00e1most, n\u011bkte\u0159\u00ed politici a kolegov\u00e9 z m\u00e9di\u00ed ve\u0159ejn\u011b [&hellip;]<\/p>\n","protected":false},"author":1,"featured_media":0,"comment_status":"open","ping_status":"open","sticky":false,"template":"","format":"standard","meta":{"ngg_post_thumbnail":0,"footnotes":""},"categories":[11],"tags":[],"class_list":["post-10352","post","type-post","status-publish","format-standard","hentry","category-ozvena"],"_links":{"self":[{"href":"https:\/\/www.ladislavjakl.cz\/index.php?rest_route=\/wp\/v2\/posts\/10352","targetHints":{"allow":["GET"]}}],"collection":[{"href":"https:\/\/www.ladislavjakl.cz\/index.php?rest_route=\/wp\/v2\/posts"}],"about":[{"href":"https:\/\/www.ladislavjakl.cz\/index.php?rest_route=\/wp\/v2\/types\/post"}],"author":[{"embeddable":true,"href":"https:\/\/www.ladislavjakl.cz\/index.php?rest_route=\/wp\/v2\/users\/1"}],"replies":[{"embeddable":true,"href":"https:\/\/www.ladislavjakl.cz\/index.php?rest_route=%2Fwp%2Fv2%2Fcomments&post=10352"}],"version-history":[{"count":1,"href":"https:\/\/www.ladislavjakl.cz\/index.php?rest_route=\/wp\/v2\/posts\/10352\/revisions"}],"predecessor-version":[{"id":10353,"href":"https:\/\/www.ladislavjakl.cz\/index.php?rest_route=\/wp\/v2\/posts\/10352\/revisions\/10353"}],"wp:attachment":[{"href":"https:\/\/www.ladislavjakl.cz\/index.php?rest_route=%2Fwp%2Fv2%2Fmedia&parent=10352"}],"wp:term":[{"taxonomy":"category","embeddable":true,"href":"https:\/\/www.ladislavjakl.cz\/index.php?rest_route=%2Fwp%2Fv2%2Fcategories&post=10352"},{"taxonomy":"post_tag","embeddable":true,"href":"https:\/\/www.ladislavjakl.cz\/index.php?rest_route=%2Fwp%2Fv2%2Ftags&post=10352"}],"curies":[{"name":"wp","href":"https:\/\/api.w.org\/{rel}","templated":true}]}}