{"id":10358,"date":"2019-06-06T11:12:16","date_gmt":"2019-06-06T09:12:16","guid":{"rendered":"http:\/\/www.ladislavjakl.cz\/?p=10358"},"modified":"2019-06-06T11:12:16","modified_gmt":"2019-06-06T09:12:16","slug":"napadeny-jakl-vyhrozuji-mi-smrti-utok-na-feriho-byl-jiny-ja-to-nikde-nevytruboval","status":"publish","type":"post","link":"https:\/\/www.ladislavjakl.cz\/?p=10358","title":{"rendered":"Napaden\u00fd Jakl: Vyhro\u017euj\u00ed mi smrt\u00ed. \u00datok na Feriho byl jin\u00fd, j\u00e1 to nikde nevytruboval"},"content":{"rendered":"<p>C\u00edt\u00edm v\u016f\u010di sob\u011b nen\u00e1vist, ter\u010dem v\u00fdhr\u016f\u017eek jsem dlouhodob\u011b, prvn\u00ed \u00fatok byl ur\u010dit\u011b politicky motivovan\u00fd, \u0159\u00edk\u00e1 \u010dlen Rady pro rozhlasov\u00e9 a televizn\u00ed vys\u00edl\u00e1n\u00ed Ladislav Jakl, kter\u00e9ho do funkce nominovala SPD. Po \u00fatoku v pra\u017esk\u00e9m metru pr\u00fd n\u00e1sledoval dal\u0161\u00ed v hotelu ve Zl\u00edn\u011b. P\u0159i sn\u00eddani m\u011b n\u011bkdo pra\u0161til do zad a sprost\u011b mi nad\u00e1val, tvrd\u00ed Jakl. Byl to typov\u011b n\u011bkdo, kdo pova\u017euje \u010dlov\u011bka jakkoliv spojen\u00e9ho s SPD za vhodn\u00e9ho k bit\u00ed. Ve\u0159ejn\u011b budu p\u016fsobit d\u00e1l, neum\u00edm si p\u0159edstavit, \u017ee bych se za\u010dal chovat jinak, dod\u00e1v\u00e1 radn\u00ed.<\/p>\n<p><!--more--><\/p>\n<p>Video <a href=\"https:\/\/video.aktualne.cz\/dvtv\/napadeny-jakl-vyhrozuji-mi-smrti-utok-na-feriho-byl-jiny-ja\/r~09e283d883bc11e993a6ac1f6b220ee8\/\">ZDE<\/a><\/p>\n","protected":false},"excerpt":{"rendered":"<p>C\u00edt\u00edm v\u016f\u010di sob\u011b nen\u00e1vist, ter\u010dem v\u00fdhr\u016f\u017eek jsem dlouhodob\u011b, prvn\u00ed \u00fatok byl ur\u010dit\u011b politicky motivovan\u00fd, \u0159\u00edk\u00e1 \u010dlen Rady pro rozhlasov\u00e9 a televizn\u00ed vys\u00edl\u00e1n\u00ed Ladislav Jakl, kter\u00e9ho do funkce nominovala SPD. Po \u00fatoku v pra\u017esk\u00e9m metru pr\u00fd n\u00e1sledoval dal\u0161\u00ed v hotelu ve Zl\u00edn\u011b. P\u0159i sn\u00eddani m\u011b n\u011bkdo pra\u0161til do zad a sprost\u011b mi nad\u00e1val, tvrd\u00ed Jakl. Byl [&hellip;]<\/p>\n","protected":false},"author":1,"featured_media":0,"comment_status":"open","ping_status":"open","sticky":false,"template":"","format":"standard","meta":{"ngg_post_thumbnail":0,"footnotes":""},"categories":[13,12],"tags":[],"class_list":["post-10358","post","type-post","status-publish","format-standard","hentry","category-rozhovory","category-video"],"_links":{"self":[{"href":"https:\/\/www.ladislavjakl.cz\/index.php?rest_route=\/wp\/v2\/posts\/10358","targetHints":{"allow":["GET"]}}],"collection":[{"href":"https:\/\/www.ladislavjakl.cz\/index.php?rest_route=\/wp\/v2\/posts"}],"about":[{"href":"https:\/\/www.ladislavjakl.cz\/index.php?rest_route=\/wp\/v2\/types\/post"}],"author":[{"embeddable":true,"href":"https:\/\/www.ladislavjakl.cz\/index.php?rest_route=\/wp\/v2\/users\/1"}],"replies":[{"embeddable":true,"href":"https:\/\/www.ladislavjakl.cz\/index.php?rest_route=%2Fwp%2Fv2%2Fcomments&post=10358"}],"version-history":[{"count":1,"href":"https:\/\/www.ladislavjakl.cz\/index.php?rest_route=\/wp\/v2\/posts\/10358\/revisions"}],"predecessor-version":[{"id":10359,"href":"https:\/\/www.ladislavjakl.cz\/index.php?rest_route=\/wp\/v2\/posts\/10358\/revisions\/10359"}],"wp:attachment":[{"href":"https:\/\/www.ladislavjakl.cz\/index.php?rest_route=%2Fwp%2Fv2%2Fmedia&parent=10358"}],"wp:term":[{"taxonomy":"category","embeddable":true,"href":"https:\/\/www.ladislavjakl.cz\/index.php?rest_route=%2Fwp%2Fv2%2Fcategories&post=10358"},{"taxonomy":"post_tag","embeddable":true,"href":"https:\/\/www.ladislavjakl.cz\/index.php?rest_route=%2Fwp%2Fv2%2Ftags&post=10358"}],"curies":[{"name":"wp","href":"https:\/\/api.w.org\/{rel}","templated":true}]}}