{"id":10362,"date":"2019-06-10T13:44:05","date_gmt":"2019-06-10T11:44:05","guid":{"rendered":"http:\/\/www.ladislavjakl.cz\/?p=10362"},"modified":"2019-06-10T13:44:05","modified_gmt":"2019-06-10T11:44:05","slug":"plodna-korespondence-s-n","status":"publish","type":"post","link":"https:\/\/www.ladislavjakl.cz\/?p=10362","title":{"rendered":"Plodn\u00e1 korespondence s N"},"content":{"rendered":"<p>N: Dobr\u00fd den, pane Jakle. Mluvil jsem s \u010dlov\u011bkem, kter\u00fd se v\u010dera p\u0159ihl\u00e1sil na policii s t\u00edm, \u017ee byl sou\u010d\u00e1st\u00ed incidentu s v\u00e1mi v metru. Podle jeho slov jste nicm\u00e9n\u011b dal prvn\u00ed r\u00e1nu vy. Vzpom\u00edn\u00e1te si na to? V\u00edte o tom, \u017ee se n\u011bkdo p\u0159ihl\u00e1sil na policii? Stoj\u00edte si za t\u00edm, \u017ee v\u00e1s napadli dva mu\u017ei? D\u011bkuji za odpov\u011bdi, Luk\u00e1\u0161 Prchal z Den\u00edku N<\/p>\n<p><!--more--><\/p>\n<p>L.J.: Dobr\u00fd den. Ch\u00e1pu to tak, \u017ee spolupracujete s \u00fato\u010dn\u00edkem. To je pro mne u\u017eite\u010dn\u00e1 informace.<\/p>\n<p>N: Dobr\u00fd ve\u010der, pane Jakle. Jsem novin\u00e1\u0159 a moj\u00ed prac\u00ed je pokl\u00e1dat ot\u00e1zky. Vyslechl jsem jej stejn\u011b, jako jste vyslechnut m\u00e9dii Vy. Mohl bych v\u00e1s tedy poprosit o reakci na jeho tvrzen\u00ed? D\u011bkuji a p\u0159eji klidn\u00fd ve\u010der, Prchal<\/p>\n<p>L.J.: Nevyslechl jste \u00fato\u010dn\u00edka stejn\u011b, jako jsem byl m\u00e9dii &#8222;vyslechnut&#8220; j\u00e1. J\u00e1 jsem se na \u017e\u00e1dnou redakci neobr\u00e1til. Zato on aktivn\u011b vyhledal v\u00e1s. Ud\u011blal to, proto\u017ee t\u00edm sleduje sv\u016fj z\u00e1jem. Zpochybnit sv\u016fj \u010din. A tento jeho z\u00e1jem napl\u0148ujete, kdy\u017e u mne sondujete, zda bych nebyl ochoten zm\u011bnit svou v\u00fdpov\u011b\u010f. Jsem tak\u00e9 novin\u00e1\u0159 a tak\u00e9 kladu ot\u00e1zky. Jak v\u00e1s kontaktoval? Pro\u010d zrovna v\u00e1s? Sd\u011bl\u00edte mi jeho toto\u017enost? On u\u017e mou p\u0159ece zn\u00e1.<\/p>\n<p>N: &#8230;&#8230;..<\/p>\n","protected":false},"excerpt":{"rendered":"<p>N: Dobr\u00fd den, pane Jakle. Mluvil jsem s \u010dlov\u011bkem, kter\u00fd se v\u010dera p\u0159ihl\u00e1sil na policii s t\u00edm, \u017ee byl sou\u010d\u00e1st\u00ed incidentu s v\u00e1mi v metru. Podle jeho slov jste nicm\u00e9n\u011b dal prvn\u00ed r\u00e1nu vy. Vzpom\u00edn\u00e1te si na to? V\u00edte o tom, \u017ee se n\u011bkdo p\u0159ihl\u00e1sil na policii? Stoj\u00edte si za t\u00edm, \u017ee v\u00e1s napadli dva [&hellip;]<\/p>\n","protected":false},"author":1,"featured_media":0,"comment_status":"open","ping_status":"open","sticky":false,"template":"","format":"standard","meta":{"ngg_post_thumbnail":0,"footnotes":""},"categories":[6],"tags":[],"class_list":["post-10362","post","type-post","status-publish","format-standard","hentry","category-co-jsem-nerekl"],"_links":{"self":[{"href":"https:\/\/www.ladislavjakl.cz\/index.php?rest_route=\/wp\/v2\/posts\/10362","targetHints":{"allow":["GET"]}}],"collection":[{"href":"https:\/\/www.ladislavjakl.cz\/index.php?rest_route=\/wp\/v2\/posts"}],"about":[{"href":"https:\/\/www.ladislavjakl.cz\/index.php?rest_route=\/wp\/v2\/types\/post"}],"author":[{"embeddable":true,"href":"https:\/\/www.ladislavjakl.cz\/index.php?rest_route=\/wp\/v2\/users\/1"}],"replies":[{"embeddable":true,"href":"https:\/\/www.ladislavjakl.cz\/index.php?rest_route=%2Fwp%2Fv2%2Fcomments&post=10362"}],"version-history":[{"count":1,"href":"https:\/\/www.ladislavjakl.cz\/index.php?rest_route=\/wp\/v2\/posts\/10362\/revisions"}],"predecessor-version":[{"id":10363,"href":"https:\/\/www.ladislavjakl.cz\/index.php?rest_route=\/wp\/v2\/posts\/10362\/revisions\/10363"}],"wp:attachment":[{"href":"https:\/\/www.ladislavjakl.cz\/index.php?rest_route=%2Fwp%2Fv2%2Fmedia&parent=10362"}],"wp:term":[{"taxonomy":"category","embeddable":true,"href":"https:\/\/www.ladislavjakl.cz\/index.php?rest_route=%2Fwp%2Fv2%2Fcategories&post=10362"},{"taxonomy":"post_tag","embeddable":true,"href":"https:\/\/www.ladislavjakl.cz\/index.php?rest_route=%2Fwp%2Fv2%2Ftags&post=10362"}],"curies":[{"name":"wp","href":"https:\/\/api.w.org\/{rel}","templated":true}]}}