{"id":10368,"date":"2019-06-11T11:41:42","date_gmt":"2019-06-11T09:41:42","guid":{"rendered":"http:\/\/www.ladislavjakl.cz\/?p=10368"},"modified":"2019-06-11T11:41:42","modified_gmt":"2019-06-11T09:41:42","slug":"jakl-o-fridrichove-je-to-legracni-samozer-chce-na-sebe-jen-krecovite-upozornit","status":"publish","type":"post","link":"https:\/\/www.ladislavjakl.cz\/?p=10368","title":{"rendered":"Jakl o Fridrichov\u00e9: Je to legra\u010dn\u00ed samo\u017eer, chce na sebe jen k\u0159e\u010dovit\u011b upozornit"},"content":{"rendered":"<p>Voli\u010de star\u0161\u00edch 40 let pos\u00edlala mimo republiku, aby se v zemi zklidnila situace. Te\u010f za sv\u016fj kontroverzn\u00ed p\u0159\u00edsp\u011bvek na Twitteru moder\u00e1torka Nora Fridrichov\u00e1 (41) dost\u00e1v\u00e1 slu\u0161nou sprchu ze v\u0161ech stran. Expresu se ke hv\u011bzd\u011b \u010cesk\u00e9 televize vyj\u00e1d\u0159il i Ladislav Jakl (59), \u010dlen Rady pro rozhlasov\u00e9 a televizn\u00ed vys\u00edl\u00e1n\u00ed. Co si o Fridrichov\u00e9 mysl\u00ed?<\/p>\n<p><!--more--><\/p>\n<p>Ladislav Jakl se za\u0159adil po bok popul\u00e1rn\u00edch politik\u016f, jako je nap\u0159\u00edklad Jaroslav Foldyna, V\u00e1clav Klaus mlad\u0161\u00ed \u010di Pavel Novotn\u00fd, kte\u0159\u00ed pro chov\u00e1n\u00ed&nbsp;<a href=\"https:\/\/www.expres.cz\/celebrity\/nora-fridrichova.K960157\" target=\"_blank\" rel=\"noopener\">Nory Fridrichov\u00e9<\/a>&nbsp;nemaj\u00ed pochopen\u00ed.<\/p>\n<p><b><i>\u201eV po\u0159\u00e1dku to jist\u011b nen\u00ed. V\u00fdrok vypov\u00edd\u00e1 o jej\u00edm nitru. Tihle lid\u00e9 jsou p\u0159esv\u011bd\u010deni, \u017ee oni na nevkusn\u00e9 \u017eertov\u00e1n\u00ed maj\u00ed pr\u00e1vo, ale kdyby si to zkusil n\u011bkdo jin\u00fd a ter\u010dem mu byli jej\u00ed obl\u00edbenci, je\u010deli by jak sir\u00e9ny,\u201c<\/i><\/b>&nbsp;m\u00edn\u00ed Jakl, podle n\u011bho\u017e by m\u011bla v n\u00e1sleduj\u00edc\u00edch dnech Rada \u010cesk\u00e9 televize posoudit, jestli chov\u00e1n\u00ed moder\u00e1torky nen\u00ed v rozporu s kodexem ve\u0159ejnopr\u00e1vn\u00edho m\u00e9dia.<\/p>\n<p>Jakl se d\u00e1le pokusil vysv\u011btlit, co za twitterov\u00fdmi p\u0159\u00edsp\u011bvky Nory Fridrichov\u00e9 mo\u017en\u00e1 v\u011bz\u00ed.&nbsp;<\/p>\n<p><b><i>\u201eOna je p\u0159edev\u0161\u00edm takov\u00fd a\u017e legra\u010dn\u00ed samo\u017eer, je samolib\u00e1 a do sv\u00e9ho vlastn\u00edho \u0161armu zamilovan\u00e1 a\u017e po u\u0161i. Jej\u00ed v\u00fdroky jsou u\u017e del\u0161\u00ed \u010das jen projevem k\u0159e\u010dovit\u00e9 snahy na sebe upozornit,\u201c<\/i><\/b>&nbsp;m\u00edn\u00ed dev\u011btapades\u00e1tilet\u00fd b\u00fdval\u00fd poslanec.<\/p>\n<div class=\"imagelist imagelist-org \">\n<div class=\"cell cell-first\"><a href=\"https:\/\/www.expres.cz\/zpravy\/ladislav-jakl-nora-fridrichova-twitter-168-hodin-ceska-televize.A190607_113443_dx-zpravy_lare\/foto\/LAR7bce8f_NoraFridrichova.PNG\"><img decoding=\"async\" src=\"https:\/\/1gr.cz\/fotky\/bulvar\/19\/061\/org\/LAR7bce8f_NoraFridrichova.PNG\" alt=\"Nora Fridrichov\u00e1 p\u00e1l\u00ed d\u00e1l.\"><\/a>Nora Fridrichov\u00e1 p\u00e1l\u00ed d\u00e1l.<\/p>\n<\/div>\n<div class=\"fc0\">&nbsp;<\/div>\n<\/div>\n<p>Podle Jakla by m\u011bli novin\u00e1\u0159i na soci\u00e1ln\u00ed s\u00edti vystupovat, jak cht\u011bj\u00ed. Jejich redakce by ale m\u011bla posuzovat, jestli n\u011bkter\u00e9 excesy nepo\u0161kozuj\u00ed jej\u00ed renom\u00e9.&nbsp;<\/p>\n<p><b><i>\u201eTelevize, kterou povinn\u011b plat\u00ed v\u0161ichni poplatn\u00edci, je povinna o svou pov\u011bst pe\u010dovat dvojn\u00e1sob. Lid\u00e9 v \u010cesk\u00e9 televizi asi ale maj\u00ed pocit, \u017ee jej\u00ed renom\u00e9 u\u017e v\u00edc po\u0161kodit nelze, kdy\u017e to odm\u00edtaj\u00ed \u0159e\u0161it,\u201c<\/i><\/b>&nbsp;\u0159\u00edk\u00e1 Jakl.<\/p>\n<p>Redakce Expres.cz se v minul\u00fdch dnech sna\u017eila z\u00edskat od \u010cesk\u00e9 televize vyj\u00e1d\u0159en\u00ed. Zaj\u00edmalo n\u00e1s nap\u0159\u00edklad pr\u00e1v\u011b to, jestli je chov\u00e1n\u00ed Fridrichov\u00e9 v souladu se stanovami \u010cT.&nbsp;<\/p>\n<p>Tiskov\u00e1 mluv\u010d\u00ed Karol\u00edna Blinkov\u00e1 na n\u00e1mi zaslan\u00e9 e-maily v\u016fbec nereagovala. Po telefonu n\u00e1m sl\u00edbila urychlenou reakci. T\u00e9 jsme se ale i p\u0159es pravideln\u00e9 p\u0159ipom\u00edn\u00e1n\u00ed nedo\u010dkali&#8230;<\/p>\n<p>Mluv\u010d\u00ed n\u00e1m pot\u00e9 sd\u011blila, \u017ee nefunguj\u00ed po\u010d\u00edta\u010de a vyj\u00e1d\u0159en\u00ed n\u00e1m bude zasl\u00e1no SMS zpr\u00e1vou. \u017d\u00e1dnou SMS zpr\u00e1vu jsme ale do dne\u0161n\u00edho dne neobdr\u017eeli. Na dal\u0161\u00ed \u017e\u00e1dosti o vyj\u00e1d\u0159en\u00ed u\u017e mluv\u010d\u00ed nereagovala&#8230;<\/p>\n<p><b><i>\u201eJe to dal\u0161\u00ed arogantn\u00ed projev fungov\u00e1n\u00ed \u010cesk\u00e9 televize. U norm\u00e1ln\u00edho soukrom\u00e9ho m\u00e9dia zodpov\u00edd\u00e1 za sv\u00e9 zam\u011bstnance management a ten se zase zodpov\u00edd\u00e1 vlastn\u00edkovi, v jeho\u017e z\u00e1jmu je dobr\u00e9 fungov\u00e1n\u00ed firmy. Vlastn\u00edkem \u010cesk\u00e9 televize je st\u00e1t, ale ten ji vlastn\u011b nijak nekontroluje, nebo\u0165 je p\u0159edem zd\u011b\u0161en, \u017ee bude obvin\u011bn z ohro\u017een\u00ed \u00fadajn\u00e9 nez\u00e1vislosti,\u201c<\/i><\/b>&nbsp;komentuje po\u010d\u00edn\u00e1n\u00ed \u010cesk\u00e9 televize Jakl.<\/p>\n<p>Moder\u00e1torka po\u0159adu 168 hodin Nora Fridrichov\u00e1 na sv\u00e9m Twitteru u\u017e del\u0161\u00ed \u010das popichuje ve\u0159ejnost sv\u00fdmi provokativn\u00edmi p\u0159\u00edsp\u011bvky.&nbsp;<\/p>\n<p>Nejv\u011bt\u0161\u00ed ohlas vzbudil jej\u00ed posledn\u00ed tweet, v n\u011bm\u017e hv\u011bzda \u010cesk\u00e9 televize ironicky uvedla, \u017ee by situaci v zemi prosp\u011blo, kdyby voli\u010di star\u0161\u00ed 40 let odcestovali ze zem\u011b.<\/p>\n<p><a href=\"https:\/\/www.expres.cz\/zpravy\/ladislav-jakl-nora-fridrichova-twitter-168-hodin-ceska-televize.A190607_113443_dx-zpravy_lare\">Zdroj<\/a><\/p>\n","protected":false},"excerpt":{"rendered":"<p>Voli\u010de star\u0161\u00edch 40 let pos\u00edlala mimo republiku, aby se v zemi zklidnila situace. Te\u010f za sv\u016fj kontroverzn\u00ed p\u0159\u00edsp\u011bvek na Twitteru moder\u00e1torka Nora Fridrichov\u00e1 (41) dost\u00e1v\u00e1 slu\u0161nou sprchu ze v\u0161ech stran. Expresu se ke hv\u011bzd\u011b \u010cesk\u00e9 televize vyj\u00e1d\u0159il i Ladislav Jakl (59), \u010dlen Rady pro rozhlasov\u00e9 a televizn\u00ed vys\u00edl\u00e1n\u00ed. Co si o Fridrichov\u00e9 mysl\u00ed?<\/p>\n","protected":false},"author":1,"featured_media":0,"comment_status":"open","ping_status":"open","sticky":false,"template":"","format":"standard","meta":{"ngg_post_thumbnail":0,"footnotes":""},"categories":[11],"tags":[],"class_list":["post-10368","post","type-post","status-publish","format-standard","hentry","category-ozvena"],"_links":{"self":[{"href":"https:\/\/www.ladislavjakl.cz\/index.php?rest_route=\/wp\/v2\/posts\/10368","targetHints":{"allow":["GET"]}}],"collection":[{"href":"https:\/\/www.ladislavjakl.cz\/index.php?rest_route=\/wp\/v2\/posts"}],"about":[{"href":"https:\/\/www.ladislavjakl.cz\/index.php?rest_route=\/wp\/v2\/types\/post"}],"author":[{"embeddable":true,"href":"https:\/\/www.ladislavjakl.cz\/index.php?rest_route=\/wp\/v2\/users\/1"}],"replies":[{"embeddable":true,"href":"https:\/\/www.ladislavjakl.cz\/index.php?rest_route=%2Fwp%2Fv2%2Fcomments&post=10368"}],"version-history":[{"count":1,"href":"https:\/\/www.ladislavjakl.cz\/index.php?rest_route=\/wp\/v2\/posts\/10368\/revisions"}],"predecessor-version":[{"id":10369,"href":"https:\/\/www.ladislavjakl.cz\/index.php?rest_route=\/wp\/v2\/posts\/10368\/revisions\/10369"}],"wp:attachment":[{"href":"https:\/\/www.ladislavjakl.cz\/index.php?rest_route=%2Fwp%2Fv2%2Fmedia&parent=10368"}],"wp:term":[{"taxonomy":"category","embeddable":true,"href":"https:\/\/www.ladislavjakl.cz\/index.php?rest_route=%2Fwp%2Fv2%2Fcategories&post=10368"},{"taxonomy":"post_tag","embeddable":true,"href":"https:\/\/www.ladislavjakl.cz\/index.php?rest_route=%2Fwp%2Fv2%2Ftags&post=10368"}],"curies":[{"name":"wp","href":"https:\/\/api.w.org\/{rel}","templated":true}]}}