{"id":10370,"date":"2019-06-11T11:43:34","date_gmt":"2019-06-11T09:43:34","guid":{"rendered":"http:\/\/www.ladislavjakl.cz\/?p=10370"},"modified":"2019-07-31T12:31:04","modified_gmt":"2019-07-31T10:31:04","slug":"jakl-expresu-ukazal-pohmozdene-rameno-utocnik-ale-prisel-s-jinou-verzi","status":"publish","type":"post","link":"https:\/\/www.ladislavjakl.cz\/?p=10370","title":{"rendered":"Jakl Expresu uk\u00e1zal pohmo\u017ed\u011bn\u00e9 rameno. \u00dato\u010dn\u00edk ale p\u0159i\u0161el s jinou verz\u00ed"},"content":{"rendered":"<p>\u010clen Rady pro rozhlasov\u00e9 a televizn\u00ed vys\u00edl\u00e1n\u00ed Ladislav Jakl (59) se stal dvakr\u00e1t b\u011bhem jednoho t\u00fddne ter\u010dem fyzick\u00e9ho \u00fatoku. Nejprve ho agreso\u0159i napadli v pra\u017esk\u00e9m metru, p\u00e1r dn\u00ed nato zase dostal n\u011bkolik ran ve zl\u00ednsk\u00e9m hotelu b\u011bhem sn\u00eddan\u011b. Expresu te\u010f Jakl popsal, jak na tom je t\u00fdden po druh\u00e9m \u00fatoku.<\/p>\n<p><!--more--><\/p>\n<p>Jeho stav se sice lep\u0161\u00ed, ale \u00fapln\u011b v po\u0159\u00e1dku Ladislav Jakl st\u00e1le nen\u00ed.&nbsp;<\/p>\n<p><b><i>\u201eJsem docela vybarven\u00fd a tr\u00e1p\u00ed m\u011b natlu\u010den\u00e1 z\u00e1da. Prvn\u00edch dev\u011bt noc\u00ed jsem skoro nespal, ale u\u017e je to lep\u0161\u00ed. Jen mi ty pr\u00e1\u0161ky a injekce na bolest ned\u011blaj\u00ed \u00fapln\u011b dob\u0159e,\u201c&nbsp;<\/i><\/b>sv\u011b\u0159il se Expresu \u010dlen Rady pro rozhlasov\u00e9 a televizn\u00ed vys\u00edl\u00e1n\u00ed.<\/p>\n<p>Jakl n\u00e1m tak\u00e9 poslal aktu\u00e1ln\u00ed fotografii sv\u00e9 pa\u017ee. Ze sn\u00edmku je patrn\u00e9, \u017ee ne\u0161lo o n\u011bjak\u00e9 \u201e\u0161\u0165ouchance\u201c, ale&nbsp;<b>\u00fato\u010dn\u00edk se na n\u011bm p\u011bkn\u011b vy\u0159\u00e1dil.<\/b><\/p>\n<div class=\"imagelist imagelist-org \">\n<div class=\"cell cell-first\">\n<p><a href=\"https:\/\/www.expres.cz\/zpravy\/ladislav-jakl-napadeni-zlin-hotel-foto.A190607_104615_dx-zpravy_lare\/foto\/LAR7bd905_image1.JPG\"><img loading=\"lazy\" decoding=\"async\" class=\"\" src=\"https:\/\/1gr.cz\/fotky\/bulvar\/19\/061\/org\/LAR7bd905_image1.JPG\" alt=\"Takhle te\u010f vypad\u00e1 Jaklova pa\u017ee...\" width=\"496\" height=\"662\"><\/a><\/p>\n<p>Takhle te\u010f vypad\u00e1 Jaklova pa\u017ee&#8230;<\/p>\n<\/div>\n<div class=\"fc0\">&nbsp;<\/div>\n<\/div>\n<p><b><i>\u201eDostal jsem zezadu r\u00e1nu do zad. Oto\u010d\u00edm se a tam na m\u011b sprost\u011b k\u0159i\u010d\u00ed chlap a \u0159\u00edk\u00e1, \u017ee v\u00ed, \u017ee m\u011b to tam bol\u00ed a \u017ee m\u011b proto schv\u00e1ln\u011b pra\u0161til tam,\u201c&nbsp;<\/i><\/b>vzpom\u00edn\u00e1 na incident ve Zl\u00edn\u011b Jakl.<\/p>\n<p>V\u00edce ne\u017e r\u00e1ny ale Jakla pr\u00fd bolela slova, kter\u00e1 mu \u00fato\u010dn\u00edk vp\u00e1lil do tv\u00e1\u0159e.&nbsp;<b><i>\u201e\u0158ekl jsem mu, \u017ee se mu mus\u00ed \u017e\u00edt t\u011b\u017ece s takovou nen\u00e1vist\u00ed. On pokra\u010doval ve vulgarit\u00e1ch a pak zmizel,\u201c<\/i><\/b>dod\u00e1v\u00e1 mu\u017e, kter\u00fd loni ne\u00fasp\u011b\u0161n\u011b kandidoval do Sen\u00e1tu.<\/p>\n<p>Po napaden\u00ed ve Zl\u00edn\u011b Jakl odjel okam\u017eit\u011b do Prahy. Policii tuto ud\u00e1lost nenahl\u00e1sil.&nbsp;<\/p>\n<p><b><i>\u201eNest\u00e1lo mi to za to. Jen jsem to vypr\u00e1v\u011bl p\u00e1r kamar\u00e1d\u016fm. Po dvou dnech se to n\u011bkde rozk\u0159iklo a hned mi volalo asi dvacet t\u0159icet novin\u00e1\u0159\u016f. To jsem byl zrovna na injekc\u00edch ve Vojensk\u00e9 nemocnici kv\u016fli bolestem z prvn\u00edho \u00fatoku. I v tom prvn\u00edm p\u0159\u00edpad\u011b jsem nikomu nic nehl\u00e1sil, pros\u00e1klo to se zpo\u017ed\u011bn\u00edm z okruhu m\u00fdch p\u0159\u00e1tel. Ta publicita pro mne nic dobr\u00e9ho nep\u0159inesla (krom\u011b hromady kr\u00e1sn\u00fdch podp\u016frn\u00fdch ohlas\u016f), ale snad se d\u00edky tomu p\u0159ihl\u00e1s\u00ed v\u00edc sv\u011bdk\u016f,\u201c<\/i><\/b>&nbsp;douf\u00e1 Jakl.<\/p>\n<h3 id=\"--zacal-si-pry-jakl\" class=\"tit\">Za\u010dal si pr\u00fd Jakl<\/h3>\n<p>Na policii se ale tento p\u00e1tek s\u00e1m p\u0159ihl\u00e1sil mu\u017e a sd\u011blil vy\u0161et\u0159ovateli, \u017ee to je on, koho Jakl ozna\u010duje v m\u00e9di\u00edch za \u00fato\u010dn\u00edka. P\u0159i\u0161el p\u0159itom s \u00fapln\u011b jinou verz\u00ed incidentu. Jako prvn\u00ed pr\u00fd pra\u0161til Jakl jeho.<\/p>\n<p><b><i>\u201eS t\u00edmhle kriplem j\u00e1 nepojedu, \u0159ekl jsem p\u0159\u00edtelkyni,\u201c&nbsp;<\/i><\/b>p\u0159izn\u00e1v\u00e1 Daniel R., datov\u00fd analytik a student, kter\u00fd se s\u00e1m p\u0159ihl\u00e1sil policii. Ten vypov\u011bd\u011bl, \u017ee Jaklovi nenad\u00e1val za politick\u00e9 n\u00e1zory, ale pr\u00fd je hlu\u010dn\u00fdm n\u00e1v\u0161t\u011bvn\u00edkem hospody, kam chodil.<\/p>\n<p><i><b>\u201eNepra\u0161til jsem j\u00e1 jeho, pra\u0161til on m\u011b,\u201c&nbsp;<\/b><\/i>tvrd\u00ed. Pak p\u0159izn\u00e1v\u00e1, \u017ee u\u017e Jakla ude\u0159il do tv\u00e1\u0159e a do ramene.<\/p>\n<p>Ladislav Jakl je od 1. dubna \u010dlenem Rady pro rozhlasov\u00e9 a televizn\u00ed vys\u00edl\u00e1n\u00ed, kam ho nominovalo hnut\u00ed SPD, jeho\u017e \u010dlenem ale Jakl nen\u00ed.<\/p>\n<p>Sou\u010dasn\u011b pracuje tak\u00e9 jako analytik v Institutu V\u00e1clava Klause. Pro exprezidenta Jakl pracoval i v letech 2003\u20132013, kdy byl jeho tajemn\u00edkem a \u0159editelem politick\u00e9ho odboru.<\/p>\n<p><a href=\"https:\/\/www.expres.cz\/zpravy\/ladislav-jakl-napadeni-zlin-hotel-foto.A190607_104615_dx-zpravy_lare\">Zdroj<\/a><\/p>\n<div id=\"foto-testver-A\">&nbsp;<\/div>\n","protected":false},"excerpt":{"rendered":"<p>\u010clen Rady pro rozhlasov\u00e9 a televizn\u00ed vys\u00edl\u00e1n\u00ed Ladislav Jakl (59) se stal dvakr\u00e1t b\u011bhem jednoho t\u00fddne ter\u010dem fyzick\u00e9ho \u00fatoku. Nejprve ho agreso\u0159i napadli v pra\u017esk\u00e9m metru, p\u00e1r dn\u00ed nato zase dostal n\u011bkolik ran ve zl\u00ednsk\u00e9m hotelu b\u011bhem sn\u00eddan\u011b. Expresu te\u010f Jakl popsal, jak na tom je t\u00fdden po druh\u00e9m \u00fatoku.<\/p>\n","protected":false},"author":1,"featured_media":0,"comment_status":"open","ping_status":"open","sticky":false,"template":"","format":"standard","meta":{"ngg_post_thumbnail":0,"footnotes":""},"categories":[11],"tags":[],"class_list":["post-10370","post","type-post","status-publish","format-standard","hentry","category-ozvena"],"_links":{"self":[{"href":"https:\/\/www.ladislavjakl.cz\/index.php?rest_route=\/wp\/v2\/posts\/10370","targetHints":{"allow":["GET"]}}],"collection":[{"href":"https:\/\/www.ladislavjakl.cz\/index.php?rest_route=\/wp\/v2\/posts"}],"about":[{"href":"https:\/\/www.ladislavjakl.cz\/index.php?rest_route=\/wp\/v2\/types\/post"}],"author":[{"embeddable":true,"href":"https:\/\/www.ladislavjakl.cz\/index.php?rest_route=\/wp\/v2\/users\/1"}],"replies":[{"embeddable":true,"href":"https:\/\/www.ladislavjakl.cz\/index.php?rest_route=%2Fwp%2Fv2%2Fcomments&post=10370"}],"version-history":[{"count":2,"href":"https:\/\/www.ladislavjakl.cz\/index.php?rest_route=\/wp\/v2\/posts\/10370\/revisions"}],"predecessor-version":[{"id":10435,"href":"https:\/\/www.ladislavjakl.cz\/index.php?rest_route=\/wp\/v2\/posts\/10370\/revisions\/10435"}],"wp:attachment":[{"href":"https:\/\/www.ladislavjakl.cz\/index.php?rest_route=%2Fwp%2Fv2%2Fmedia&parent=10370"}],"wp:term":[{"taxonomy":"category","embeddable":true,"href":"https:\/\/www.ladislavjakl.cz\/index.php?rest_route=%2Fwp%2Fv2%2Fcategories&post=10370"},{"taxonomy":"post_tag","embeddable":true,"href":"https:\/\/www.ladislavjakl.cz\/index.php?rest_route=%2Fwp%2Fv2%2Ftags&post=10370"}],"curies":[{"name":"wp","href":"https:\/\/api.w.org\/{rel}","templated":true}]}}