{"id":10372,"date":"2019-06-11T11:49:24","date_gmt":"2019-06-11T09:49:24","guid":{"rendered":"http:\/\/www.ladislavjakl.cz\/?p=10372"},"modified":"2019-06-11T11:49:24","modified_gmt":"2019-06-11T09:49:24","slug":"napadeni-feriho-a-jakla-kdyz-dostane-pres-drzku-pravicak-je-ticho","status":"publish","type":"post","link":"https:\/\/www.ladislavjakl.cz\/?p=10372","title":{"rendered":"Napaden\u00ed Feriho a Jakla: Kdy\u017e dostane p\u0159es dr\u017eku pravi\u010d\u00e1k, je ticho!"},"content":{"rendered":"<p>N\u00e1siln\u00fd \u00fatok pro odli\u0161nost \u2013 n\u00e1zoru, barvy pleti, \u00fa\u010desu \u2013 je naprosto nep\u0159ijateln\u00fd. Kdy\u017e te\u010f byli kr\u00e1tce po sob\u011b napadeni dva ve\u0159ejn\u011b zn\u00e1m\u00ed lid\u00e9 \u2013 politici, uk\u00e1zalo se, \u017ee n\u011bkter\u00e1 napaden\u00ed, napaden\u00ed slun\u00ed\u010dk\u00e1\u0159e, jsou nep\u0159ijateln\u011bj\u0161\u00ed, a to jak pro ofici\u00e1ln\u00ed m\u00edsta a novin\u00e1\u0159e, tak pro lid. Zato jin\u00e1 napaden\u00ed jsou pouze zaznamen\u00e1na a zmonitorov\u00e1na, ale jejich nep\u0159ijatelnost nen\u00ed podtr\u017eena a zd\u016frazn\u011bna. Pikantn\u00ed je, \u017ee moc pozornosti nez\u00edsk\u00e1te, kdy\u017e dostanete p\u0159es hubu proto, \u017ee jste pravi\u010d\u00e1k.<\/p>\n<p><!--more--><\/p>\n<p class=\"selectionShareable\">Dominik Feri a Ladislav Jakl \u2013 dva politici, kter\u00e9 zd\u00e1nliv\u011b nespojuje nic. P\u0159esto je v pr\u016fb\u011bhu posledn\u00edho m\u011bs\u00edce spojilo dr\u017ekobit\u00ed. Feri i Jakl byli napadeni jim nezn\u00e1m\u00fdmi lidmi (ne\u0161lo o spor o exman\u017eelku), Jakl dokonce dvakr\u00e1t po sob\u011b. A zat\u00edmco \u00fatok na slun\u00ed\u010dk\u00e1\u0159e Feriho vyvolal dv\u011b vlny ve\u0159ejn\u00e9ho z\u00e1jmu, napaden\u00ed pravi\u010d\u00e1ka Jakla p\u0159it\u00e1hlo pozornost jen n\u011bkolika politik\u016f a novin\u00e1\u0159\u016f \u2013 \u0159ekl bych t\u011bch, kte\u0159\u00ed maj\u00ed tendenci m\u011b\u0159it v\u0161em stejn\u00fdm metrem \u2013 a jak \u0161irok\u00e1 ve\u0159ejnost, tak lid nechali napaden\u00ed Ladislava Jakla jaksi u ledu.<\/p>\n<h2>Ticho kolem Ladislava Jakla<\/h2>\n<p class=\"selectionShareable\">Kdy\u017e nyn\u00ed napadli Jakla, ozvaly se p\u0159edev\u0161\u00edm instituce, kter\u00e9 s n\u00edm souzn\u00ed politicky, a tak\u00e9 ti politici, kte\u0159\u00ed odm\u00edtaj\u00ed n\u00e1sil\u00ed jako takov\u00e9 \u2013 nejen n\u00e1sil\u00ed na sv\u00fdch kamar\u00e1dech. Na prvn\u00edch p\u011bti str\u00e1nk\u00e1ch, kter\u00e9 vyhledal Google kolem Jaklova napaden\u00ed, vyb\u011bhlo, \u017ee \u00fatok odsoudili: Institut V\u00e1clava Klause \u2013 pod prohl\u00e1\u0161en\u00edm jsou podeps\u00e1ni V\u00e1clav Klaus, Ivo Strej\u010dek, Ji\u0159\u00ed Weigl, Filip \u0160ebesta, Petr Macinka a Hana Lipovsk\u00e1.<\/p>\n<p class=\"selectionShareable\">Hnut\u00ed SPD \u2013 Radim Fiala, soci\u00e1ln\u00ed demokrat\u00e9 Michal Ha\u0161ek a Jaroslav Foldyna, poslanci TOP 09 Miroslav Kalousek a Dominik Feri, V\u00e1clav Klaus mlad\u0161\u00ed, sen\u00e1tor V\u00e1clav L\u00e1ska, Milion chvilek pro demokracii, Poslaneck\u00e1 sn\u011bmovna a \u010desk\u00fd v\u00fdbor Mezin\u00e1rodn\u00edho tiskov\u00e9ho institutu. Z koment\u00e1tor\u016f, publicist\u016f a novin\u00e1\u0159\u016f pak \u00fatok jednozna\u010dn\u011b odsoudili Petr Honzejk, Jan Mol\u00e1\u010dek, Erik Tabery, Robert B\u0159e\u0161\u0165an, Jan Jandourek, Ji\u0159\u00ed Pe\u0148\u00e1s, Petr Bittner a moje mali\u010dkost. Lid i soci\u00e1ln\u00ed s\u00edt\u011b ml\u010dely.<\/p>\n<h2>\u201e\u010cernej slun\u00ed\u010dk\u00e1\u0159 Feri\u201c<\/h2>\n<p class=\"selectionShareable\">Kdy\u017e napadli Feriho, byla reakce ofici\u00e1ln\u00edch m\u00edst v podstat\u011b podobn\u00e1 \u2013 \u0159ada politik\u016f i instituc\u00ed, a\u0165 u\u017e ze slu\u0161nosti \u010di povinnosti, \u00fatok na poslance Feriho odsoudili. Po \u00fatoku na n\u011bj se v\u0161ak na soci\u00e1ln\u00edch s\u00edt\u00edch, kam se dnes p\u0159esunula v\u011bt\u0161ina na\u0161eho soci\u00e1ln\u00edho \u017eivota, strhly hned dva tajfuny. Prvn\u00ed z nich byl tajfun slun\u00ed\u010dkov\u00e9ho odsouzen\u00ed \u00fatoku, kdy lid\u00e9 naz\u00fdvan\u00ed jako \u201epra\u017esk\u00e1 kav\u00e1rna\u201c rozpoutali skute\u010dnou palbu kritiky a odsudku \u00fato\u010dn\u00edk\u016f,a poskytli Ferimu z psychologick\u00e9ho hlediska mimo\u0159\u00e1dn\u011b \u00fa\u010dinnou podporu \u2013 dali mu v \u00faplnosti zakusit pocit inkluze, pocit, \u017ee n\u011bkam pat\u0159\u00ed, je akceptov\u00e1n a podporov\u00e1n.<\/p>\n<p class=\"selectionShareable\">Zcela opa\u010dn\u00fd postoj pak zaujal chl\u00e9v. Nemysl\u00edm budovu, ale \u010deled\u00edny \u2013 slu\u017eebn\u00ed person\u00e1l chl\u00e9va. Spojen\u00e9 \u010desk\u00e9 \u010deled\u00ednstvo do\u0161lo k n\u011bkolika z\u00e1v\u011br\u016fm, kter\u00e9 p\u0159ekvap\u00ed. Prvn\u00ed z nich byl, \u017ee to Ferimu pat\u0159\u00ed, proto\u017ee je \u010dernej slun\u00ed\u010dk\u00e1\u0159, a nav\u00edc m\u00e1 \u00fa\u010des afro. Jin\u00e1 skupina \u010deled\u00edn\u016f pak tvrdila, \u017ee si Feri zran\u011bn\u00ed zp\u016fsobil \u010di nechal zp\u016fsobit s\u00e1m, aby z toho vytloukl politick\u00fd kapit\u00e1l, a t\u0159et\u00ed skupina \u010deled\u00edn\u016f se usnesla, \u017ee se mu vlastn\u011b nic nestalo a on to zveli\u010duje. Tak\u017ee jeden a\u017e dva t\u00fddny \u017eily s\u00edt\u011b a diskuse pod \u010dl\u00e1nky polemikou t\u011bchto dvou t\u00e1bor\u016f. A ti, kte\u0159\u00ed se Feriho zast\u00e1vali, jednozna\u010dn\u011b tvrdili, \u017ee za \u00fatok nesou mravn\u00ed odpov\u011bdnost pravi\u010d\u00e1ci, proto\u017ee Feriho napadli n\u00e1ckov\u00e9, kte\u0159\u00ed si d\u00edky podpo\u0159e pravicov\u00fdch stran v\u00edc troufaj\u00ed.<\/p>\n<h2>Ml\u010den\u00ed jeh\u0148\u00e1tek<\/h2>\n<p class=\"selectionShareable\">Po \u00fatoku na Jakla se ozvali n\u011bkte\u0159\u00ed politici a novin\u00e1\u0159i, n\u011bkter\u00e9 instituce, kav\u00e1rna v\u0161ak pije k\u00e1vu a lid bez vyru\u0161en\u00ed sleduje televizi. Intelektu\u00e1lov\u00e9, kte\u0159\u00ed poukazovali na upev\u0148ov\u00e1n\u00ed pozic n\u00e1ck\u016f po \u00fatoku na Feriho, nep\u0159i\u0161li s t\u00edm, \u017ee za \u00fatokem \u00fato\u010dn\u00edk\u016f s ultralevicov\u00fdmi postoji stoj\u00ed masivn\u00ed podpora levice a intelektu\u00e1l\u016f ultralevicov\u00fdm part\u00e1m typu Klinika.<\/p>\n<p class=\"selectionShareable\">Lid nep\u0159i\u0161el s t\u00edm, \u017ee Jakl ze sv\u00e9ho zbit\u00ed t\u011b\u017e\u00ed politicky, ani \u017ee si nechal natlouct s\u00e1m, a p\u00e1r dn\u00ed po \u00fatoku je kolem n\u011bj \u00fapln\u00fd klid. Jako by se nic nestalo.<\/p>\n<h2>Demokracie odch\u00e1z\u00ed<\/h2>\n<p class=\"selectionShareable\">V zemi, kde \u017eij\u00ed lid\u00e9 \u2013 prost\u00ed i intelektu\u00e1lov\u00e9 \u2013 s demokratick\u00fdmi postoji, by jak\u00fdkoliv fyzick\u00fd \u00fatok na politika vyvolal masivn\u00ed odm\u00edtnut\u00ed ve\u0159ejnosti. U n\u00e1s je to bohu\u017eel jinak. Kdy\u017e dostane p\u0159es \u00fasta levi\u010d\u00e1k, kav\u00e1rna spust\u00ed poprask na jeho podporu a chl\u00e9v za\u010dne vyk\u0159ikovat, \u017ee si napaden\u00ed vymyslel. A skand\u00e1l v\u0159e t\u00fddny. Kdy\u017e napadnou pravi\u010d\u00e1ka, kav\u00e1rna si zam\u00edch\u00e1 k\u00e1vu, lid si pust\u00ed seri\u00e1l, a \u017ee je pravi\u010d\u00e1k na o\u0161et\u0159ovn\u011b, vlastn\u011b nikoho moc nebere. A\u017e do t\u00e9 m\u00edry, \u017ee se zat\u00edm nena\u0161el k prvn\u00edmu \u00fatoku na Jakla sv\u011bdek ochotn\u00fd vypov\u00eddat \u2013 p\u0159esto\u017ee v metru jsou sv\u011bdci v\u017edy.<\/p>\n<p class=\"selectionShareable\">Prost\u011b \u2013 kav\u00e1rna si slun\u00ed\u010dk\u00e1\u0159e ml\u00e1tit nenech\u00e1 a \u010deled\u00edni si nenechaj\u00ed uj\u00edt p\u0159\u00edle\u017eitost na toho slun\u00ed\u010dk\u00e1\u0159e naplivat i za to, \u017ee dostal po \u010duni. Zato kdy\u017e je bit pravi\u010d\u00e1k, sfoukne se to p\u00e1r vyj\u00e1d\u0159en\u00edmi n\u011bkolika politik\u016f a novin\u00e1\u0159\u016f, kter\u00fdm je\u0161t\u011b nen\u00ed v\u0161echno jedno, a n\u00e1rod hromov\u011b ml\u010d\u00ed. A tak zb\u00fdv\u00e1 polo\u017eit \u0159e\u010dnickou ot\u00e1zku: Pro\u010d se \u010desk\u00fd n\u00e1rod dosud nezdrav\u00ed slovy \u201e\u010cest pr\u00e1ci?\u201c<\/p>\n<p><a href=\"https:\/\/www.reflex.cz\/clanek\/komentare\/95600\/napadeni-feriho-a-jakla-kdyz-dostane-pres-drzku-pravicak-je-ticho.html\">Zdroj<\/a><\/p>\n","protected":false},"excerpt":{"rendered":"<p>N\u00e1siln\u00fd \u00fatok pro odli\u0161nost \u2013 n\u00e1zoru, barvy pleti, \u00fa\u010desu \u2013 je naprosto nep\u0159ijateln\u00fd. Kdy\u017e te\u010f byli kr\u00e1tce po sob\u011b napadeni dva ve\u0159ejn\u011b zn\u00e1m\u00ed lid\u00e9 \u2013 politici, uk\u00e1zalo se, \u017ee n\u011bkter\u00e1 napaden\u00ed, napaden\u00ed slun\u00ed\u010dk\u00e1\u0159e, jsou nep\u0159ijateln\u011bj\u0161\u00ed, a to jak pro ofici\u00e1ln\u00ed m\u00edsta a novin\u00e1\u0159e, tak pro lid. Zato jin\u00e1 napaden\u00ed jsou pouze zaznamen\u00e1na a zmonitorov\u00e1na, ale [&hellip;]<\/p>\n","protected":false},"author":1,"featured_media":0,"comment_status":"open","ping_status":"open","sticky":false,"template":"","format":"standard","meta":{"ngg_post_thumbnail":0,"footnotes":""},"categories":[11],"tags":[],"class_list":["post-10372","post","type-post","status-publish","format-standard","hentry","category-ozvena"],"_links":{"self":[{"href":"https:\/\/www.ladislavjakl.cz\/index.php?rest_route=\/wp\/v2\/posts\/10372","targetHints":{"allow":["GET"]}}],"collection":[{"href":"https:\/\/www.ladislavjakl.cz\/index.php?rest_route=\/wp\/v2\/posts"}],"about":[{"href":"https:\/\/www.ladislavjakl.cz\/index.php?rest_route=\/wp\/v2\/types\/post"}],"author":[{"embeddable":true,"href":"https:\/\/www.ladislavjakl.cz\/index.php?rest_route=\/wp\/v2\/users\/1"}],"replies":[{"embeddable":true,"href":"https:\/\/www.ladislavjakl.cz\/index.php?rest_route=%2Fwp%2Fv2%2Fcomments&post=10372"}],"version-history":[{"count":1,"href":"https:\/\/www.ladislavjakl.cz\/index.php?rest_route=\/wp\/v2\/posts\/10372\/revisions"}],"predecessor-version":[{"id":10373,"href":"https:\/\/www.ladislavjakl.cz\/index.php?rest_route=\/wp\/v2\/posts\/10372\/revisions\/10373"}],"wp:attachment":[{"href":"https:\/\/www.ladislavjakl.cz\/index.php?rest_route=%2Fwp%2Fv2%2Fmedia&parent=10372"}],"wp:term":[{"taxonomy":"category","embeddable":true,"href":"https:\/\/www.ladislavjakl.cz\/index.php?rest_route=%2Fwp%2Fv2%2Fcategories&post=10372"},{"taxonomy":"post_tag","embeddable":true,"href":"https:\/\/www.ladislavjakl.cz\/index.php?rest_route=%2Fwp%2Fv2%2Ftags&post=10372"}],"curies":[{"name":"wp","href":"https:\/\/api.w.org\/{rel}","templated":true}]}}