{"id":10374,"date":"2019-06-11T11:50:50","date_gmt":"2019-06-11T09:50:50","guid":{"rendered":"http:\/\/www.ladislavjakl.cz\/?p=10374"},"modified":"2019-06-11T11:50:50","modified_gmt":"2019-06-11T09:50:50","slug":"jakl-a-feri-jak-oznacit-nepritele","status":"publish","type":"post","link":"https:\/\/www.ladislavjakl.cz\/?p=10374","title":{"rendered":"Jakl a Feri. Jak ozna\u010dit nep\u0159\u00edtele"},"content":{"rendered":"<p><em><a href=\"https:\/\/echo24.cz\/author\/jiri-penas\">JI\u0158\u00cd PE\u0147\u00c1S<\/a><\/em><\/p>\n<p>Napaden\u00ed Ladislava Jakla, k&nbsp;n\u011bmu\u017e m\u011blo doj\u00edt v&nbsp;sobotu ve\u010der v&nbsp;metru, je pro&nbsp;ty koment\u00e1tory, kte\u0159\u00ed ho jinak nemohou ani c\u00edtit (v&nbsp;tom je ov\u0161em n\u00e1klonnost vz\u00e1jemn\u00e1), dobrou p\u0159\u00edle\u017eitost\u00ed, aby dali najevo, \u017ee tohle ne, tohle samoz\u0159ejm\u011b odsuzuj\u00ed: pokud tedy k&nbsp;n\u011bjak\u00e9mu napaden\u00ed do\u0161lo, jak n\u011bkte\u0159\u00ed, t\u0159eba z&nbsp;Respektu, dodaj\u00ed. Nebyla to sice reakce tak spont\u00e1nn\u00ed a&nbsp;proc\u00edt\u011bn\u00e1 jako p\u0159ed&nbsp;m\u011bs\u00edcem v&nbsp;p\u0159\u00edpad\u011b Dominika Feriho, ale Institut V\u00e1clava Klause nem\u00e1 pravdu, kdy\u017e&nbsp;si st\u011b\u017euje, \u017ee to mainstreamov\u00e1 m\u00e9dia nezaj\u00edm\u00e1. Zaj\u00edm\u00e1, i&nbsp;kdy\u017e&nbsp;to asi pro\u017e\u00edvaj\u00ed jinak.&nbsp;&nbsp;&nbsp;&nbsp;<\/p>\n<p><!--more--><\/p>\n<p>Ladislav Jakl nen\u00ed jednoduch\u00e1 postava a&nbsp;jsou lid\u00e9, kte\u0159\u00ed, ani\u017e by ho osobn\u011b znali, o&nbsp;n\u011bm mluv\u00ed, jako by mluvili o&nbsp;sv\u00e9m osobn\u00edm nep\u0159\u00edteli. Svou neskr\u00fdvanou averzi h\u00e1j\u00ed t\u00edm, \u017ee je to \u010dlov\u011bk, kter\u00fd je pr\u00fd nen\u00e1vistn\u00fd, co\u017e projevuje t\u00edm, \u017ee m\u00e1 n\u00e1zory, kter\u00e9 oni nen\u00e1vid\u00ed, tak\u017ee&nbsp;si tu nen\u00e1vist zaslou\u017e\u00ed. Ve&nbsp;skute\u010dnosti je to sp\u00ed\u0161 tak, \u017ee s&nbsp;jeho n\u00e1zory se&nbsp;\u010dasto neum\u00ed polemicky vypo\u0159\u00e1dat, co\u017e v&nbsp;nich je\u0161t\u011b stup\u0148uje pocit, \u017ee Jakl je b\u00edd\u00e1k. On do&nbsp;ur\u010dit\u00e9 m\u00edry opravdu je, proto\u017ee&nbsp;pat\u0159\u00ed do&nbsp;jin\u00e9 party a&nbsp;m\u00e1 jin\u00e9 p\u0159edstavy o&nbsp;sv\u011bt\u011b, co\u017e d\u00e1v\u00e1 provokativn\u011b jasn\u011b najevo. Toto chov\u00e1n\u00ed u&nbsp;t\u00e9 druh\u00e9 strany vyvol\u00e1v\u00e1 p\u0159esv\u011bd\u010den\u00ed, \u017ee je to \u010dlov\u011bk, se&nbsp;kter\u00fdm se&nbsp;net\u0159eba zab\u00fdvat jinak ne\u017e jako\u2026 s&nbsp;Jaklem, Klausov\u00fdm poskokem, kter\u00fd n\u00e1s&nbsp;tak nesm\u00edrn\u011b se..e, proto\u017ee&nbsp;m\u00e1 tak stra\u0161n\u00e9 n\u00e1zory, stejn\u011b jako Klaus m\u00e1 stra\u0161n\u00e9 n\u00e1zory a&nbsp;nejhor\u0161\u00ed na&nbsp;nich je, \u017ee je \u0159\u00edkaj\u00ed, stoj\u00ed si za&nbsp;nimi a&nbsp;nikdo s&nbsp;nimi nehne.&nbsp;<\/p>\n<p>J\u00e1 tady ale nep\u00ed\u0161u&nbsp;obhajobu Ladislava Jakla, on by o&nbsp;ni mysl\u00edm ode m\u011b ani nest\u00e1l, a&nbsp;nav\u00edc si ji ve&nbsp;v\u0161em nezaslou\u017e\u00ed. J\u00e1 to p\u00ed\u0161u&nbsp;dva dny pot\u00e9, co ho napadli v&nbsp;metru, by\u0165 se&nbsp;toho nejsp\u00ed\u0161 moc nestalo: jako se&nbsp;nestalo bohud\u00edk&nbsp;ani Ferimu. Pokud je pravda, co \u0159\u00edk\u00e1, napadli ho dva mlad\u00edci s&nbsp;v\u00fdk\u0159ikem: \u201eTy jsi Jakl, \u0161\u00e9f SPD!\u201c&nbsp;Tedy napadli ho za&nbsp;to, \u017ee je Jakl, kter\u00fd m\u00e1 n\u011bjak\u00e9 politick\u00e9 n\u00e1zory, kter\u00e9 ho p\u0159ivedly p\u0159ed&nbsp;rokem na&nbsp;kandid\u00e1tku SPD, strany, o&nbsp;kter\u00e9 se&nbsp;b\u011b\u017en\u011b p\u00ed\u0161e i&nbsp;v&nbsp;seri\u00f3zn\u00edch m\u00e9di\u00edch jako o&nbsp;n\u00e1ckovsk\u00e9 nebo fa\u0161istick\u00e9. Ta strana, jakkoli pochybn\u00e1, v\u0161ak p\u0159edev\u0161\u00edm obsadila prostor, ze&nbsp;kter\u00e9ho z&nbsp;n\u011bjak\u00fdch d\u016fvod\u016f maj\u00ed ty spr\u00e1vn\u00e9 strany strach. T\u00edm&nbsp;se&nbsp;v\u0161ak uvolnilo m\u00edsto pro&nbsp;ty, kte\u0159\u00ed se&nbsp;tam nahrnou a&nbsp;t\u00e9mata, kter\u00e1 nejsou \u017e\u00e1dn\u00fdm v\u00fdmyslem fa\u0161ist\u016f, zvednou. S&nbsp;t\u00edm&nbsp;se&nbsp;jejich protivn\u00edci vyrovnaj\u00ed tak, \u017ee je ozna\u010d\u00ed za&nbsp;n\u00e1cky, co\u017e pak vyvol\u00e1v\u00e1 v&nbsp;radik\u00e1ln\u011bj\u0161\u00edch elementech (pomatenc\u00edch) p\u0159edstavu, \u017ee lze proti nim&nbsp;pou\u017e\u00edt i&nbsp;n\u00e1sil\u00ed, proto\u017ee&nbsp;n\u00e1ckov\u00e9 se&nbsp;p\u0159ece ne\u0161et\u0159\u00ed, ti se&nbsp;ml\u00e1t\u00ed.<\/p>\n<p>Mimochodem na&nbsp;soci\u00e1ln\u00edch s\u00edt\u00edch je pr\u00e1v\u011b hojn\u011b sd\u00edlen\u00fd kr\u00e1tk\u00fd film z&nbsp;produkce n\u011bmeck\u00e9 ve\u0159ejnopr\u00e1vn\u00ed televize. Je to sc\u00e9nka jako \u017ee 30. let, mu\u017e st\u0159edn\u00edch let tam pohrdav\u011b o&nbsp;chlap\u00edkovi v&nbsp;uniform\u011b SS prohod\u00ed: \u201eN\u00e1cek.\u201c&nbsp;Mu\u017e v&nbsp;uniform\u011b se&nbsp;zastav\u00ed a&nbsp;prav\u00ed: Aha, tak\u017ee&nbsp;j\u00e1 jsem n\u00e1cek, a&nbsp;to pro\u010d? Proto\u017ee&nbsp;m\u00e1m obavu z&nbsp;imigrant\u016f? Nejsem sp\u00ed\u0161 znepokojen\u00fd ob\u010dan? \u2013 Ne, jste n\u00e1cek, \u0159ekne mu ten mu\u017e, kter\u00fd je pak zat\u010den a&nbsp;odvle\u010den.&nbsp;<\/p>\n<p>Je to sice ahistorick\u00fd nesmysl: pro\u010d by nacistovi v&nbsp;uniform\u011b m\u011blo vadit, \u017ee mu n\u011bkdo \u0159ekne, \u017ee je \u201en\u00e1cek\u201c?&nbsp;Nanejv\u00fd\u0161 asi stejn\u011b, jako by komunistovi mohlo vadit, \u017ee mu n\u011bkdo \u0159ekne komou\u0161\u2026 Ale p\u0159edev\u0161\u00edm, jde krystalickou formu argumentace, kdy nespr\u00e1vn\u00e9 n\u00e1zory jsou stigmatizov\u00e1ny rovnou jako n\u00e1ckovsk\u00e9. Sta\u010d\u00ed k&nbsp;tomu jen pouh\u00e9 obavy z&nbsp;imigrant\u016f, u\u017e ty jsou v&nbsp;n\u011bmeck\u00e9m mainstreamu ch\u00e1pany jako extr\u00e9mn\u011b pravi\u010d\u00e1ck\u00e9, a&nbsp;kdy\u017e&nbsp;je n\u011bco extr\u00e9mn\u011b pravi\u010d\u00e1ck\u00e9, u\u017e je to n\u00e1ckovsk\u00e9. A&nbsp;je p\u0159ece p\u0159irozen\u00e9, \u017ee&nbsp;co je n\u00e1ckovsk\u00e9, to je nebezpe\u010dn\u00e9&nbsp;a&nbsp;proti tomu je t\u0159eba se&nbsp;br\u00e1nit, proti tomu je t\u0159eba zakro\u010dit, t\u0159eba i&nbsp;v&nbsp;metru.&nbsp;&nbsp;<\/p>\n<p>Tato samozvan\u00e1 ochrana p\u0159ed&nbsp;t\u00edm, co s\u00e1m nazvu fa\u0161ismem, je ve&nbsp;skute\u010dnosti sama fa\u0161istick\u00e1 a&nbsp;p\u0159isp\u00edv\u00e1 k&nbsp;hrozn\u00e9mu zhor\u0161ov\u00e1n\u00ed pom\u011br\u016f v&nbsp;zemi. M\u016f\u017eou za&nbsp;to i&nbsp;ti, kte\u0159\u00ed si nevid\u00ed do&nbsp;\u00fast a&nbsp;slova jako fa\u0161ista a&nbsp;n\u00e1cek h\u00e1zej\u00ed na&nbsp;v\u0161echny strany. To u\u017e pak ani t\u011bch p\u00e1r skute\u010dn\u00fdch n\u00e1ck\u016f nev\u00ed, kdo tedy jsou. Nejist\u00fd&nbsp;pak m\u016f\u017ee&nbsp;b\u00fdt Feri \u2013&nbsp;stejn\u011b jako Jakl. Jakl \u2013&nbsp;stejn\u011b jako Feri. My \u2013&nbsp;stejn\u011b jako oni.&nbsp;<\/p>\n<p>Zdroj: Echo24<\/p>\n","protected":false},"excerpt":{"rendered":"<p>JI\u0158\u00cd PE\u0147\u00c1S Napaden\u00ed Ladislava Jakla, k&nbsp;n\u011bmu\u017e m\u011blo doj\u00edt v&nbsp;sobotu ve\u010der v&nbsp;metru, je pro&nbsp;ty koment\u00e1tory, kte\u0159\u00ed ho jinak nemohou ani c\u00edtit (v&nbsp;tom je ov\u0161em n\u00e1klonnost vz\u00e1jemn\u00e1), dobrou p\u0159\u00edle\u017eitost\u00ed, aby dali najevo, \u017ee tohle ne, tohle samoz\u0159ejm\u011b odsuzuj\u00ed: pokud tedy k&nbsp;n\u011bjak\u00e9mu napaden\u00ed do\u0161lo, jak n\u011bkte\u0159\u00ed, t\u0159eba z&nbsp;Respektu, dodaj\u00ed. Nebyla to sice reakce tak spont\u00e1nn\u00ed a&nbsp;proc\u00edt\u011bn\u00e1 jako p\u0159ed&nbsp;m\u011bs\u00edcem [&hellip;]<\/p>\n","protected":false},"author":1,"featured_media":0,"comment_status":"open","ping_status":"open","sticky":false,"template":"","format":"standard","meta":{"ngg_post_thumbnail":0,"footnotes":""},"categories":[11],"tags":[],"class_list":["post-10374","post","type-post","status-publish","format-standard","hentry","category-ozvena"],"_links":{"self":[{"href":"https:\/\/www.ladislavjakl.cz\/index.php?rest_route=\/wp\/v2\/posts\/10374","targetHints":{"allow":["GET"]}}],"collection":[{"href":"https:\/\/www.ladislavjakl.cz\/index.php?rest_route=\/wp\/v2\/posts"}],"about":[{"href":"https:\/\/www.ladislavjakl.cz\/index.php?rest_route=\/wp\/v2\/types\/post"}],"author":[{"embeddable":true,"href":"https:\/\/www.ladislavjakl.cz\/index.php?rest_route=\/wp\/v2\/users\/1"}],"replies":[{"embeddable":true,"href":"https:\/\/www.ladislavjakl.cz\/index.php?rest_route=%2Fwp%2Fv2%2Fcomments&post=10374"}],"version-history":[{"count":1,"href":"https:\/\/www.ladislavjakl.cz\/index.php?rest_route=\/wp\/v2\/posts\/10374\/revisions"}],"predecessor-version":[{"id":10375,"href":"https:\/\/www.ladislavjakl.cz\/index.php?rest_route=\/wp\/v2\/posts\/10374\/revisions\/10375"}],"wp:attachment":[{"href":"https:\/\/www.ladislavjakl.cz\/index.php?rest_route=%2Fwp%2Fv2%2Fmedia&parent=10374"}],"wp:term":[{"taxonomy":"category","embeddable":true,"href":"https:\/\/www.ladislavjakl.cz\/index.php?rest_route=%2Fwp%2Fv2%2Fcategories&post=10374"},{"taxonomy":"post_tag","embeddable":true,"href":"https:\/\/www.ladislavjakl.cz\/index.php?rest_route=%2Fwp%2Fv2%2Ftags&post=10374"}],"curies":[{"name":"wp","href":"https:\/\/api.w.org\/{rel}","templated":true}]}}