{"id":10376,"date":"2019-06-11T11:56:11","date_gmt":"2019-06-11T09:56:11","guid":{"rendered":"http:\/\/www.ladislavjakl.cz\/?p=10376"},"modified":"2019-06-11T11:56:11","modified_gmt":"2019-06-11T09:56:11","slug":"jakl-trvam-si-na-svem-a-reknu-vam-jak-je-to-s-tim-clankem-v-respektu","status":"publish","type":"post","link":"https:\/\/www.ladislavjakl.cz\/?p=10376","title":{"rendered":"Jakl: Trv\u00e1m si na sv\u00e9m. A \u0159eknu v\u00e1m, jak je to s t\u00edm \u010dl\u00e1nkem v Respektu"},"content":{"rendered":"<p><strong>Ladislav Jakl, kter\u00fd byl p\u0159ed dv\u011bma t\u00fddny napaden v pra\u017esk\u00e9m metru, d\u016frazn\u011b odm\u00edt\u00e1 novou verzi ud\u00e1losti, s n\u00ed\u017e p\u0159i\u0161el jeden z \u00fadajn\u00fdch \u00fato\u010dn\u00edk\u016f. Ten tvrd\u00ed, \u017ee Jakl ude\u0159il jako prvn\u00ed. \u201eAktivn\u011b vyhledal sp\u0159\u00e1telen\u00e9 redakce, aby mu pomohly jeho \u00fatok zpochybnit,\u201c \u0159ekl Jakl redakci Parlamentn\u00edchList\u016f.cz.<\/strong><\/p>\n<p><!--more--><\/p>\n<p>Dev\u011btadvacetilet\u00fd student Daniel R., jak jeho toto\u017enost \u010d\u00e1ste\u010dn\u011b popsaly t\u00fdden\u00edk Respekt a Den\u00edk N, tvrd\u00ed, \u017ee incident, ke kter\u00e9mu do\u0161lo p\u0159ed dv\u011bma t\u00fddny v pra\u017esk\u00e9m metru, se ud\u00e1l zcela jinak, ne\u017e bylo dosud popisov\u00e1no.&nbsp;<\/p>\n<p>Student matfyzu uv\u00e1d\u00ed, \u017ee Ladislav Jakl dal \u201ejednozna\u010dn\u011b r\u00e1nu prvn\u00ed\u201c. V posledn\u00ed dob\u011b pr\u00fd nesp\u00ed, m\u00e1 kruhy pod o\u010dima a boj\u00ed se, \u017ee by ho mohli napadnout radik\u00e1lov\u00e9 jako odplatu za Jakla. Pozoruhodn\u00e9 na tom je, jak by na n\u011bho mohli \u201eradik\u00e1lov\u00e9\u201c p\u0159ij\u00edt, pokud by se s\u00e1m nep\u0159ihl\u00e1sil do m\u00e9di\u00ed. Nicm\u00e9n\u011b pr\u00fd i ze strachu se novin\u00e1\u0159\u016fm s\u00e1m p\u0159ihl\u00e1sil.<\/p>\n<ul>\n<li><a href=\"https:\/\/www.parlamentnilisty.cz\/arena\/monitor\/-Jakla-nikdo-nenapadl-on-prastil-me-Druhy-ucastnik-se-rozpovidal-v-Respektu-584701\" target=\"_blank\" rel=\"noopener\"><strong>V\u00cdCE ZDE<\/strong><\/a><\/li>\n<\/ul>\n<p>B\u00fdval\u00fd tajemn\u00edk prezidenta Klause a nyn\u011bj\u0161\u00ed \u010dlen Rady pro rozhlasov\u00e9 a televizn\u00ed vys\u00edl\u00e1n\u00ed Ladislav Jakl ve vyj\u00e1d\u0159en\u00ed pro Parlamentn\u00edListy.cz tvrzen\u00ed \u00fadajn\u00e9ho studenta jasn\u011b odm\u00edt\u00e1.&nbsp;<\/p>\n<div id=\"carodaOutstream216145Container\" class=\"carodaContainer\">\n<div id=\"carodaTeadsContainer422726832\" class=\"carodaOutstream fs-caroda-container-682237 fs-caroda-container-23659\">\n<div class=\"teads-adCall\">\u201eOn aktivn\u011b vyhledal sp\u0159\u00e1telen\u00e9 redakce, aby mu pomohly jeho \u00fatok zpochybnit. A tak redaktor Den\u00edku N u mne sonduje, jestli bych nebyl ochoten zm\u011bnit v\u00fdpov\u011b\u010f,\u201c konstatoval Ladislav Jakl pro Parlamentn\u00edListy.cz.<\/div>\n<\/div>\n<\/div>\n<p>Na dopl\u0148uj\u00edc\u00ed dotaz redakce, zda bude trvat na tom, co ji\u017e d\u0159\u00edve uvedl o pr\u016fb\u011bhu napaden\u00ed, reagoval rovn\u011b\u017e: \u201eJist\u011b\u017ee.\u201c<\/p>\n<p>Pak je\u0161t\u011b doplnil, \u017ee web \u010dasopisu Respekt, kter\u00fd sv\u011bdectv\u00ed datov\u00e9ho analytika zaznamenal, ve sv\u00e9m \u010dl\u00e1nku zcela prokazateln\u011b lhal. Tvrdil&nbsp; toti\u017e, \u017ee Jakl ji\u017e vid\u011bl kamerov\u00e9 z\u00e1znamy ze stanice metra. \u201ePolicie u\u017e Ladislavu Jaklovi uk\u00e1zala z\u00e1znam z&nbsp;kamer z&nbsp;metra, ale mezi lidmi na peron\u011b nedok\u00e1zal \u010dlov\u011bka, jeho\u017e vykreslil jako \u00fato\u010dn\u00edka, identifikovat,\u201c zn\u00ed kl\u00ed\u010dov\u00e1 v\u011bta v \u010dl\u00e1nku podepsan\u00e9m redaktorkou Ivanou Svobodovou. Jakl to odm\u00edt\u00e1, \u017e\u00e1dn\u00e9 z\u00e1znamy mu pr\u00fd policist\u00e9 doposud neukazovali.<\/p>\n<p>K \u00fatoku, po n\u011bm\u017e Ladislav Jakl podstoupil d\u016fkladn\u00e1 vy\u0161et\u0159en\u00ed v \u00dast\u0159edn\u00ed vojensk\u00e9 nemocnici v Praze, do\u0161lo p\u0159edminulou sobotu ve vagonu pra\u017esk\u00e9ho metra. Jakl pot\u00e9 uvedl, \u017ee n\u011bkolik noc\u00ed bolest\u00ed nespal a musel u\u017e\u00edvat l\u00e9ky na span\u00ed i l\u00e9ky tlum\u00edc\u00ed bolest.&nbsp;<\/p>\n<p>O necel\u00fd t\u00fdden pozd\u011bji do\u0161lo k dal\u0161\u00edmu incidentu, tentokr\u00e1t ve Zl\u00edn\u011b. B\u011bhem sn\u00eddan\u011b v hotelu m\u011bl Jakla nezn\u00e1m\u00fd mu\u017e ude\u0159it p\u011bst\u00ed do zad a za\u010d\u00edt mu sprost\u011b nad\u00e1vat.<\/p>\n<h4>S t\u00edmhle kriplem j\u00e1 nepojedu&#8230;<\/h4>\n<p>Student, pracuj\u00edc\u00ed t\u00e9\u017e jako datov\u00fd analytik, popsal incident tak, \u017ee Jakl p\u0159istoupil do metra,&nbsp; kde on sed\u011bl s p\u0159\u00edtelkyn\u00ed. To pr\u00fd komentoval slovy \u201es t\u00edmhle kriplem j\u00e1 nepojedu\u201c. D\u016fvodem podle jeho slov nem\u011bla b\u00fdt politika (a\u010dkoliv redaktorku Respektu ujistil, \u017ee s Jaklem nesouhlas\u00ed), ale to, \u017ee Jakla kdysi&nbsp; potkal v hospod\u011b a m\u011bl z n\u011bj dojem, \u017ee se chov\u00e1 arogantn\u011b. Respektu dodal i sv\u011bdectv\u00ed zn\u00e1m\u00fdch barman\u016f, \u017ee Jakl \u201eopravuje obsluze ok\u00e1zale v\u00fdslovnost n\u00e1zv\u016f piv a&nbsp;v\u016fbec plat\u00ed za nep\u0159\u00edjemn\u00e9ho&nbsp;hosta\u201c.<\/p>\n<p>N\u00e1sleduj\u00edc\u00ed ud\u00e1losti popsal takto: \u201eP\u0159\u00edtelkyn\u011b m\u011b chytla za ruku a&nbsp;za\u010dali jsme vyb\u00edhat z&nbsp;metra, \u017ee je\u0161t\u011b stihneme p\u0159estoupit do jin\u00e9ho vozu, ne\u017e se na stanici zav\u0159ou dve\u0159e. Jakl se m\u011b je\u0161t\u011b stihl zeptat \u201aTo bylo na m\u011b?\u2018 \u0158ekl jsem, \u017ee ano, a&nbsp;zopakoval jsem nahlas, \u017ee je kripl. A&nbsp;vtom jsem od n\u011bj dostal p\u011bst\u00ed. Nepra\u0161til jsem j\u00e1 jeho, pra\u0161til on&nbsp;m\u011b.\u201c<\/p>\n<p>Proto\u017ee dostal r\u00e1nu, nestihl ji\u017e pr\u00fd vystoupit a souprava se rozjela. Jakl byl podle jeho verze nad\u00e1le agresivn\u00ed, on s\u00e1m se pr\u00fd jen br\u00e1nil. \u201eDr\u017eel jsem ho za ramena, aby m\u011b nemohl zase pra\u0161tit. Kdy\u017e m\u011b nemohl b\u00edt, dal mi hlavi\u010dku, byla to dost velk\u00e1 r\u00e1na,\u201c popisuje. P\u0159ipou\u0161t\u00ed v\u0161ak, \u017ee po t\u00e9to velk\u00e9 r\u00e1n\u011b naopak on pra\u0161til Jakla do ramene a do tv\u00e1\u0159e. Pak je pr\u00fd od sebe odtrhl jin\u00fd cestuj\u00edc\u00ed.<\/p>\n<p>A\u017e v tu chv\u00edli pr\u00fd \u0159ekl v\u011bty \u201eto je Jakl z SPD\u201c a \u201eto je Jakl od Klause\u201c, aby ostatn\u00ed cestuj\u00edc\u00ed v\u011bd\u011bli, co je \u00fato\u010dn\u00edk za\u010d.<\/p>\n<h4>Jakl: Za\u010dal m\u011b ml\u00e1tit do hlavy a do ramene<\/h4>\n<p>Ladislav Jakl ud\u00e1losti od po\u010d\u00e1tku popisoval takto: \u201eSed\u011bl jsem na&nbsp;sedadle a&nbsp;najednou kdosi nade mnou zvolal: Ty se\u0161 Jakl, ten l\u00eddr SPD. A&nbsp;za\u010dal m\u011b ml\u00e1tit do&nbsp;hlavy a&nbsp;ramene. Pak m\u011b strhl na&nbsp;zem a&nbsp;na&nbsp;zast\u00e1vce hned utekl.\u201c<\/p>\n<p>\u010cl\u00e1nek Respektu o tom, jak Daniel R. opustil metro, ml\u010d\u00ed. Informuje a\u017e o tom, \u017ee mu\u017e se \u201eprvn\u00ed \u010dervnov\u00fd p\u00e1tek\u201c (7.6., t\u0159in\u00e1ct dn\u00ed po incidentu) s\u00e1m p\u0159ihl\u00e1sil policii a n\u00e1sledn\u011b s n\u00edm hovo\u0159ili novin\u00e1\u0159i z Respektu a Den\u00edku N.<\/p>\n<p>Ladislav Jakl p\u016fvodn\u011b v\u011bc necht\u011bl \u0159e\u0161it, na ve\u0159ejnost se dostala a\u017e druh\u00fd den. Jakl toti\u017e z\u00edskal podez\u0159en\u00ed na vnit\u0159n\u00ed poran\u011bn\u00ed b\u0159i\u0161n\u00ed dutiny a tak vyhledal l\u00e9ka\u0159skou pohotovost (byla ned\u011ble, tak\u017ee b\u011b\u017en\u00e9 ordinace nebyly v provozu). O\u0161et\u0159uj\u00edc\u00ed l\u00e9ka\u0159 pak informoval policii.<\/p>\n<p><a href=\"https:\/\/www.parlamentnilisty.cz\/zpravy\/kauzy\/Jakl-Trvam-si-na-svem-A-reknu-vam-jak-je-to-s-tim-clankem-v-Respektu-584749\">Zdroj<\/a><\/p>\n","protected":false},"excerpt":{"rendered":"<p>Ladislav Jakl, kter\u00fd byl p\u0159ed dv\u011bma t\u00fddny napaden v pra\u017esk\u00e9m metru, d\u016frazn\u011b odm\u00edt\u00e1 novou verzi ud\u00e1losti, s n\u00ed\u017e p\u0159i\u0161el jeden z \u00fadajn\u00fdch \u00fato\u010dn\u00edk\u016f. Ten tvrd\u00ed, \u017ee Jakl ude\u0159il jako prvn\u00ed. \u201eAktivn\u011b vyhledal sp\u0159\u00e1telen\u00e9 redakce, aby mu pomohly jeho \u00fatok zpochybnit,\u201c \u0159ekl Jakl redakci Parlamentn\u00edchList\u016f.cz.<\/p>\n","protected":false},"author":1,"featured_media":0,"comment_status":"open","ping_status":"open","sticky":false,"template":"","format":"standard","meta":{"ngg_post_thumbnail":0,"footnotes":""},"categories":[11],"tags":[],"class_list":["post-10376","post","type-post","status-publish","format-standard","hentry","category-ozvena"],"_links":{"self":[{"href":"https:\/\/www.ladislavjakl.cz\/index.php?rest_route=\/wp\/v2\/posts\/10376","targetHints":{"allow":["GET"]}}],"collection":[{"href":"https:\/\/www.ladislavjakl.cz\/index.php?rest_route=\/wp\/v2\/posts"}],"about":[{"href":"https:\/\/www.ladislavjakl.cz\/index.php?rest_route=\/wp\/v2\/types\/post"}],"author":[{"embeddable":true,"href":"https:\/\/www.ladislavjakl.cz\/index.php?rest_route=\/wp\/v2\/users\/1"}],"replies":[{"embeddable":true,"href":"https:\/\/www.ladislavjakl.cz\/index.php?rest_route=%2Fwp%2Fv2%2Fcomments&post=10376"}],"version-history":[{"count":1,"href":"https:\/\/www.ladislavjakl.cz\/index.php?rest_route=\/wp\/v2\/posts\/10376\/revisions"}],"predecessor-version":[{"id":10377,"href":"https:\/\/www.ladislavjakl.cz\/index.php?rest_route=\/wp\/v2\/posts\/10376\/revisions\/10377"}],"wp:attachment":[{"href":"https:\/\/www.ladislavjakl.cz\/index.php?rest_route=%2Fwp%2Fv2%2Fmedia&parent=10376"}],"wp:term":[{"taxonomy":"category","embeddable":true,"href":"https:\/\/www.ladislavjakl.cz\/index.php?rest_route=%2Fwp%2Fv2%2Fcategories&post=10376"},{"taxonomy":"post_tag","embeddable":true,"href":"https:\/\/www.ladislavjakl.cz\/index.php?rest_route=%2Fwp%2Fv2%2Ftags&post=10376"}],"curies":[{"name":"wp","href":"https:\/\/api.w.org\/{rel}","templated":true}]}}