{"id":1038,"date":"2011-06-02T08:47:21","date_gmt":"2011-06-02T07:47:21","guid":{"rendered":"http:\/\/www.ladislavjakl.cz\/?p=1038"},"modified":"2011-06-02T08:47:21","modified_gmt":"2011-06-02T07:47:21","slug":"poradci-nevymrou-potvrdily-interpelace-v-narodnim","status":"publish","type":"post","link":"https:\/\/www.ladislavjakl.cz\/?p=1038","title":{"rendered":"Poradci nevym\u0159ou, potvrdily Interpelace v N\u00e1rodn\u00edm"},"content":{"rendered":"<p>Bav\u00ed v\u00e1s radit druh\u00fdm? Nech\u00e1v\u00e1te si\u00a0poradit? Na co by m\u011bl \u010dlov\u011bk\u00a0myslet p\u0159edev\u0161\u00edm, kdy\u017e se chyst\u00e1 druh\u00e9mu d\u00e1vat rady?<\/p>\n<p><!--more-->A jakou odpov\u011bdnost vlastn\u011b nesou ti, kte\u0159\u00ed rad\u00ed politik\u016fm, ministr\u016fm a v\u0161em, kdo se pod\u00edlej\u00ed na \u0159\u00edzen\u00ed t\u00e9to zem\u011b?<\/p>\n<p>Tyto a dal\u0161\u00ed ot\u00e1zky\u00a0moder\u00e1tor Tom\u00e1\u0161 Sedl\u00e1\u010dek polo\u017eil v \u017eiv\u00e9m setk\u00e1n\u00ed  sv\u00fdm host\u016fm, biskupu V\u00e1clavu Mal\u00e9mu, prezidentovu poradci Ladislavu  Jaklovi, Magdalen\u011b Sou\u010dek z\u00a0poradensk\u00e9 firmy Ernst&amp;Young a  koment\u00e1toru Jind\u0159ichu \u0160\u00eddlovi.<\/p>\n<p>V\u00e1clav Mal\u00fd se sv\u011b\u0159il, jak se &#8222;rad\u00ed&#8220; s Bohem. Magdalena Sou\u010dek  mluvila o tom, \u017ee i \u00fasp\u011b\u0161n\u00e1 profesion\u00e1ln\u00ed poradkyn\u011b m\u016f\u017ee b\u00fdt\u00a0prosto\u0159ek\u00e1.  Jind\u0159ich \u0160\u00eddlo a Ladislav Jakl se d\u017eentlmensky p\u0159eli o\u00a0chyby novin\u00e1\u0159\u016f a  chyby poradc\u016f z prezidentsk\u00e9 kancel\u00e1\u0159e. V\u00fdsledek: rem\u00edza.<\/p>\n<p>A V\u00e1clav Mal\u00fd by V\u00e1clavu Klausovi poradil, aby byl\u00a0p\u0159\u00ed\u0161t\u011b opatrn\u011bj\u0161\u00ed, ne\u017e zkritizuje d\u00edlo hudebn\u00edka Ji\u0159\u00edho Pavlici.<\/p>\n<p><a href=\"http:\/\/aktualne.centrum.cz\/blogy-a-nazory\/interpelace\/clanek.phtml?id=701479\" target=\"_blank\">Textov\u00fd online p\u0159enos, video a zdroj<\/a><\/p>\n","protected":false},"excerpt":{"rendered":"<p>Bav\u00ed v\u00e1s radit druh\u00fdm? Nech\u00e1v\u00e1te si\u00a0poradit? Na co by m\u011bl \u010dlov\u011bk\u00a0myslet p\u0159edev\u0161\u00edm, kdy\u017e se chyst\u00e1 druh\u00e9mu d\u00e1vat rady?<\/p>\n","protected":false},"author":1,"featured_media":0,"comment_status":"open","ping_status":"open","sticky":false,"template":"","format":"standard","meta":{"ngg_post_thumbnail":0,"footnotes":""},"categories":[11],"tags":[],"class_list":["post-1038","post","type-post","status-publish","format-standard","hentry","category-ozvena"],"_links":{"self":[{"href":"https:\/\/www.ladislavjakl.cz\/index.php?rest_route=\/wp\/v2\/posts\/1038","targetHints":{"allow":["GET"]}}],"collection":[{"href":"https:\/\/www.ladislavjakl.cz\/index.php?rest_route=\/wp\/v2\/posts"}],"about":[{"href":"https:\/\/www.ladislavjakl.cz\/index.php?rest_route=\/wp\/v2\/types\/post"}],"author":[{"embeddable":true,"href":"https:\/\/www.ladislavjakl.cz\/index.php?rest_route=\/wp\/v2\/users\/1"}],"replies":[{"embeddable":true,"href":"https:\/\/www.ladislavjakl.cz\/index.php?rest_route=%2Fwp%2Fv2%2Fcomments&post=1038"}],"version-history":[{"count":1,"href":"https:\/\/www.ladislavjakl.cz\/index.php?rest_route=\/wp\/v2\/posts\/1038\/revisions"}],"predecessor-version":[{"id":1039,"href":"https:\/\/www.ladislavjakl.cz\/index.php?rest_route=\/wp\/v2\/posts\/1038\/revisions\/1039"}],"wp:attachment":[{"href":"https:\/\/www.ladislavjakl.cz\/index.php?rest_route=%2Fwp%2Fv2%2Fmedia&parent=1038"}],"wp:term":[{"taxonomy":"category","embeddable":true,"href":"https:\/\/www.ladislavjakl.cz\/index.php?rest_route=%2Fwp%2Fv2%2Fcategories&post=1038"},{"taxonomy":"post_tag","embeddable":true,"href":"https:\/\/www.ladislavjakl.cz\/index.php?rest_route=%2Fwp%2Fv2%2Ftags&post=1038"}],"curies":[{"name":"wp","href":"https:\/\/api.w.org\/{rel}","templated":true}]}}