{"id":10380,"date":"2019-06-17T11:21:20","date_gmt":"2019-06-17T09:21:20","guid":{"rendered":"http:\/\/www.ladislavjakl.cz\/?p=10380"},"modified":"2019-06-17T11:21:20","modified_gmt":"2019-06-17T09:21:20","slug":"luza-znovu-uderila","status":"publish","type":"post","link":"https:\/\/www.ladislavjakl.cz\/?p=10380","title":{"rendered":"L\u016fza znovu ude\u0159ila"},"content":{"rendered":"<p>Nen\u00ed to tak d\u00e1vno, co jsem v&nbsp;\u010dl\u00e1nku&nbsp;<a href=\"http:\/\/www.prvnizpravy.cz\/zpravy\/politika\/zdenek-lanz-kvetinami-v-kosi-to-zdaleka-neskoncilo\/\">Kv\u011btinami v&nbsp;ko\u0161i to zdaleka neskon\u010dilo<\/a>, psal mj. o tom, \u017ee v&nbsp;sobotu 17. listopadu 2018 kr\u00e1tce p\u0159ed polednem napadl dav ve\u0159ejn\u011b zn\u00e1mou osobu. \u0158vali na ni, strkali, plivali, p\u00edskali, nad\u00e1vali do fa\u0161ist\u016f. Tou osobou byl Ladislav Jakl.<\/p>\n<p><!--more--><\/p>\n<p>Uplynulo p\u016fl roku a &nbsp;verb\u00e1ln\u00ed \u00fatoky se zm\u011bnily v&nbsp;hrub\u00e9 fyzick\u00e9 n\u00e1sil\u00ed. Ladislav Jakl byl v&nbsp;sobotu 25. kv\u011btna 2019 ve ve\u010dern\u00edch hodin\u00e1ch z\u00e1ke\u0159n\u011b napaden v&nbsp;pra\u017esk\u00e9m metru. Ze zvol\u00e1n\u00ed: \u201eTy se\u0161 Jakl, ten l\u00eddr SPD\u201c bezprost\u0159edn\u011b p\u0159ed t\u00edm, ne\u017e ho \u00fato\u010dn\u00edk (\u010di \u00fato\u010dn\u00edci) za\u010dal ml\u00e1tit do hlavy je z\u0159ejm\u00e9, \u017ee \u00fatok byl motivov\u00e1n politicky.<\/p>\n<p>V&nbsp;<a href=\"https:\/\/www.eportal.cz\/Articles\/Prohl%C3%A1%C5%A1en%C3%AD%20IVK%20k%20brut%C3%A1ln%C3%ADmu%20fyzick%C3%A9mu%20napaden%C3%AD%20Ladislava%20Jakla\">Prohl\u00e1\u0161en\u00ed IVK k brut\u00e1ln\u00edmu fyzick\u00e9mu napaden\u00ed Ladislava Jakla<\/a>&nbsp;se velmi rozhodn\u011b vyj\u00e1d\u0159ili pracovn\u00edci IVK s&nbsp;V\u00e1clavem Klausem v&nbsp;\u010dele.<\/p>\n<p>V&nbsp;prohl\u00e1\u0161en\u00ed se mj. uv\u00e1d\u00ed: \u201eVin\u00edme ty, kte\u0159\u00ed po l\u00e9ta nerespektuj\u00ed v\u00fdsledky demokratick\u00fdch voleb a politickou moc cht\u011bj\u00ed z\u00edskat mimo demokratick\u00e9 volby prost\u0159ednictv\u00edm rozv\u00e1\u0161n\u011bn\u00fdch dav\u016f na n\u00e1m\u011bst\u00edch a sp\u0159\u00e1telen\u00fdch m\u00e9di\u00ed. V takov\u00e9 atmosf\u00e9\u0159e je u\u017e pouze mal\u00fd kr\u016f\u010dek k tomu, aby si leckdo vylo\u017eil tento stav jako normu, ve kter\u00e9 je dovoleno naprosto v\u0161echno \u2013 v\u010detn\u011b hrub\u00fdch fyzick\u00fdch \u00fatok\u016f a pokus\u016f likvidovat lidi s odli\u0161n\u00fdm n\u00e1zorem. O tom, kam takov\u00e1 doba vedla a v co vy\u00fastila, n\u00e1s dostate\u010dn\u011b trpce pou\u010dila historie 30. let minul\u00e9ho stolet\u00ed v N\u011bmecku.\u201c<\/p>\n<p>Od sobotn\u00edho \u00fatoku neuplynul je\u0161t\u011b ani t\u00fdden a Ladislav Jakl byl ve st\u0159edu 29. kv\u011btna 2019 napaden znovu, tentokr\u00e1t p\u0159i sn\u00eddani v&nbsp;hotelu ve Zl\u00edn\u011b.<\/p>\n<p>Prohl\u00e1\u0161en\u00ed IVK k&nbsp;brut\u00e1ln\u00edmu fyzick\u00e9mu napaden\u00ed Ladislava Jakla je natolik v\u00fdsti\u017en\u00e9, \u017ee je jen velmi obt\u00ed\u017en\u00e9 hledat dal\u0161\u00ed slova, kter\u00e1 by vyj\u00e1d\u0159ila znechucen\u00ed nad rostouc\u00ed politicky motivovanou nen\u00e1vist\u00ed a verb\u00e1ln\u00edmi, ale ji\u017e i fyzick\u00fdmi \u00fatoky na osoby s&nbsp;odli\u0161n\u00fdmi n\u00e1zory.<\/p>\n<p>Bylo by tragickou chybou myslet si, \u017ee n\u00e1s nem\u016f\u017ee potkat podobn\u00fd osud jako N\u011bmecko ve 30. letech dvac\u00e1t\u00e9ho stolet\u00ed. Bylo by tragickou chybou myslet si, \u017ee pron\u00e1sledov\u00e1n\u00ed lid\u00ed s&nbsp;odli\u0161n\u00fdmi politick\u00fdmi n\u00e1zory, \u010dasto vedouc\u00ed a\u017e k&nbsp;n\u00e1sil\u00ed na nich, se n\u00e1s net\u00fdk\u00e1. Bylo by tragickou chybou domn\u00edvat se, \u017ee hr\u016fzy ob\u010dansk\u00fdch v\u00e1lek, kter\u00e9 zn\u00e1me jen z&nbsp;d\u011bjepisu a ze zpr\u00e1v ze zahrani\u010d\u00ed, nemohou v&nbsp;budoucnu potkat i n\u00e1s.<\/p>\n<p>Proto se mus\u00edme m\u00edt na pozoru p\u0159ed v\u0161emi \u201esamozvan\u00fdmi proroky\u201c, kte\u0159\u00ed na n\u00e1m\u011bst\u00edch l\u00edbiv\u00fdmi proklamacemi o ohro\u017een\u00ed demokracie sami demokracii ohro\u017euj\u00ed!<\/p>\n<p>Proto se mus\u00edme m\u00edt na pozoru p\u0159ed v\u0161emi \u201eaktivisty\u201c, kte\u0159\u00ed se pomoc\u00ed informac\u00ed vytr\u017een\u00fdch z&nbsp;kontextu, polopravd i vylo\u017een\u00fdch l\u017e\u00ed sna\u017e\u00ed zmanipulovat \u201enespokojen\u00e9 ob\u010dany\u201c a rozpoutat v&nbsp;nich averzi k&nbsp;lidem jin\u00e9ho n\u00e1zoru. Od n\u00ed u\u017e je jen kr\u016f\u010dek k&nbsp;\u201eob\u010dansk\u00e9 neposlu\u0161nosti\u201c, k verb\u00e1ln\u00edm \u00fatok\u016fm a k fyzick\u00e9mu n\u00e1sil\u00ed.<\/p>\n<p>A nen\u00ed v\u016fbec d\u016fle\u017eit\u00e9, jak\u00e9 barvy je ismus, pod jeho\u017e pl\u00e1\u0161t\u00edkem se tito \u201elidov\u00ed v\u016fdcov\u00e9\u201c sna\u017e\u00ed rozpoutat nen\u00e1vist. Zda je hn\u011bd\u00fd, rud\u00fd, zelen\u00fd, jinobarevn\u00fd \u010di t\u0159eba i \u201emilionchvilkov\u00fd\u201c.<\/p>\n<p><a href=\"https:\/\/www.eportal.cz\/Articles\/10526-luza-znovu-uderila.aspx\">Zdroj<\/a><\/p>\n","protected":false},"excerpt":{"rendered":"<p>Nen\u00ed to tak d\u00e1vno, co jsem v&nbsp;\u010dl\u00e1nku&nbsp;Kv\u011btinami v&nbsp;ko\u0161i to zdaleka neskon\u010dilo, psal mj. o tom, \u017ee v&nbsp;sobotu 17. listopadu 2018 kr\u00e1tce p\u0159ed polednem napadl dav ve\u0159ejn\u011b zn\u00e1mou osobu. \u0158vali na ni, strkali, plivali, p\u00edskali, nad\u00e1vali do fa\u0161ist\u016f. Tou osobou byl Ladislav Jakl.<\/p>\n","protected":false},"author":1,"featured_media":0,"comment_status":"open","ping_status":"open","sticky":false,"template":"","format":"standard","meta":{"ngg_post_thumbnail":0,"footnotes":""},"categories":[11],"tags":[],"class_list":["post-10380","post","type-post","status-publish","format-standard","hentry","category-ozvena"],"_links":{"self":[{"href":"https:\/\/www.ladislavjakl.cz\/index.php?rest_route=\/wp\/v2\/posts\/10380","targetHints":{"allow":["GET"]}}],"collection":[{"href":"https:\/\/www.ladislavjakl.cz\/index.php?rest_route=\/wp\/v2\/posts"}],"about":[{"href":"https:\/\/www.ladislavjakl.cz\/index.php?rest_route=\/wp\/v2\/types\/post"}],"author":[{"embeddable":true,"href":"https:\/\/www.ladislavjakl.cz\/index.php?rest_route=\/wp\/v2\/users\/1"}],"replies":[{"embeddable":true,"href":"https:\/\/www.ladislavjakl.cz\/index.php?rest_route=%2Fwp%2Fv2%2Fcomments&post=10380"}],"version-history":[{"count":1,"href":"https:\/\/www.ladislavjakl.cz\/index.php?rest_route=\/wp\/v2\/posts\/10380\/revisions"}],"predecessor-version":[{"id":10381,"href":"https:\/\/www.ladislavjakl.cz\/index.php?rest_route=\/wp\/v2\/posts\/10380\/revisions\/10381"}],"wp:attachment":[{"href":"https:\/\/www.ladislavjakl.cz\/index.php?rest_route=%2Fwp%2Fv2%2Fmedia&parent=10380"}],"wp:term":[{"taxonomy":"category","embeddable":true,"href":"https:\/\/www.ladislavjakl.cz\/index.php?rest_route=%2Fwp%2Fv2%2Fcategories&post=10380"},{"taxonomy":"post_tag","embeddable":true,"href":"https:\/\/www.ladislavjakl.cz\/index.php?rest_route=%2Fwp%2Fv2%2Ftags&post=10380"}],"curies":[{"name":"wp","href":"https:\/\/api.w.org\/{rel}","templated":true}]}}