{"id":10391,"date":"2019-06-19T11:44:29","date_gmt":"2019-06-19T09:44:29","guid":{"rendered":"http:\/\/www.ladislavjakl.cz\/?p=10391"},"modified":"2019-06-19T11:51:22","modified_gmt":"2019-06-19T09:51:22","slug":"jakl-babis-a-milion-chvilek-davejte-velky-pozor-co-se-bude-dit-jde-o-brusel","status":"publish","type":"post","link":"https:\/\/www.ladislavjakl.cz\/?p=10391","title":{"rendered":"Jakl: Babi\u0161 a Milion chvilek? D\u00e1vejte velk\u00fd pozor, co se bude d\u00edt. Jde o Brusel"},"content":{"rendered":"<p>D\u00e1vejme pozor na to, jestli Babi\u0161 neza\u010dne d\u011blat \u00fastupky Bruselu v proimigra\u010dn\u00ed politice. M\u016f\u017ee n\u00e1s prodat, aby s\u00e1m sebe zachr\u00e1nil, varuje \u010dlen Rady pro rozhlasov\u00e9 a televizn\u00ed vys\u00edl\u00e1n\u00ed, n\u011bkdej\u0161\u00ed \u0159editel hradn\u00edho politick\u00e9ho odboru Ladislav Jakl. Podle n\u011bj by se tak mohlo st\u00e1t jako v\u00fdsledek tlaku, kter\u00fd je na premi\u00e9ra posledn\u00ed dobou vyv\u00edjen. V rozhovoru pro Parlamentn\u00edListy.cz Jakl dod\u00e1v\u00e1 t\u00e9\u017e nov\u00e9 informace ke kauze napaden\u00ed sv\u00e9 osoby ve voze metra.<\/p>\n<p><!--more--><\/p>\n<p><strong>\u00davodem se je\u0161t\u011b vr\u00e1t\u00edm k pon\u011bkud ne\u010dekan\u00e9mu v\u00fdvoji kolem va\u0161eho napaden\u00ed. \u00dato\u010dn\u00edk se s\u00e1m p\u0159ihl\u00e1sil m\u00e9di\u00edm a za\u010dal mluvit o vlastn\u00ed verzi s t\u00edm, \u017ee prvn\u00ed r\u00e1nu jste dal vy, co\u017e jste u\u017e odm\u00edtl. Jak vn\u00edm\u00e1te, \u017ee ihned za\u010dalo zpochyb\u0148ov\u00e1n\u00ed cel\u00e9 ud\u00e1losti tak, jak jste ji popsal?<\/strong><\/p>\n<p>Ono zpochyb\u0148ov\u00e1n\u00ed \u00fatoku tu ale bylo hned od momentu, kdy v\u011bc pronikla do m\u00e9di\u00ed. Toho si v\u0161imn\u011bte. U n\u011bkter\u00fdch lid\u00ed se jejich v\u00fdroky berou, jak jsou, jen se v&nbsp;\u010dl\u00e1nku dod\u00e1, \u017ee to \u0159ekl ten a ten. U jin\u00fdch se ale v\u00fdpov\u011b\u010f p\u0159edem u\u017e v&nbsp;titulku prokl\u00e1d\u00e1 sam\u00fdmi \u201epr\u00fd\u201c, \u201e\u00fadajn\u011b\u201c nebo \u201etvrd\u00ed, \u017ee\u201c. Podle toho pozn\u00e1te, kdo je medi\u00e1ln\u00ed mil\u00e1\u010dek a kdo medi\u00e1ln\u00ed otlouk\u00e1nek.<\/p>\n<p><strong>Ten mu\u017e se na m\u00e9dia obr\u00e1til a\u017e zhruba dva t\u00fddny pot\u00e9. Jak si to vysv\u011btlujete? On s\u00e1m tvrd\u00ed, \u017ee ho k tomu de facto donutil medi\u00e1ln\u00ed v\u00fdvoj v p\u0159\u00edpadu a jak se v\u0161e prezentovalo\u2026<\/strong><\/p>\n<p>To by reagoval v&nbsp;pr\u016fb\u011bhu prvn\u00edho t\u00fddne po sv\u00e9m \u00fatoku. Ne a\u017e po dvou t\u00fddnech, kdy\u017e ten druh\u00fd t\u00fdden se u\u017e o v\u011bci ani moc nepsalo. Prost\u011b pot\u0159eboval \u010das, aby spolu se sv\u00fdm pr\u00e1vn\u00edkem a sp\u0159\u00e1telen\u00fdmi novin\u00e1\u0159i dal dohromady svou krkolomnou konstrukci. Bylo mu jasn\u00e9, \u017ee se na n\u011bj p\u0159ijde. &nbsp;<\/p>\n<p><strong>Nep\u0159esv\u011bd\u010dil v\u00e1s p\u0159\u00edstup toho \u010dlov\u011bka v tom, \u017ee se budete pr\u00e1vn\u011b br\u00e1nit?&nbsp;<\/strong><\/p>\n<p>V\u011bc je p\u0159edm\u011btem policejn\u00edho vy\u0161et\u0159ov\u00e1n\u00ed. A v&nbsp;r\u00e1mci n\u011bj pochopiteln\u011b budu d\u00e1l vypov\u00eddat. U\u017e jsem dokonce v&nbsp;reakci na m\u00e9dii \u0161\u00ed\u0159enou poh\u00e1dku toho \u00fato\u010dn\u00edka na policii i vypov\u00eddal.&nbsp;<\/p>\n<p><strong>Te\u010f u\u017e jin\u00e1 t\u00e9mata. V\u00e1clav Klaus ml. spolu s t\u00fdmem v pond\u011bl\u00ed ofici\u00e1ln\u011b p\u0159edstavil nov\u00e9 politick\u00e9 hnut\u00ed Trikol\u00f3ra. Budete se do tohoto projektu aktivn\u011b zapojovat?<\/strong><\/p>\n<p>Coby \u010dlen Rady pro vys\u00edl\u00e1n\u00ed se nemohu anga\u017eovat ve prosp\u011bch jak\u00e9koli politick\u00e9 strany. Ale tomuto projektu fand\u00edm.<\/p>\n<p><strong>Na soci\u00e1ln\u00edch s\u00edt\u00edch a \u0159ad\u011b server\u016f jsem zaznamenal nad\u0161en\u00ed z toho, \u017ee kone\u010dn\u011b p\u0159i\u0161el politick\u00fd subjekt s jasn\u011b vyhran\u011bn\u00fdm l\u00eddrem, na kter\u00fd pravicov\u011b, konzervativn\u011b a vlastenecky sm\u00fd\u0161lej\u00edc\u00ed roky \u010dekali. Vid\u00edte to stejn\u011b?&nbsp;<\/strong><\/p>\n<p>Takov\u00e9 subjekty u\u017e tu jsou, p\u0159edev\u0161\u00edm Mat\u011bjkova Strana nez\u00e1vislosti. V&nbsp;p\u0159\u00edpad\u011b Trikol\u00f3ry jde ale o subjekt, kter\u00fd m\u00e1 dobrou \u0161anci zaujmout m\u00e9dia, a t\u00edm i ve\u0159ejnost.<\/p>\n<p><strong>Co mus\u00ed Trikol\u00f3ra d\u011blat, aby v\u00fdrazn\u011b usp\u011bla a nedopadla jako mnoho jin\u00fdch stran v minulosti, kter\u00e9 byly s nad\u0161en\u00edm a velk\u00fdmi pl\u00e1ny zalo\u017een\u00e9 a pak z toho nic moc nebylo?<\/strong><\/p>\n<p>Hlavn\u011b nenadb\u00edhat m\u00e9di\u00edm a dr\u017eet si sv\u016fj sm\u011br. Hodn\u011b politick\u00fdch subjekt\u016f si mysl\u00ed, \u017ee si n\u011bjak pomohou, kdy\u017e se za\u010dnou m\u00e9di\u00edm vl\u00eds\u00e1vat t\u00edm, \u017ee budou posouvat svou politiku sm\u011brem k&nbsp;bruselsk\u00e9 centralizaci a k&nbsp;zelen\u00e9mu, promigra\u010dn\u00edmu a genderov\u00e9mu pokrok\u00e1\u0159stv\u00ed. Jen\u017ee m\u00e9dia si t\u00edm nez\u00edskaj\u00ed a sv\u00e9 voli\u010de ztrat\u00ed. To je slep\u00e1 uli\u010dka.<\/p>\n<p><strong>Ub\u011bhlo sotva p\u00e1r dn\u016f od p\u0159edstaven\u00ed nov\u00e9ho subjektu a n\u011bkte\u0159\u00ed koment\u00e1to\u0159i u\u017e za\u010dali zasv\u011bcen\u00fdm t\u00f3nem hnut\u00ed V\u00e1clava Klause progn\u00f3zovat ne\u00fasp\u011bch, \u017ee se do Sn\u011bmovny po p\u0159\u00ed\u0161t\u00edch volb\u00e1ch sp\u00ed\u0161 nedostane apod. Co na to \u0159\u00edk\u00e1te?<\/strong><\/p>\n<p>Vzpom\u00edn\u00e1m na havlistickou TOP 09. Ta je\u0161t\u011b ani nebyla zalo\u017eena, byl jen jak\u00fdsi p\u0159\u00edpravn\u00fd v\u00fdbor, a u\u017e m\u011bla dvoucifern\u00e9 v\u00fdsledky v&nbsp;pr\u016fzkumech a m\u00e9dia se mohla p\u0159etrhnout, aby tenhle projekt co nejhlasit\u011bji vynachv\u00e1lila, a p\u0159il\u00e1kala t\u00edm voli\u010de. Asi to st\u00e1lo hodn\u011b pen\u011bz. Nebo to prost\u011b od za\u010d\u00e1tku byl projekt budovan\u00fd ve spolupr\u00e1ci s&nbsp;v\u00fdznamn\u00fdmi m\u00e9dii. Ty usp\u011bchan\u00e9 v\u00fdroky o Trikol\u00f3\u0159e nejsou seri\u00f3zn\u00ed progn\u00f3zy, to jsou n\u00e1lepky, kter\u00e9 maj\u00ed voli\u010de odradit. To nen\u00ed anal\u00fdza ani \u017eurnalistika, to je politika, by\u0165 skryt\u00e1.&nbsp;<\/p>\n<p><strong>Jak nahl\u00ed\u017e\u00edte na tolik prob\u00edran\u00e9 demonstrace Milionu chvilek pro demokracii a jejich po\u017eadavky v\u016f\u010di vl\u00e1d\u011b a premi\u00e9rovi?<\/strong><\/p>\n<p>J\u00e1 jsem existenci t\u00e9to iniciativy poprv\u00e9 zaznamenal n\u011bkdy p\u0159ed dv\u011bma m\u011bs\u00edci, kdy\u017e nerv\u00f3zn\u011b vyz\u00fdvala ke zru\u0161en\u00ed m\u00e9ho legitimn\u00edho zvolen\u00ed \u010dlenem Rady pro vys\u00edl\u00e1n\u00ed. To asi byla ta prvn\u00ed chvilka jejich demokracie. Ostatn\u00ed chvilky budou jist\u011b v&nbsp;podobn\u00e9m duchu a takto na tuhle iniciativu budu pohl\u00ed\u017eet i nad\u00e1le.&nbsp;&nbsp;<\/p>\n<p><strong>Po dlouh\u00fdch letech se te\u010f d\u011bje, \u017ee na demonstrace chod\u00ed pravideln\u011b velk\u00e9 mno\u017estv\u00ed lid\u00ed. Na posledn\u00edm V\u00e1clav\u00e1ku sice nebylo t\u011bch 120 tis\u00edc lid\u00ed, ale m\u00e9n\u011b, z druh\u00e9 strany to ani tak nen\u00ed m\u00e1lo. My \u010ce\u0161i v\u011bt\u0161inou moc nedemonstrujeme. Nem\u011bl by se s nimi premi\u00e9r p\u0159ece jen setkat?<\/strong><\/p>\n<p>Je to dob\u0159e organizovan\u00e1 a \u0161t\u011bd\u0159e financovan\u00e1 iniciativa. Uvid\u00edme, jak se j\u00ed bude da\u0159it o pr\u00e1zdnin\u00e1ch. Premi\u00e9r a\u0165 se setk\u00e1v\u00e1, s&nbsp;k\u00fdm chce, ale velmi bych ve\u0159ejnosti doporu\u010doval, aby bedliv\u011b a pozorn\u011b sledovala ka\u017ed\u00fd p\u0159\u00ed\u0161t\u00ed premi\u00e9r\u016fv krok ve v\u011bcech odporu k&nbsp;masov\u00e9 migraci a bruselsk\u00e9 centralizaci. Jestli zaznamen\u00e1me n\u011bjak\u00e9 zjevn\u00e9 Babi\u0161ovo m\u011bknut\u00ed v&nbsp;t\u011bchto v\u011bcech, bude jasn\u00e9, odkud ten tlak na n\u011bj p\u0159ich\u00e1z\u00ed a co je jeho c\u00edlem. Pokud se tak stane \u2013 a j\u00e1 se toho ob\u00e1v\u00e1m \u2013 pak se mus\u00ed \u010desk\u00e1 ve\u0159ejnost postarat o to, aby byl premi\u00e9r podroben tlaku z&nbsp;opa\u010dn\u00e9ho sm\u011bru, kter\u00fd by mu nedovolil ve v\u011bcech \u010desk\u00fdch z\u00e1jm\u016f d\u00e1le ustupovat. Jinak n\u00e1s prod\u00e1, aby m\u011bl pokoj.&nbsp; &nbsp;<\/p>\n<p><strong>P\u0159esto\u017ee si demonstranti t\u011b\u017eko vynut\u00ed Babi\u0161ovu rezignaci, jak vn\u00edm\u00e1te kauzy kolem premi\u00e9ra? Trestn\u00ed st\u00edh\u00e1n\u00ed, \u00fadajn\u00e9 dota\u010dn\u00ed podvody, st\u0159et z\u00e1jm\u016f atd. Jedni \u0159\u00edkaj\u00ed, \u017ee s t\u00edm si ho lid\u00e9 u\u017e zvolili, a jin\u00ed zase nam\u00edtaj\u00ed, \u017ee n\u00e1m to d\u011bl\u00e1 ostudu a m\u011bl by odstoupit, i kdy\u017e zat\u00edm nebyl odsouzen. Co o tom soud\u00edte vy?<\/strong><\/p>\n<p>J\u00e1 m\u00e1m osobn\u011b odpor k&nbsp;tomu, kdy\u017e se jako n\u00e1stroj politick\u00e9ho boje pou\u017e\u00edv\u00e1 kriminalizace. A to i tehdy, je-li vedena proti t\u011bm, kter\u00e9 bych u\u017e v&nbsp;politice vid\u011bt necht\u011bl. Politick\u00fd boj se m\u00e1 v\u00e9st politick\u00fdmi metodami. A co se Babi\u0161e t\u00fd\u010de: je jasn\u00e9, \u017ee \u0161el do politiky sledovat vlastn\u00ed z\u00e1jmy a nikoli n\u011bjak\u00e9 ideje. To mi je velmi protivn\u00e9. Ale po\u0159\u00e1d je to trochu lep\u0161\u00ed ne\u017e j\u00edt do politiky s&nbsp;c\u00edlem h\u00e1jit skryt\u00e9 z\u00e1jmy ciz\u00edch sil.&nbsp;<\/p>\n<p><strong>Neposouv\u00e1 se dost v\u00fdrazn\u011b v \u010desk\u00e9 politice hranice, kdy je \u00fanosn\u00e9, aby politik z\u016fstal ve funkci? D\u0159\u00edve se odstupovalo pro mnohem m\u00e9n\u011b z\u00e1va\u017en\u00e9 d\u016fvody \u010di podez\u0159en\u00ed. Vzpome\u0148me ministra Kocourka a jeho \u201eodklon\u201c pen\u011bz nebo v\u00fdroky Mirka Topol\u00e1nka pronesen\u00e9 neform\u00e1ln\u011b p\u0159ed nat\u00e1\u010den\u00edm rozhovoru\u2026<\/strong><\/p>\n<p>Mysl\u00edm, \u017ee ta hranice je po\u0159\u00e1d zhruba stejn\u00e1. Rozd\u00edl nen\u00ed v&nbsp;posunu hranic, ten je v&nbsp;\u010demsi jin\u00e9m. Kocourkem a Topol\u00e1nkem se c\u00edtilo ohro\u017eeno jejich bezprost\u0159edn\u00ed politick\u00e9 okol\u00ed, hlavn\u011b jejich strana, jejich kolegov\u00e9. Odstran\u011bn\u00edm Kocourka \u010di Topol\u00e1nka se zbavili p\u0159\u00edt\u011b\u017ee, kter\u00e1 jim v&nbsp;o\u010d\u00edch ve\u0159ejnosti \u0161kodila. Kolem Babi\u0161e nejsou \u017e\u00e1dn\u00ed lid\u00e9, kter\u00fdm by jeho jak\u00e9koli chov\u00e1n\u00ed \u0161kodilo. Naopak, jeho p\u00e1dem by si nepomohli, ale padli by s&nbsp;n\u00edm.&nbsp; &nbsp;<\/p>\n<p><strong>Sen\u00e1to\u0159i v \u010dele s V\u00e1clavem L\u00e1skou ozn\u00e1mili, \u017ee u\u017e maj\u00ed zpracovanou \u00fastavn\u00ed \u017ealobu na prezidenta republiky pro \u00fadajn\u011b z\u00e1va\u017en\u00e1 poru\u0161en\u00ed \u00fastavy. Vid\u00edte vy s\u00e1m n\u011bjak\u00e9 konkr\u00e9tn\u00ed proh\u0159e\u0161ky prezidenta Zemana?<\/strong><\/p>\n<p>Asi bych tomu ne\u0159\u00edkal proh\u0159e\u0161ky, ale prost\u011b sleduje sv\u00fdmi kroky \u00fapln\u011b jinou politiku, ne\u017e kter\u00e1 vyhovuje mn\u011b coby \u010dlov\u011bku pravicov\u00e9mu. On je prost\u011b socialista, a tak i kon\u00e1. Alespo\u0148 je ale socialista norm\u00e1ln\u00edho star\u00e9ho st\u0159ihu, ne toho nov\u00e9ho, havlistick\u00e9ho, progresivistick\u00e9ho a probruselsk\u00e9ho. Asi tak 90 procent jeho rozhodnut\u00ed bych ud\u011blal p\u0159esn\u011b obr\u00e1cen\u011b, ale skoro v\u0161e si v&nbsp;m\u00fdch o\u010d\u00edch napravuje t\u00edm, jak kr\u00e1sn\u011b um\u00ed vyt\u00e1\u010det havlistick\u00e9 eurohujery. A \u00fastavn\u00ed delikty u n\u011bj nevid\u00edm \u017e\u00e1dn\u00e9. To se jen jeho kritici vztekaj\u00ed, \u017ee d\u011bl\u00e1 politiku svou a ne jejich. A \u017ee je v&nbsp;tom jak parn\u00ed v\u00e1lec? To nen\u00ed jeho osobou, tak by se choval ka\u017ed\u00fd p\u0159\u00edmo volen\u00fd prezident. Jist\u00e9 vymknut\u00ed se hlavy st\u00e1tu z&nbsp;rovnov\u00e1hy \u00fastavn\u00edch instituc\u00ed zp\u016fsobila pr\u00e1v\u011b p\u0159\u00edm\u00e1 volba. Jej\u00ed prosazovatel\u00e9 n\u00e1s kritiky tehdy neposlouchali a zm\u011bnu prost\u011b nedomysleli.&nbsp;<\/p>\n<p><strong>Jak v\u016fbec hodnot\u00edte jeho v\u00fdkon funkce, zp\u016fsob, jak\u00fdm vystupuje a jedn\u00e1?<\/strong><\/p>\n<p>Um\u00ed to s&nbsp;m\u00e9dii, zobou mu z&nbsp;ruky. Vod\u00ed si je jako slepce. Ale s&nbsp;tou otravnou ochranou Pra\u017esk\u00e9ho hradu to jeho lid\u00e9 fakt p\u0159eh\u00e1n\u011bj\u00ed.<\/p>\n<p><a href=\"https:\/\/www.parlamentnilisty.cz\/arena\/rozhovory\/Jakl-Babis-a-Milion-chvilek-Davejte-velky-pozor-co-se-bude-dit-Jde-o-Brusel-585665\">Zdroj<\/a><\/p>\n","protected":false},"excerpt":{"rendered":"<p>D\u00e1vejme pozor na to, jestli Babi\u0161 neza\u010dne d\u011blat \u00fastupky Bruselu v proimigra\u010dn\u00ed politice. M\u016f\u017ee n\u00e1s prodat, aby s\u00e1m sebe zachr\u00e1nil, varuje \u010dlen Rady pro rozhlasov\u00e9 a televizn\u00ed vys\u00edl\u00e1n\u00ed, n\u011bkdej\u0161\u00ed \u0159editel hradn\u00edho politick\u00e9ho odboru Ladislav Jakl. Podle n\u011bj by se tak mohlo st\u00e1t jako v\u00fdsledek tlaku, kter\u00fd je na premi\u00e9ra posledn\u00ed dobou vyv\u00edjen. V rozhovoru pro [&hellip;]<\/p>\n","protected":false},"author":1,"featured_media":0,"comment_status":"open","ping_status":"open","sticky":false,"template":"","format":"standard","meta":{"ngg_post_thumbnail":0,"footnotes":""},"categories":[13],"tags":[],"class_list":["post-10391","post","type-post","status-publish","format-standard","hentry","category-rozhovory"],"_links":{"self":[{"href":"https:\/\/www.ladislavjakl.cz\/index.php?rest_route=\/wp\/v2\/posts\/10391","targetHints":{"allow":["GET"]}}],"collection":[{"href":"https:\/\/www.ladislavjakl.cz\/index.php?rest_route=\/wp\/v2\/posts"}],"about":[{"href":"https:\/\/www.ladislavjakl.cz\/index.php?rest_route=\/wp\/v2\/types\/post"}],"author":[{"embeddable":true,"href":"https:\/\/www.ladislavjakl.cz\/index.php?rest_route=\/wp\/v2\/users\/1"}],"replies":[{"embeddable":true,"href":"https:\/\/www.ladislavjakl.cz\/index.php?rest_route=%2Fwp%2Fv2%2Fcomments&post=10391"}],"version-history":[{"count":1,"href":"https:\/\/www.ladislavjakl.cz\/index.php?rest_route=\/wp\/v2\/posts\/10391\/revisions"}],"predecessor-version":[{"id":10392,"href":"https:\/\/www.ladislavjakl.cz\/index.php?rest_route=\/wp\/v2\/posts\/10391\/revisions\/10392"}],"wp:attachment":[{"href":"https:\/\/www.ladislavjakl.cz\/index.php?rest_route=%2Fwp%2Fv2%2Fmedia&parent=10391"}],"wp:term":[{"taxonomy":"category","embeddable":true,"href":"https:\/\/www.ladislavjakl.cz\/index.php?rest_route=%2Fwp%2Fv2%2Fcategories&post=10391"},{"taxonomy":"post_tag","embeddable":true,"href":"https:\/\/www.ladislavjakl.cz\/index.php?rest_route=%2Fwp%2Fv2%2Ftags&post=10391"}],"curies":[{"name":"wp","href":"https:\/\/api.w.org\/{rel}","templated":true}]}}