{"id":10393,"date":"2019-06-19T11:52:46","date_gmt":"2019-06-19T09:52:46","guid":{"rendered":"http:\/\/www.ladislavjakl.cz\/?p=10393"},"modified":"2019-06-19T11:52:53","modified_gmt":"2019-06-19T09:52:53","slug":"ladislav-jakl-s-petrem-hamplem-o-svobode-projevu","status":"publish","type":"post","link":"https:\/\/www.ladislavjakl.cz\/?p=10393","title":{"rendered":"Ladislav Jakl s Petrem Hamplem o svobod\u011b projevu."},"content":{"rendered":"<p>video je uvnit\u0159 \u010dl\u00e1nku.&nbsp;<\/p>\n<p><!--more--><\/p>\n<p>https:\/\/www.youtube.com\/watch?v=Df4pVRo_Mlc<\/p>\n","protected":false},"excerpt":{"rendered":"<p>video je uvnit\u0159 \u010dl\u00e1nku.&nbsp;<\/p>\n","protected":false},"author":1,"featured_media":0,"comment_status":"open","ping_status":"open","sticky":false,"template":"","format":"standard","meta":{"ngg_post_thumbnail":0,"footnotes":""},"categories":[13,12],"tags":[],"class_list":["post-10393","post","type-post","status-publish","format-standard","hentry","category-rozhovory","category-video"],"_links":{"self":[{"href":"https:\/\/www.ladislavjakl.cz\/index.php?rest_route=\/wp\/v2\/posts\/10393","targetHints":{"allow":["GET"]}}],"collection":[{"href":"https:\/\/www.ladislavjakl.cz\/index.php?rest_route=\/wp\/v2\/posts"}],"about":[{"href":"https:\/\/www.ladislavjakl.cz\/index.php?rest_route=\/wp\/v2\/types\/post"}],"author":[{"embeddable":true,"href":"https:\/\/www.ladislavjakl.cz\/index.php?rest_route=\/wp\/v2\/users\/1"}],"replies":[{"embeddable":true,"href":"https:\/\/www.ladislavjakl.cz\/index.php?rest_route=%2Fwp%2Fv2%2Fcomments&post=10393"}],"version-history":[{"count":1,"href":"https:\/\/www.ladislavjakl.cz\/index.php?rest_route=\/wp\/v2\/posts\/10393\/revisions"}],"predecessor-version":[{"id":10394,"href":"https:\/\/www.ladislavjakl.cz\/index.php?rest_route=\/wp\/v2\/posts\/10393\/revisions\/10394"}],"wp:attachment":[{"href":"https:\/\/www.ladislavjakl.cz\/index.php?rest_route=%2Fwp%2Fv2%2Fmedia&parent=10393"}],"wp:term":[{"taxonomy":"category","embeddable":true,"href":"https:\/\/www.ladislavjakl.cz\/index.php?rest_route=%2Fwp%2Fv2%2Fcategories&post=10393"},{"taxonomy":"post_tag","embeddable":true,"href":"https:\/\/www.ladislavjakl.cz\/index.php?rest_route=%2Fwp%2Fv2%2Ftags&post=10393"}],"curies":[{"name":"wp","href":"https:\/\/api.w.org\/{rel}","templated":true}]}}