{"id":10397,"date":"2019-06-27T14:01:29","date_gmt":"2019-06-27T12:01:29","guid":{"rendered":"http:\/\/www.ladislavjakl.cz\/?p=10397"},"modified":"2019-06-27T14:01:29","modified_gmt":"2019-06-27T12:01:29","slug":"ladislav-jakl-v-ceskem-rozhlase-babis-musi-pocitit-tlak-nejen-z-bruselu-ale-i-z-opacneho-smeru-od-nas-jinak-jim-ustoupi","status":"publish","type":"post","link":"https:\/\/www.ladislavjakl.cz\/?p=10397","title":{"rendered":"Ladislav Jakl v \u010cesk\u00e9m rozhlase: Babi\u0161 mus\u00ed poc\u00edtit tlak nejen z Bruselu, ale i z opa\u010dn\u00e9ho sm\u011bru: od n\u00e1s. Jinak jim ustoup\u00ed."},"content":{"rendered":"<p>Video uvnit\u0159 \u010dl\u00e1nku.<\/p>\n<p><!--more--><\/p>\n<p><iframe loading=\"lazy\" title=\"Ladislav Jakl: Babi\u0161 nem\u00e1 \u017e\u00e1dnou politiku ani program, m\u00e1 jen sv\u00e9 z\u00e1jmy\" width=\"500\" height=\"281\" src=\"https:\/\/www.youtube.com\/embed\/LOH9DCRETa8?feature=oembed\" frameborder=\"0\" allow=\"accelerometer; autoplay; clipboard-write; encrypted-media; gyroscope; picture-in-picture; web-share\" referrerpolicy=\"strict-origin-when-cross-origin\" allowfullscreen><\/iframe><\/p>\n","protected":false},"excerpt":{"rendered":"<p>Video uvnit\u0159 \u010dl\u00e1nku.<\/p>\n","protected":false},"author":1,"featured_media":0,"comment_status":"open","ping_status":"open","sticky":false,"template":"","format":"standard","meta":{"ngg_post_thumbnail":0,"footnotes":""},"categories":[13,12],"tags":[],"class_list":["post-10397","post","type-post","status-publish","format-standard","hentry","category-rozhovory","category-video"],"_links":{"self":[{"href":"https:\/\/www.ladislavjakl.cz\/index.php?rest_route=\/wp\/v2\/posts\/10397","targetHints":{"allow":["GET"]}}],"collection":[{"href":"https:\/\/www.ladislavjakl.cz\/index.php?rest_route=\/wp\/v2\/posts"}],"about":[{"href":"https:\/\/www.ladislavjakl.cz\/index.php?rest_route=\/wp\/v2\/types\/post"}],"author":[{"embeddable":true,"href":"https:\/\/www.ladislavjakl.cz\/index.php?rest_route=\/wp\/v2\/users\/1"}],"replies":[{"embeddable":true,"href":"https:\/\/www.ladislavjakl.cz\/index.php?rest_route=%2Fwp%2Fv2%2Fcomments&post=10397"}],"version-history":[{"count":1,"href":"https:\/\/www.ladislavjakl.cz\/index.php?rest_route=\/wp\/v2\/posts\/10397\/revisions"}],"predecessor-version":[{"id":10398,"href":"https:\/\/www.ladislavjakl.cz\/index.php?rest_route=\/wp\/v2\/posts\/10397\/revisions\/10398"}],"wp:attachment":[{"href":"https:\/\/www.ladislavjakl.cz\/index.php?rest_route=%2Fwp%2Fv2%2Fmedia&parent=10397"}],"wp:term":[{"taxonomy":"category","embeddable":true,"href":"https:\/\/www.ladislavjakl.cz\/index.php?rest_route=%2Fwp%2Fv2%2Fcategories&post=10397"},{"taxonomy":"post_tag","embeddable":true,"href":"https:\/\/www.ladislavjakl.cz\/index.php?rest_route=%2Fwp%2Fv2%2Ftags&post=10397"}],"curies":[{"name":"wp","href":"https:\/\/api.w.org\/{rel}","templated":true}]}}