{"id":10403,"date":"2019-06-28T14:02:35","date_gmt":"2019-06-28T12:02:35","guid":{"rendered":"http:\/\/www.ladislavjakl.cz\/?p=10403"},"modified":"2019-06-28T14:08:48","modified_gmt":"2019-06-28T12:08:48","slug":"ladislav-jakl-krti-u-kelleyho-knihu-josefa-provaznika-o-fejk-nus-ke-ktere-napsal-i-predmluvu","status":"publish","type":"post","link":"https:\/\/www.ladislavjakl.cz\/?p=10403","title":{"rendered":"Ladislav Jakl \u201ek\u0159t\u00ed\u201c u Kelleyho knihu Josefa Provazn\u00edka o fejk \u0148\u016fs, ke kter\u00e9 napsal i p\u0159edmluvu"},"content":{"rendered":"<p>https:\/\/youtu.be\/EideyJWnUGs<\/p>\n<p>Text p\u0159edmluvy:<\/p>\n<p><strong><u>Konec srandy<\/u><\/strong><\/p>\n<p>V\u00e1\u017een\u00e9 \u010dten\u00e1\u0159ky, v\u00e1\u017een\u00ed \u010dten\u00e1\u0159i, v\u00e1\u017een\u00e9 \u010dten\u00e1\u0159stvo v\u0161ech pohlav\u00ed i to bezpohlavn\u00ed, v\u0161ech \u017eivo\u010di\u0161n\u00fdch druh\u016f, n\u00e1rod\u016f, ras, n\u00e1bo\u017eenstv\u00ed, kult\u016f a ideologick\u00fdch orientac\u00ed.<\/p>\n<p>C\u00edt\u00edm povinnost v\u00e1s varovat. Dostala se v\u00e1m tragick\u00fdm nedopat\u0159en\u00edm do rukou kniha, kterou rozhodn\u011b nesm\u00edte \u010d\u00edst. Ba ani letmo prolistovat. Jej\u00ed p\u00edsmenka se v\u00e1m okam\u017eit\u011b vp\u00e1l\u00ed do mozku, p\u0159eskup\u00ed va\u0161e neuronov\u00e9 vazby a zp\u016fsob\u00ed nen\u00e1vratn\u00e9 \u0161kody na va\u0161\u00ed kulturn\u00ed, duchovn\u00ed a mor\u00e1ln\u00ed eurov\u00fdbav\u011b.<\/p>\n<p>Je to kniha, kter\u00e1 pohrd\u00e1 v\u0161\u00edm nejcenn\u011bj\u0161\u00edm, co n\u00e1m soudob\u00e1 rozvinut\u00e1 liber\u00e1ln\u011b demokratick\u00e1 eurospole\u010dnost nab\u00edz\u00ed. Je to pamflet, kter\u00fd zleh\u010duje ty nejposv\u00e1tn\u011bj\u0161\u00ed eurohodnoty, jako nap\u0159\u00edklad pr\u00e1vo uzav\u0159\u00edt s\u0148atek s&nbsp;po\u0161tovn\u00ed schr\u00e1nkou na rohu ulice. Je to kniha, kter\u00e1 zneva\u017euje ob\u011btavou pr\u00e1ci hrdinn\u00fdch zachr\u00e1nc\u016f syrsk\u00fdch sirotk\u016f z&nbsp;Nig\u00e9rie, kter\u00e1 cynicky podporuje zlo\u010dinn\u00e9 spol\u010den\u00ed developer\u016f s&nbsp;c\u00edlem vyhubit palmov\u00e9 lesy na Kalimantanu i s&nbsp;jejich obyvateli, \u017eij\u00edc\u00edmi v&nbsp;sepjet\u00ed s&nbsp;p\u0159\u00edrodou a krokod\u00fdly, a na jejich m\u00edst\u011b vybudovat betonov\u00e9 pomn\u00edky kapitalismu, chr\u00e1my konzumu a plastov\u00fdch br\u010dek.<\/p>\n<p>N\u011bkdo z&nbsp;v\u00e1s by mo\u017en\u00e1 propadl poku\u0161en\u00ed pod\u00edvat se t\u00e9to za cynick\u00fd \u0161kleb se schov\u00e1vaj\u00edc\u00ed protiarabsk\u00e9, protiafrick\u00e9 a protievropsk\u00e9 propagand\u011b na zoubek a poznat tak l\u00e9pe sv\u00e9ho nep\u0159\u00edtele, abyste mu mohli efektivn\u011bji \u010delit. To by bylo ale z\u00e1sadn\u00edm podcen\u011bn\u00edm rafinovanosti t\u00e9to veskrze prohnan\u00e9 r\u00e1dobyvtipn\u00e9 agitky. V\u0161echny str\u00e1nky t\u00e9to knihy jsou toti\u017e napu\u0161t\u011bny halucinogenn\u00edmi chemik\u00e1liemi, kter\u00e9 sni\u017euj\u00ed medi\u00e1ln\u00ed gramotnost, intelektu\u00e1ln\u00ed obranyschopnost a otev\u00edraj\u00ed mysl \u010dten\u00e1\u0159\u016f nep\u0159\u00e1telsk\u00fdm vir\u016fm nen\u00e1visti v\u016f\u010di na\u0161\u00ed opr\u00e1vn\u011bn\u00e9 nen\u00e1visti. Knihy, takto \u00fato\u010d\u00edc\u00ed na z\u00e1sady tolerance, nelze v&nbsp;\u017e\u00e1dn\u00e9m p\u0159\u00edpad\u011b tolerovat. Tolerov\u00e1n\u00ed netolerance toti\u017e nen\u00ed projevem tolerance, ale netolerance, kterou nelze tolerovat.<\/p>\n<p>Kdy\u017e u\u017e ale do\u0161lo k&nbsp;tak tragick\u00e9mu selh\u00e1n\u00ed a vy tuto knihu opravdu u\u017e dr\u017e\u00edte v&nbsp;ruce, mo\u017en\u00e1 dokonce bez rukavic, nesm\u00edte podlehnout panice. Knihu v&nbsp;\u017e\u00e1dn\u00e9m p\u0159\u00edpad\u011b neodhazujte do odpadkov\u00e9ho ko\u0161e. Je velmi pravd\u011bpodobn\u011b \u010dasovan\u00e1 a mohla by kolem sebe ihned spustit \u0161\u00ed\u0159en\u00ed hybridn\u00edch kybernetick\u00fdch desinformac\u00ed prost\u0159ednictv\u00edm infrarud\u00e9ho z\u00e1\u0159en\u00ed. Knihu se neopova\u017eujte ani sp\u00e1lit. To v\u011bru nen\u00ed \u0159e\u0161en\u00ed. Nejen\u017ee t\u00edm klimaktericky otepl\u00edte planetu o pades\u00e1t stup\u0148\u016f a zavin\u00edte, \u017ee v\u0161echna vaj\u00ed\u010dka budou u\u017e nav\u017edy pouze natvrdl\u00e1, hlavn\u011b t\u00edm ale spust\u00edte termonuklickou \u0159et\u011bzovou akci, koordinovanou a\u017e z&nbsp;\u010c\u00edny, kter\u00e1 z\u00e1ludn\u011b povzbud\u00ed u lid\u00ed chu\u0165 na r\u00fd\u017ei a odevzd\u00e1 je tak do pln\u00e9 z\u00e1vislosti na pand\u00ed \u0159\u00ed\u0161i.<\/p>\n<p>Jedin\u00fd zp\u016fsob, jak se dostat ze zapeklit\u00e9 situace, kterou jste si zakoupen\u00edm t\u00e9to knihy lehkov\u00e1\u017en\u011b sami p\u0159ivodili, je svolat po fejsbuku \u0161iky uv\u011bdom\u011bl\u00fdch Europan\u016f v\u0161ech pohlav\u00ed krom\u011b b\u00edl\u00e9ho a pak spolu s&nbsp;t\u011bmito odhodlan\u00fdmi p\u0159\u00e1teli vytvo\u0159it kolem knihy kruh a dekontaminovat jej\u00ed toxick\u00fd obsah magick\u00fdm tancem za vyk\u0159ikov\u00e1n\u00ed hesla: \u201eNen\u00ed brusele krom\u011b brusele, do pekla propadne, kdo se\u017eere to sele.\u201c<\/p>\n<p>Ale ani to nezaru\u010duje, \u017ee va\u0161e eurodu\u0161e nebude na v\u011bky ztracen\u00e1. Posledn\u00ed, co m\u016f\u017eete ud\u011blat dobr\u00e9ho, kdy\u017e u\u017e jste to takhle pohnojili, je varovat co nejv\u00edce sv\u00fdch bli\u017en\u00edch: nekupujte tuhle knihu, proto\u017ee boj o lep\u0161\u00ed sv\u011bt p\u0159ece nen\u00ed \u017e\u00e1dn\u00e1 sranda. A kdy\u017e u\u017e sranda, tak jedin\u011b ta na\u0161e, euroliber\u00e1ln\u00ed. Proto\u017ee u t\u00e9 kon\u010d\u00ed sranda a za\u010d\u00ednaj\u00ed hybridn\u00ed fejkov\u00e9 desinforma\u010dn\u00ed manipulace.<\/p>\n<p>L. J., vrchn\u00ed cenzor&nbsp;&nbsp;<\/p>\n","protected":false},"excerpt":{"rendered":"<p>https:\/\/youtu.be\/EideyJWnUGs Text p\u0159edmluvy: Konec srandy V\u00e1\u017een\u00e9 \u010dten\u00e1\u0159ky, v\u00e1\u017een\u00ed \u010dten\u00e1\u0159i, v\u00e1\u017een\u00e9 \u010dten\u00e1\u0159stvo v\u0161ech pohlav\u00ed i to bezpohlavn\u00ed, v\u0161ech \u017eivo\u010di\u0161n\u00fdch druh\u016f, n\u00e1rod\u016f, ras, n\u00e1bo\u017eenstv\u00ed, kult\u016f a ideologick\u00fdch orientac\u00ed. C\u00edt\u00edm povinnost v\u00e1s varovat. Dostala se v\u00e1m tragick\u00fdm nedopat\u0159en\u00edm do rukou kniha, kterou rozhodn\u011b nesm\u00edte \u010d\u00edst. Ba ani letmo prolistovat. Jej\u00ed p\u00edsmenka se v\u00e1m okam\u017eit\u011b vp\u00e1l\u00ed do mozku, p\u0159eskup\u00ed [&hellip;]<\/p>\n","protected":false},"author":1,"featured_media":0,"comment_status":"open","ping_status":"open","sticky":false,"template":"","format":"standard","meta":{"ngg_post_thumbnail":0,"footnotes":""},"categories":[1,12],"tags":[],"class_list":["post-10403","post","type-post","status-publish","format-standard","hentry","category-publikovane-clanky","category-video"],"_links":{"self":[{"href":"https:\/\/www.ladislavjakl.cz\/index.php?rest_route=\/wp\/v2\/posts\/10403","targetHints":{"allow":["GET"]}}],"collection":[{"href":"https:\/\/www.ladislavjakl.cz\/index.php?rest_route=\/wp\/v2\/posts"}],"about":[{"href":"https:\/\/www.ladislavjakl.cz\/index.php?rest_route=\/wp\/v2\/types\/post"}],"author":[{"embeddable":true,"href":"https:\/\/www.ladislavjakl.cz\/index.php?rest_route=\/wp\/v2\/users\/1"}],"replies":[{"embeddable":true,"href":"https:\/\/www.ladislavjakl.cz\/index.php?rest_route=%2Fwp%2Fv2%2Fcomments&post=10403"}],"version-history":[{"count":3,"href":"https:\/\/www.ladislavjakl.cz\/index.php?rest_route=\/wp\/v2\/posts\/10403\/revisions"}],"predecessor-version":[{"id":10406,"href":"https:\/\/www.ladislavjakl.cz\/index.php?rest_route=\/wp\/v2\/posts\/10403\/revisions\/10406"}],"wp:attachment":[{"href":"https:\/\/www.ladislavjakl.cz\/index.php?rest_route=%2Fwp%2Fv2%2Fmedia&parent=10403"}],"wp:term":[{"taxonomy":"category","embeddable":true,"href":"https:\/\/www.ladislavjakl.cz\/index.php?rest_route=%2Fwp%2Fv2%2Fcategories&post=10403"},{"taxonomy":"post_tag","embeddable":true,"href":"https:\/\/www.ladislavjakl.cz\/index.php?rest_route=%2Fwp%2Fv2%2Ftags&post=10403"}],"curies":[{"name":"wp","href":"https:\/\/api.w.org\/{rel}","templated":true}]}}