{"id":1042,"date":"2011-06-02T08:50:23","date_gmt":"2011-06-02T07:50:23","guid":{"rendered":"http:\/\/www.ladislavjakl.cz\/?p=1042"},"modified":"2011-06-02T08:50:23","modified_gmt":"2011-06-02T07:50:23","slug":"ladislav-jakl-radit-je-ma-profese","status":"publish","type":"post","link":"https:\/\/www.ladislavjakl.cz\/?p=1042","title":{"rendered":"Ladislav Jakl: Radit je m\u00e1 profese"},"content":{"rendered":"<p><em>\u201cOd sv\u00e9ho \u0161\u00e9fa se v tomto z\u00e1sadn\u011b li\u0161\u00edm. Zat\u00edmco on se rad\u00ed \u00fapln\u011b o v\u0161em, j\u00e1 skoro o ni\u010dem,\u201d<\/em> odpov\u011bd\u011bl prezident\u016fv poradce Ladislav Jakl na ot\u00e1zku, zda si i on nech\u00e1v\u00e1 od n\u011bkoho poradit.<\/p>\n<p><!--more--> <a name=\"more\"><\/a><\/p>\n<p>P\u0159edstavujeme v\u00e1m t\u00edmto \u010dtvrt\u00e9ho hosta <a href=\"http:\/\/aktualne.centrum.cz\/blogy-a-nazory\/interpelace\/\">divadeln\u00edch Interpelac\u00ed<\/a>,  na kter\u00e9 v\u00e1s ka\u017ed\u00fd \u010dtvrt\u00fd \u010dtvrtek v m\u011bs\u00edci (tentokr\u00e1t tedy 26. 5.) zve  moder\u00e1tor Tom\u00e1\u0161 Sedl\u00e1\u010dek, Aktu\u00e1ln\u011b.cz a Nov\u00e1 sc\u00e9na N\u00e1rodn\u00edho divadla  (pod\u00edvejte se i na \u201einterpela\u010dn\u00ed\u201c vizitky dal\u0161\u00edch t\u0159\u00ed &#8211; biskupa <a href=\"http:\/\/blog.aktualne.centrum.cz\/blogy\/libor-stejskal.php?itemid=13197\">V\u00e1clava Mal\u00e9ho<\/a>, <a href=\"http:\/\/blog.aktualne.centrum.cz\/blogy\/libor-stejskal.php?itemid=13221\">Magdaleny Sou\u010dek<\/a> z poradensk\u00e9 firmy Ernest&amp;Young a koment\u00e1tora <a href=\"http:\/\/blog.aktualne.centrum.cz\/blogy\/libor-stejskal.php?itemid=13233\">Jind\u0159icha \u0160\u00eddla<\/a>). Dne\u0161n\u00ed t\u00e9ma: Um\u011bn\u00ed poradit.<\/p>\n<p><strong>Ladislav Jakl<\/strong><\/p>\n<p>\u0158editel politick\u00e9ho odboru Kancel\u00e1\u0159e prezidenta republiky, hudebn\u00edk a novin\u00e1\u0159.<\/p>\n<p>Vystudoval Fakultu \u017eurnalistiky Univerzity Karlovy, pracoval v r\u016fzn\u00fdch profes\u00edch od z\u00e1vozn\u00edka po vedouc\u00edho kulturn\u00edho st\u0159ediska.<\/p>\n<p>Po roce 1989 byl postupn\u011b poslancem \u010cNR, vedouc\u00edm \u00da\u0159adu Rady pro  rozhlasov\u00e9 a televizn\u00ed vys\u00edl\u00e1n\u00ed a novin\u00e1\u0159em v Lidov\u00fdch novin\u00e1ch.<\/p>\n<p>Od tzv. Sarajevsk\u00e9ho atent\u00e1tu v roce 1997 je bl\u00edzk\u00fdm spolupracovn\u00edkem  V\u00e1clava Klause, nejd\u0159\u00edve v Poslaneck\u00e9 sn\u011bmovn\u011b, od roku 2003 pak  tajemn\u00edkem prezidenta republiky.<\/p>\n<p>Rockov\u00fd hudebn\u00edk a autor, aktivn\u011b hraje des\u00edtky let, p\u0159edev\u0161\u00edm se sv\u00fdmi  kapelami Etal a Folimanka Blues. Ve sv\u00e9m voln\u00e9m \u010dase se r\u00e1d v\u011bnuje pivu,  teoreticky i prakticky.<\/p>\n<p>Je autorem mnoha set \u010dl\u00e1nk\u016f a esej\u016f o \u010desk\u00e9 i mezin\u00e1rodn\u00ed politice, o m\u00e9di\u00edch, a tak\u00e9 mnoha sloupk\u016f \u010di fejeton\u016f.<\/p>\n<p><em>Na co by m\u011bl \u010dlov\u011bk nejv\u00edce myslet, kdy\u017e se chyst\u00e1 n\u011bkomu n\u011bco poradit? <\/em><\/p>\n<p>V\u011bt\u0161inou nen\u00ed ten rad\u00edc\u00ed \u010dlov\u011bkem, kter\u00fd si to pak pop\u0159\u00edpad\u011b odsk\u00e1\u010de.  Proto m\u016f\u017ee m\u00edt tendenci nebrat svou odpov\u011bdnost v\u00e1\u017en\u011b, v\u017edy\u0165 kone\u010dn\u00e9  rozhodnut\u00ed je na jin\u00e9m. Jen\u017ee pokud takov\u00e9 rozhodnut\u00ed m\u016f\u017ee m\u00edt n\u011bjak\u00fd  v\u00e1\u017en\u00fd dopad, mus\u00ed na onen p\u0159\u00edpadn\u00fd dopad myslet ne pouze ten, co  rozhodnut\u00ed d\u011bl\u00e1, ale u\u017e ten rad\u00edc\u00ed.<\/p>\n<p><em>Nech\u00e1v\u00e1te si radit od jin\u00fdch? Od koho nej\u010dast\u011bji a pro\u010d? A od koho byste si nikdy poradit nenechal? <\/em><\/p>\n<p>Od sv\u00e9ho \u0161\u00e9fa se v tom li\u0161\u00edm z\u00e1sadn\u011b. Zat\u00edmco on se rad\u00ed \u00fapln\u011b o v\u0161em,  j\u00e1 skoro o ni\u010dem. Ale v osobn\u00edch v\u011bcech, jako jsou t\u0159eba d\u00e1rky, tam  m\u00edvaj\u00ed v\u011bt\u0161\u00ed cit \u017eeny, tam o radu \u017e\u00e1d\u00e1m. Nebo v person\u00e1ln\u00edch v\u011bcech, tam  tak\u00e9 m\u00edvaj\u00ed \u017eeny zpravidla lep\u0161\u00ed nos.<\/p>\n<p><em>Bav\u00ed V\u00e1s radit druh\u00fdm? <\/em><\/p>\n<p>Je to m\u00e1 profese.<\/p>\n<p><em>P\u0159edstavte si, \u017ee byste si nyn\u00ed mohl vybrat jednoho \u010dlov\u011bka, t\u0159eba  politika, kter\u00fd by se \u0159\u00eddil Va\u0161\u00ed radou. Koho byste si vybral a co byste  mu poradil? <\/em><\/p>\n<p>U\u017e jsem si vybral.<\/p>\n<div style=\"text-align: center;\">***<\/div>\n<p>Interpelace maj\u00ed <a href=\"http:\/\/aktualne.centrum.cz\/blogy-a-nazory\/interpelace\/\">svoj\u00ed internetovou str\u00e1nku v r\u00e1mci Aktu\u00e1ln\u011b.cz<\/a>, kde se dozv\u00edte term\u00edny, t\u00e9mata \u010di jm\u00e9na host\u016f i dal\u0161\u00ed zaj\u00edmav\u00e9 informace. Najdete n\u00e1s i na <a href=\"http:\/\/www.facebook.com\/Interpelace\">facebooku<\/a> a <a href=\"http:\/\/twitter.com\/interpelace\">twitteru<\/a>.<\/p>\n<p>Interpelac\u00ed se m\u016f\u017eete z\u00fa\u010dastnit, ani\u017e byste dorazili na Novou sc\u00e9nu  N\u00e1rodn\u00edho divadla. V aktu\u00e1ln\u00edm \u010dase ji najdete jako stream na  Aktu\u00e1ln\u011b.cz. I zde budete moci v debat\u011b pokl\u00e1dat sv\u00e9 on-line ot\u00e1zky,  kter\u00e9 se mohou dostat k panelist\u016fm. V p\u0159\u00edm\u00e9m p\u0159enosu je t\u00e9\u017e vys\u00edl\u00e1 druh\u00fd  program \u010cesk\u00e9 televize.<\/p>\n<p><a href=\"http:\/\/blog.aktualne.centrum.cz\/blogy\/libor-stejskal.php?itemid=13239\" target=\"_blank\">Zdroj<\/a><\/p>\n","protected":false},"excerpt":{"rendered":"<p>\u201cOd sv\u00e9ho \u0161\u00e9fa se v tomto z\u00e1sadn\u011b li\u0161\u00edm. Zat\u00edmco on se rad\u00ed \u00fapln\u011b o v\u0161em, j\u00e1 skoro o ni\u010dem,\u201d odpov\u011bd\u011bl prezident\u016fv poradce Ladislav Jakl na ot\u00e1zku, zda si i on nech\u00e1v\u00e1 od n\u011bkoho poradit.<\/p>\n","protected":false},"author":1,"featured_media":0,"comment_status":"open","ping_status":"open","sticky":false,"template":"","format":"standard","meta":{"ngg_post_thumbnail":0,"footnotes":""},"categories":[11],"tags":[],"class_list":["post-1042","post","type-post","status-publish","format-standard","hentry","category-ozvena"],"_links":{"self":[{"href":"https:\/\/www.ladislavjakl.cz\/index.php?rest_route=\/wp\/v2\/posts\/1042","targetHints":{"allow":["GET"]}}],"collection":[{"href":"https:\/\/www.ladislavjakl.cz\/index.php?rest_route=\/wp\/v2\/posts"}],"about":[{"href":"https:\/\/www.ladislavjakl.cz\/index.php?rest_route=\/wp\/v2\/types\/post"}],"author":[{"embeddable":true,"href":"https:\/\/www.ladislavjakl.cz\/index.php?rest_route=\/wp\/v2\/users\/1"}],"replies":[{"embeddable":true,"href":"https:\/\/www.ladislavjakl.cz\/index.php?rest_route=%2Fwp%2Fv2%2Fcomments&post=1042"}],"version-history":[{"count":1,"href":"https:\/\/www.ladislavjakl.cz\/index.php?rest_route=\/wp\/v2\/posts\/1042\/revisions"}],"predecessor-version":[{"id":1043,"href":"https:\/\/www.ladislavjakl.cz\/index.php?rest_route=\/wp\/v2\/posts\/1042\/revisions\/1043"}],"wp:attachment":[{"href":"https:\/\/www.ladislavjakl.cz\/index.php?rest_route=%2Fwp%2Fv2%2Fmedia&parent=1042"}],"wp:term":[{"taxonomy":"category","embeddable":true,"href":"https:\/\/www.ladislavjakl.cz\/index.php?rest_route=%2Fwp%2Fv2%2Fcategories&post=1042"},{"taxonomy":"post_tag","embeddable":true,"href":"https:\/\/www.ladislavjakl.cz\/index.php?rest_route=%2Fwp%2Fv2%2Ftags&post=1042"}],"curies":[{"name":"wp","href":"https:\/\/api.w.org\/{rel}","templated":true}]}}