{"id":10421,"date":"2019-07-29T12:40:15","date_gmt":"2019-07-29T10:40:15","guid":{"rendered":"http:\/\/www.ladislavjakl.cz\/?p=10421"},"modified":"2019-07-29T12:40:15","modified_gmt":"2019-07-29T10:40:15","slug":"ladislav-jakl-pripad-fajt-hybe-ceskou-politikou","status":"publish","type":"post","link":"https:\/\/www.ladislavjakl.cz\/?p=10421","title":{"rendered":"Ladislav Jakl: P\u0159\u00edpad Fajt h\u00fdbe \u010deskou politikou"},"content":{"rendered":"<p>Noviny jsou denn\u011b narvan\u00e9 ob\u0159\u00edmi titulky. \u201eAf\u00e9ra kolem financov\u00e1n\u00ed N\u00e1rodn\u00ed galerie dolehla a\u017e na vl\u00e1du.\u201c \u201e\u0158editel Fajt si nech\u00e1v\u00e1 hradit sv\u016fj plat od Komer\u010dn\u00ed banky.\u201c \u201eKauza Fajtova honor\u00e1\u0159e zp\u016fsobila konflikt ve vl\u00e1dn\u00ed koalici.\u201c \u201eKauza Fajt: vy\u0161et\u0159ov\u00e1n\u00ed pokra\u010duje.\u201c&nbsp; \u201eFajt platil s\u00e1m sob\u011b: skand\u00e1l \u0161t\u011bp\u00ed soci\u00e1ln\u00ed demokracii.\u201c \u201eP\u0159\u00edpad \u0159editele Fajta: dal\u0161\u00ed jedn\u00e1n\u00ed v&nbsp;L\u00e1nech.\u201c V\u00fdvoj kauzy Fajt: premi\u00e9r se se\u0161el s&nbsp;prezidentem.\u201c \u201eP\u0159\u00edpad kauzy Fajt graduje: budou p\u0159ed\u010dasn\u00e9 volby?\u201c \u201ePadne vl\u00e1da kv\u016fli Fajtov\u011b af\u00e9\u0159e?\u201c<\/p>\n<p><!--more--><br \/>\nNen\u00ed mo\u017en\u00e9 otev\u0159\u00edt jedin\u00e9 noviny, kouknout na tituln\u00ed str\u00e1nku \u010dasopisu, zalistovat bulv\u00e1rem nebo se&nbsp;pod\u00edvat na zpravodajstv\u00ed n\u011bjak\u00e9ho serveru. V\u0161ude sam\u00fd Fajt a d\u016fsledky jeho defrauda\u010dn\u00ed af\u00e9ry. &nbsp;\u017de to nen\u00ed pravda? \u017de jste \u017e\u00e1dn\u00e9 takov\u00e9 titulky nikde nevid\u011bli? No pr\u00e1v\u011b.<\/p>\n<p>P\u0159esn\u011b takhle by ty titulky toti\u017e zcela jist\u011b vypadaly pouze v p\u0159\u00edpad\u011b, pokud by \u0159editel Fajt nepat\u0159il do on\u00e9 chr\u00e1n\u011bn\u00e9 kulturn\u011b medi\u00e1ln\u00ed parti\u010dky. M\u00e9dia nesypou denn\u00ed p\u0159\u00edvaly podrobnost\u00ed o hospoda\u0159en\u00ed s&nbsp;ve\u0159ejn\u00fdmi prost\u0159edky v&nbsp;N\u00e1rodn\u00ed galerii pod Fajtov\u00fdm veden\u00edm, nehrnou na n\u00e1s dal\u0161\u00ed d\u00edly seri\u00e1lu o jeho finan\u010dn\u00edch kontroverz\u00edch v&nbsp;jin\u00fdch jeho d\u0159\u00edv\u011bj\u0161\u00edch func\u00edch, detaily o jeho majetku \u010di soukrom\u00ed, o politick\u00fdch \u010di lobbistick\u00fdch vazb\u00e1ch. Nic, jedno velk\u00e9 nic.&nbsp;<\/p>\n<p>Sledujeme hore\u010dn\u00e1 jedn\u00e1n\u00ed o budoucnosti vl\u00e1dy, jedno ostr\u00e9 prohl\u00e1\u0161en\u00ed st\u0159\u00edd\u00e1 druh\u00e9, ale u\u017e se n\u011bjak nikdo nept\u00e1, pro\u010d to v\u0161echno vzniklo. Vzniklo to odvol\u00e1n\u00edm \u0159editele Fajta kv\u016fli z\u00e1va\u017en\u00fdm zji\u0161t\u011bn\u00edm ministra kultury o \u010dachrech v&nbsp;N\u00e1rodn\u00ed galerii. Ale Fajt m\u00e1 kryt\u00ed, pat\u0159\u00ed do t\u00e9 spr\u00e1vn\u00e9 party, a tak se m\u00e9dia tv\u00e1\u0159\u00ed, \u017ee vl\u00e1dn\u00ed krize je tu n\u011bjak sama od sebe, podstatn\u00e9 jsou na n\u00ed jen denn\u00ed tane\u010dky politik\u016f kolem mikrofon\u016f, ale sama p\u0159\u00ed\u010dina toho v\u0161eho, ta nikoho nezaj\u00edm\u00e1, na tu si nikdo nevzpomene. Nato\u017e aby nazval sou\u010dasn\u00e9 politick\u00e9 turbulence jedin\u00fdm mo\u017en\u00fdm titulkem:&nbsp;<strong>P\u0159\u00edpad Fajt.<\/p>\n<p><em>Ladislav Jakl, 8. \u010dervence 2019<\/em><\/strong><\/p>\n<p><a href=\"http:\/\/institutvk.cz\/clanky\/1366.html\">Zdroj<\/a><\/p>\n","protected":false},"excerpt":{"rendered":"<p>Noviny jsou denn\u011b narvan\u00e9 ob\u0159\u00edmi titulky. \u201eAf\u00e9ra kolem financov\u00e1n\u00ed N\u00e1rodn\u00ed galerie dolehla a\u017e na vl\u00e1du.\u201c \u201e\u0158editel Fajt si nech\u00e1v\u00e1 hradit sv\u016fj plat od Komer\u010dn\u00ed banky.\u201c \u201eKauza Fajtova honor\u00e1\u0159e zp\u016fsobila konflikt ve vl\u00e1dn\u00ed koalici.\u201c \u201eKauza Fajt: vy\u0161et\u0159ov\u00e1n\u00ed pokra\u010duje.\u201c&nbsp; \u201eFajt platil s\u00e1m sob\u011b: skand\u00e1l \u0161t\u011bp\u00ed soci\u00e1ln\u00ed demokracii.\u201c \u201eP\u0159\u00edpad \u0159editele Fajta: dal\u0161\u00ed jedn\u00e1n\u00ed v&nbsp;L\u00e1nech.\u201c V\u00fdvoj kauzy Fajt: premi\u00e9r [&hellip;]<\/p>\n","protected":false},"author":1,"featured_media":0,"comment_status":"open","ping_status":"open","sticky":false,"template":"","format":"standard","meta":{"ngg_post_thumbnail":0,"footnotes":""},"categories":[1,10],"tags":[],"class_list":["post-10421","post","type-post","status-publish","format-standard","hentry","category-publikovane-clanky","category-zlehka"],"_links":{"self":[{"href":"https:\/\/www.ladislavjakl.cz\/index.php?rest_route=\/wp\/v2\/posts\/10421","targetHints":{"allow":["GET"]}}],"collection":[{"href":"https:\/\/www.ladislavjakl.cz\/index.php?rest_route=\/wp\/v2\/posts"}],"about":[{"href":"https:\/\/www.ladislavjakl.cz\/index.php?rest_route=\/wp\/v2\/types\/post"}],"author":[{"embeddable":true,"href":"https:\/\/www.ladislavjakl.cz\/index.php?rest_route=\/wp\/v2\/users\/1"}],"replies":[{"embeddable":true,"href":"https:\/\/www.ladislavjakl.cz\/index.php?rest_route=%2Fwp%2Fv2%2Fcomments&post=10421"}],"version-history":[{"count":1,"href":"https:\/\/www.ladislavjakl.cz\/index.php?rest_route=\/wp\/v2\/posts\/10421\/revisions"}],"predecessor-version":[{"id":10422,"href":"https:\/\/www.ladislavjakl.cz\/index.php?rest_route=\/wp\/v2\/posts\/10421\/revisions\/10422"}],"wp:attachment":[{"href":"https:\/\/www.ladislavjakl.cz\/index.php?rest_route=%2Fwp%2Fv2%2Fmedia&parent=10421"}],"wp:term":[{"taxonomy":"category","embeddable":true,"href":"https:\/\/www.ladislavjakl.cz\/index.php?rest_route=%2Fwp%2Fv2%2Fcategories&post=10421"},{"taxonomy":"post_tag","embeddable":true,"href":"https:\/\/www.ladislavjakl.cz\/index.php?rest_route=%2Fwp%2Fv2%2Ftags&post=10421"}],"curies":[{"name":"wp","href":"https:\/\/api.w.org\/{rel}","templated":true}]}}