{"id":10436,"date":"2019-08-01T10:08:14","date_gmt":"2019-08-01T08:08:14","guid":{"rendered":"http:\/\/www.ladislavjakl.cz\/?p=10436"},"modified":"2019-08-01T10:08:14","modified_gmt":"2019-08-01T08:08:14","slug":"z-hanspaulky-o-svobode","status":"publish","type":"post","link":"https:\/\/www.ladislavjakl.cz\/?p=10436","title":{"rendered":"Z Hanspaulky o svobod\u011b"},"content":{"rendered":"<p>Kniha p\u0159\u00edzna\u010dn\u011b nazvan\u00e1 Z Hanspaulky o svobod\u011b je jakousi zpr\u00e1vou o na\u0161\u00ed politice a spole\u010dnosti posledn\u00edch let. V\u00fdb\u011br z autorov\u00fdch blog\u016f, koment\u00e1\u0159\u016f, anal\u00fdz a esej\u016f, kter\u00e9 za posledn\u00ed l\u00e9ta sv\u00e9ho p\u016fsoben\u00ed publikoval v r\u016fzn\u00fdch m\u00e9di\u00edch, m\u00e1 jeden spole\u010dn\u00fd jmenovatel, a t\u00edm je obhajoba svobody.<\/p>\n<p><!--more--><\/p>\n<p>Texty Ladislava Jakla sebran\u00e9 pro tuto knihu ohrani\u010duje \u010dasov\u00e9 obdob\u00ed konce prezidentstv\u00ed V\u00e1clava Klause a po\u010d\u00e1tku fungov\u00e1n\u00ed Institutu V\u00e1clava Klause na jedn\u00e9 stran\u011b a po\u010d\u00e1tek \u010dervna 2019 na stran\u011b druh\u00e9. Nejde zdaleka o kompletn\u00ed autorovu publicistickou tvorbu za dan\u00e9 obdob\u00ed. Texty publikovan\u00e9 ve sborn\u00edku v\u0161ak spojuje to, \u017ee byly bu\u010f ps\u00e1ny origin\u00e1ln\u011b pro IVK \u010di byly jakkoli jinak Institutem p\u0159evzaty z p\u016fvodn\u00edch zdroj\u016f a publikov\u00e1ny pod jeho hlavi\u010dkou.<\/p>\n<p><a href=\"https:\/\/www.kosmas.cz\/knihy\/263547\/z-hanspaulky-o-svobode\/\">KOSMAS<\/a><\/p>\n","protected":false},"excerpt":{"rendered":"<p>Kniha p\u0159\u00edzna\u010dn\u011b nazvan\u00e1 Z Hanspaulky o svobod\u011b je jakousi zpr\u00e1vou o na\u0161\u00ed politice a spole\u010dnosti posledn\u00edch let. V\u00fdb\u011br z autorov\u00fdch blog\u016f, koment\u00e1\u0159\u016f, anal\u00fdz a esej\u016f, kter\u00e9 za posledn\u00ed l\u00e9ta sv\u00e9ho p\u016fsoben\u00ed publikoval v r\u016fzn\u00fdch m\u00e9di\u00edch, m\u00e1 jeden spole\u010dn\u00fd jmenovatel, a t\u00edm je obhajoba svobody.<\/p>\n","protected":false},"author":1,"featured_media":0,"comment_status":"open","ping_status":"open","sticky":false,"template":"","format":"standard","meta":{"ngg_post_thumbnail":0,"footnotes":""},"categories":[1],"tags":[],"class_list":["post-10436","post","type-post","status-publish","format-standard","hentry","category-publikovane-clanky"],"_links":{"self":[{"href":"https:\/\/www.ladislavjakl.cz\/index.php?rest_route=\/wp\/v2\/posts\/10436","targetHints":{"allow":["GET"]}}],"collection":[{"href":"https:\/\/www.ladislavjakl.cz\/index.php?rest_route=\/wp\/v2\/posts"}],"about":[{"href":"https:\/\/www.ladislavjakl.cz\/index.php?rest_route=\/wp\/v2\/types\/post"}],"author":[{"embeddable":true,"href":"https:\/\/www.ladislavjakl.cz\/index.php?rest_route=\/wp\/v2\/users\/1"}],"replies":[{"embeddable":true,"href":"https:\/\/www.ladislavjakl.cz\/index.php?rest_route=%2Fwp%2Fv2%2Fcomments&post=10436"}],"version-history":[{"count":1,"href":"https:\/\/www.ladislavjakl.cz\/index.php?rest_route=\/wp\/v2\/posts\/10436\/revisions"}],"predecessor-version":[{"id":10437,"href":"https:\/\/www.ladislavjakl.cz\/index.php?rest_route=\/wp\/v2\/posts\/10436\/revisions\/10437"}],"wp:attachment":[{"href":"https:\/\/www.ladislavjakl.cz\/index.php?rest_route=%2Fwp%2Fv2%2Fmedia&parent=10436"}],"wp:term":[{"taxonomy":"category","embeddable":true,"href":"https:\/\/www.ladislavjakl.cz\/index.php?rest_route=%2Fwp%2Fv2%2Fcategories&post=10436"},{"taxonomy":"post_tag","embeddable":true,"href":"https:\/\/www.ladislavjakl.cz\/index.php?rest_route=%2Fwp%2Fv2%2Ftags&post=10436"}],"curies":[{"name":"wp","href":"https:\/\/api.w.org\/{rel}","templated":true}]}}