{"id":1044,"date":"2011-06-02T09:00:15","date_gmt":"2011-06-02T08:00:15","guid":{"rendered":"http:\/\/www.ladislavjakl.cz\/?p=1044"},"modified":"2011-06-02T09:00:38","modified_gmt":"2011-06-02T08:00:38","slug":"jakl-pred-kamerami-v-ct-vaclav-klaus-neni-pan-buh","status":"publish","type":"post","link":"https:\/\/www.ladislavjakl.cz\/?p=1044","title":{"rendered":"Jakl p\u0159ed kamerami v \u010cT: V\u00e1clav Klaus nen\u00ed P\u00e1n B\u016fh"},"content":{"rendered":"<p><strong>Tajemn\u00edk prezidenta  Ladislav Jakl tvrd\u00ed, \u017ee se V\u00e1clav Klaus rad\u00ed velmi detailn\u011b se sv\u00fdmi  spolupracovn\u00edky. Novin\u00e1\u0159 Jind\u0159ich \u0160\u00eddlo pak m\u00edn\u00ed, \u017ee by lid\u00e9 kolem  V\u00e1clava Klause m\u011bli n\u011bkdy rad\u0161i ml\u010det.<\/strong><\/p>\n<p><!--more-->Ladislav Jakl odpov\u011bd\u011bl v \u010cesk\u00e9 televizi, kdy uv\u011b\u0159il  v prezidenta V\u00e1clava Klause. &#8222;Kde jde o hodnoty, mus\u00ed doj\u00edt k\u00a0souzn\u011bn\u00ed.  Ale nemus\u00ed souhlasit se v\u0161\u00edm. Kdy\u017e m\u00e1m na n\u011bco objektivn\u011b jin\u00fd n\u00e1zor,  tak to \u0159eknu. Uv\u011b\u0159il? Pro mne V\u00e1clav Klaus ani V\u00e1clav Mal\u00fd nen\u00ed P\u00e1nem  Bohem. Jde o to si rozum\u011bt v z\u00e1kladn\u00edch v\u011bcech,&#8220; vysv\u011btlil tajemn\u00edk  prezidenta Jakl.<\/p>\n<p>Koment\u00e1tor HN Jind\u0159ich \u0160\u00eddlo s Klausem mnohdy nesouhlas\u00ed. &#8222;Nev\u00edm, zda si nech\u00e1 pan V\u00e1clav Klaus radit,&#8220; \u0159ekl jen \u0160\u00eddlo.<\/p>\n<p>&#8222;Toto fakt pravda nen\u00ed. V\u00e1clav Klaus se rad\u00ed o v\u0161em. Rad\u00ed se n\u011bkdy i o  \u00fapln\u00fdch detailech. To j\u00e1 bych si fakt radit takto nenechal,&#8220; vysv\u011btlil  Jakl. V\u00e1clav Klaus nech\u00e1 \u010dasto lidi kolem sebe vycucat, dodal.<\/p>\n<p><strong>H\u00e1jkovi bych n\u011bkter\u00e9 v\u00fdroky zatrhl<\/strong><\/p>\n<p>\u0160\u00eddlo pak \u0159ekl, \u017ee by n\u011bkter\u00e9 rady spolupracovn\u00edk\u016f Klause zatrhl. T\u0159eba  n\u011bkter\u00e1 slova jeho vicekancl\u00e9\u0159e Petra H\u00e1jka. Ten naposledy rozv\u00ed\u0159il  medi\u00e1ln\u00ed sv\u011bt v\u00fdrokem vynesen\u00fdm pro Parlamentn\u00edListy.cz.<\/p>\n<p>&#8222;Ale te\u010f v\u00e1\u017en\u011b, Bin L\u00e1din je medi\u00e1ln\u00ed fikce. Tak jak se zrodil, tak tak\u00e9  zem\u0159el, za podivn\u00fdch, t\u00e9m\u011b\u0159 mystick\u00fdch okolnost\u00ed. Je to modern\u00ed poh\u00e1dka  pro dosp\u011bl\u00e9 &#8211; dobro a zlo. Chceme-li, v\u011b\u0159me. Jak se prav\u00ed ve filmu  Vrt\u011bti psem: Je to pravda, bylo to v televizi,&#8220; \u0159ekl H\u00e1jek  Parlamentn\u00edmList\u016fm.cz.<\/p>\n<p>Jakl tvrd\u00ed, \u017ee H\u00e1jek m\u011bl na mysli p\u0159edev\u0161\u00edm medi\u00e1ln\u00ed ma\u0161inerii kolem  osoby Us\u00e1my bin L\u00e1dina. H\u00e1jkova slova vyvolala pozornost i v USA.<\/p>\n<p>Biskup V\u00e1clav Mal\u00fd uvedl k heslu V\u00e1clava Havla \u017ee l\u00e1ska a pravda zv\u00edt\u011bz\u00ed  na l\u017e\u00ed a nen\u00e1vist\u00ed, \u017ee jde o to, \u017ee pravda vyjde nakonec v\u017edy najevo.<\/p>\n<p><a href=\"http:\/\/www.parlamentnilisty.cz\/zpravy\/198248.aspx\" target=\"_blank\">Zdroj<\/a><\/p>\n","protected":false},"excerpt":{"rendered":"<p>Tajemn\u00edk prezidenta Ladislav Jakl tvrd\u00ed, \u017ee se V\u00e1clav Klaus rad\u00ed velmi detailn\u011b se sv\u00fdmi spolupracovn\u00edky. Novin\u00e1\u0159 Jind\u0159ich \u0160\u00eddlo pak m\u00edn\u00ed, \u017ee by lid\u00e9 kolem V\u00e1clava Klause m\u011bli n\u011bkdy rad\u0161i ml\u010det.<\/p>\n","protected":false},"author":1,"featured_media":0,"comment_status":"open","ping_status":"open","sticky":false,"template":"","format":"standard","meta":{"ngg_post_thumbnail":0,"footnotes":""},"categories":[11],"tags":[],"class_list":["post-1044","post","type-post","status-publish","format-standard","hentry","category-ozvena"],"_links":{"self":[{"href":"https:\/\/www.ladislavjakl.cz\/index.php?rest_route=\/wp\/v2\/posts\/1044","targetHints":{"allow":["GET"]}}],"collection":[{"href":"https:\/\/www.ladislavjakl.cz\/index.php?rest_route=\/wp\/v2\/posts"}],"about":[{"href":"https:\/\/www.ladislavjakl.cz\/index.php?rest_route=\/wp\/v2\/types\/post"}],"author":[{"embeddable":true,"href":"https:\/\/www.ladislavjakl.cz\/index.php?rest_route=\/wp\/v2\/users\/1"}],"replies":[{"embeddable":true,"href":"https:\/\/www.ladislavjakl.cz\/index.php?rest_route=%2Fwp%2Fv2%2Fcomments&post=1044"}],"version-history":[{"count":2,"href":"https:\/\/www.ladislavjakl.cz\/index.php?rest_route=\/wp\/v2\/posts\/1044\/revisions"}],"predecessor-version":[{"id":1046,"href":"https:\/\/www.ladislavjakl.cz\/index.php?rest_route=\/wp\/v2\/posts\/1044\/revisions\/1046"}],"wp:attachment":[{"href":"https:\/\/www.ladislavjakl.cz\/index.php?rest_route=%2Fwp%2Fv2%2Fmedia&parent=1044"}],"wp:term":[{"taxonomy":"category","embeddable":true,"href":"https:\/\/www.ladislavjakl.cz\/index.php?rest_route=%2Fwp%2Fv2%2Fcategories&post=1044"},{"taxonomy":"post_tag","embeddable":true,"href":"https:\/\/www.ladislavjakl.cz\/index.php?rest_route=%2Fwp%2Fv2%2Ftags&post=1044"}],"curies":[{"name":"wp","href":"https:\/\/api.w.org\/{rel}","templated":true}]}}