{"id":1047,"date":"2011-06-02T09:02:12","date_gmt":"2011-06-02T08:02:12","guid":{"rendered":"http:\/\/www.ladislavjakl.cz\/?p=1047"},"modified":"2011-06-02T09:02:12","modified_gmt":"2011-06-02T08:02:12","slug":"smutny-jakl-jak-snadne-je-u-nas-vyvolani-medialni-kampane","status":"publish","type":"post","link":"https:\/\/www.ladislavjakl.cz\/?p=1047","title":{"rendered":"Smutn\u00fd Jakl: Jak snadn\u00e9 je u n\u00e1s vyvol\u00e1n\u00ed medi\u00e1ln\u00ed kampan\u011b"},"content":{"rendered":"<p>Tajemn\u00edk prezidenta Ladislav Jakl v rozhovoru pro Parlamentn\u00ed  listy k\u00e1r\u00e1 m\u00e9dia za ochotu &#8222;naskakovat na podstr\u010den\u00e9 \u0161peky&#8220;. I to podle  n\u011bho p\u0159iost\u0159ilo a p\u0159iost\u0159uje vl\u00e1dn\u00ed krizi.<\/p>\n<p><!--more--><\/p>\n<p><strong>Jak\u00fd je v\u00e1\u0161 n\u00e1zor na vl\u00e1dn\u00ed krizi. Souhlas\u00edte s n\u00e1zory, \u017ee za  jej\u00edm rozpout\u00e1n\u00edm byli n\u011bkte\u0159\u00ed lid\u00e9 v ODS jako nap\u0159\u00edklad Petr Tlucho\u0159,  \u010di Krist\u00fdna Ko\u010d\u00ed?<\/p>\n<p><\/strong>Spekulace sp\u00ed\u0161e nech\u00e1m na v\u00e1s novin\u00e1\u0159\u00edch. Ale jako n\u00e1m\u011bt k  p\u0159em\u00fd\u0161len\u00ed d\u00e1v\u00e1m tuto \u00favahu. Je\u0161t\u011b p\u0159ed vypuknut\u00edm t\u00e9to krize za\u010daly  kolovat v m\u00e9di\u00edch spekulace o mo\u017en\u00fdch odpadl\u00edc\u00edch ze strany V\u011bci ve\u0159ejn\u00e9  a o tom, zda jich bude dost, aby spolu s ODS a TOP 09 dali dohromady  101 hlas\u016f pro udr\u017een\u00ed vl\u00e1dy. V\u0161ichni tuto spekulaci dokola opakovali,  ani\u017e by se n\u011bkdo nahlas velmi logicky zeptal: p\u0159ece kdy\u017e n\u011bkdo odpad\u00e1 od  vl\u00e1dn\u00ed strany, tak snad odpad\u00e1v\u00e1 od vl\u00e1dy a ne k vl\u00e1d\u011b, ne? Z toho, \u017ee  se tak nikdo neptal a \u017ee v\u0161ichni opakovali my\u0161lenkov\u00e9 sch\u00e9ma o  dostate\u010dnosti \u010di nedostate\u010dnosti po\u010dtu potenci\u00e1ln\u00edch odpadl\u00edk\u016f pro  udr\u017een\u00ed vl\u00e1dy, lze odvodit, \u017ee na za\u010d\u00e1tku byl pl\u00e1n na vyhozen\u00ed kmenov\u00e9  \u010d\u00e1sti VV z vl\u00e1dy a pak teprve p\u0159i\u0161la s\u00e9rie medi\u00e1ln\u00edch skand\u00e1l\u016f, kter\u00e1 k  tomu m\u011bla napomoci. Ostatn\u011b kdy\u017e pak do\u0161lo k hlasov\u00e1n\u00ed o d\u016fv\u011b\u0159e, pak  tito odpadl\u00edci hlasovali proti vl\u00e1d\u011b, j\u00ed\u017e m\u011bli podle p\u016fvodn\u00edho pl\u00e1nu b\u00fdt  oporou. Mrz\u00ed m\u011b, \u017ee se mocensk\u00fd boj vede pr\u00e1v\u011b prost\u0159ednictv\u00edm  medi\u00e1ln\u00edho o\u010der\u0148ov\u00e1n\u00ed soupe\u0159\u016f a nikoli prost\u0159ednictv\u00edm v\u011bcn\u00fdch spor\u016f.  Ale sm\u00ed\u0159il jsem se s t\u00edm, \u017ee politika holt nen\u00ed ned\u011bln\u00ed \u0161kola. Hor\u0161\u00ed je,  \u017ee se v onom projektu pokra\u010dovalo i tehdy, kdy\u017e bylo jasn\u00e9, \u017ee se  nepoda\u0159il. Z vl\u00e1dy byly vyhozeny \u0161pi\u010dky VV, jako kdyby hlasy jejich  strany na udr\u017een\u00ed vl\u00e1dy nikdo nepot\u0159eboval. Jen\u017ee on je pot\u0159eboval,  proto\u017ee odpadl\u00edk\u016f se nepoda\u0159ilo sehnat dost. Za t\u00e9to situace bylo  nesmysln\u00e9 konflikt v koalici d\u00e1l vyost\u0159ovat, akce se m\u011bla odp\u00edskat v  moment\u011b, kdy bylo jasn\u00e9, \u017ee ztroskotala. Hloup\u00fdm setrva\u010dn\u00fdm pokra\u010dov\u00e1n\u00edm  v pl\u00e1nu A situace dosp\u011bla a\u017e k vl\u00e1dn\u00ed krizi, kter\u00e1 v\u016fbec nemusela b\u00fdt.<\/p>\n<ul>\n<li><strong>T\u00c9MA: <a href=\"http:\/\/www.parlamentnilisty.cz\/tags\/315573.aspx\"><span style=\"color: #993300;\">Vl\u00e1dn\u00ed krize<\/span><\/a><\/strong><\/li>\n<\/ul>\n<p><strong><br \/>\n<\/strong><strong>V souvislosti se seri\u00e1lem &#8222;kauz&#8220; MF Dnes o VV a  nahr\u00e1vkou Krist\u00fdnou Ko\u010d\u00ed je podle v\u00e1s mo\u017en\u00e9 \u010di pravd\u011bpodobn\u00e9, \u017ee n\u011bkter\u00e1  m\u00e9dia se sna\u017e\u00ed ned\u016fv\u011bru mezi koali\u010dn\u00edmi partnery z\u00e1m\u011brn\u011b prohlubovat?<br \/>\n<\/strong><br \/>\nJ\u00e1 bych z toho nevinil m\u00e9dia. Sp\u00ed\u0161 ty, co prost\u0159ednictv\u00edm m\u00e9di\u00ed tahaj\u00ed  za nitky. M\u00e9di\u00edm bych vy\u010detl jen p\u0159\u00edli\u0161nou ochotu naskakovat na  podstr\u010den\u00e9 \u0161peky.<\/p>\n<p><strong>O \u010dem podle v\u00e1s cel\u00e1 tato krize vypov\u011bd\u011bla nebo st\u00e1le vypov\u00edd\u00e1?<br \/>\n<\/strong><br \/>\nO tom, jak snadn\u00e9 a lacin\u00e9 je u n\u00e1s vyvol\u00e1n\u00ed medi\u00e1ln\u00ed kampan\u011b.<\/p>\n<p><strong>Mysl\u00edte si, \u017ee lze sou\u010dasnou koalici je\u0161t\u011b udr\u017eet i p\u0159es  naru\u0161en\u00e9 vztahy a st\u00e1le vypou\u0161t\u011bn\u00e9 dal\u0161\u00ed kauzy VV v m\u00e9di\u00edch, nebo by  byla lep\u0161\u00ed n\u011bjak\u00e1 verze &#8222;konstruktivn\u00ed&#8220; opozice VV za jasn\u00fdch pravidel?<br \/>\n<\/strong><br \/>\nDo toho se vl\u00e1d\u011b v\u016fbec neodva\u017euji mluvit, nejsem n\u011bjak\u00fd nez\u00e1visl\u00fd  politologick\u00fd mudrlant. V\u0161ichni partne\u0159i si sami mus\u00ed zv\u00e1\u017eil plusy a  minusy ka\u017ed\u00e9 varianty. Jen douf\u00e1m, \u017ee se p\u0159i tom zva\u017eov\u00e1n\u00ed dostanou ke  slovu i programov\u00e1 t\u00e9mata.<\/p>\n<p><em> <\/em><\/p>\n<p><em>Kompletn\u00ed rozhovor s Ladislavem Jaklem\u00a0najdete\u00a0v chystan\u00e9m dvoj\u010d\u00edsle ti\u0161t\u011bn\u00e9ho <\/em><a href=\"http:\/\/casopis.parlamentnilisty.cz\/\" target=\"_blank\"><em><strong><span style=\"color: #008080;\">m\u011bs\u00ed\u010dn\u00edku Parlamentn\u00ed listy<\/span><\/strong><\/em><\/a><em>, kter\u00fd vyjde ji\u017e 3. \u010dervna. <\/em><\/p>\n<p><em><a href=\"http:\/\/www.parlamentnilisty.cz\/parlament\/198450.aspx\" target=\"_blank\">Zdroj<\/a><br \/>\n<\/em><\/p>\n","protected":false},"excerpt":{"rendered":"<p>Tajemn\u00edk prezidenta Ladislav Jakl v rozhovoru pro Parlamentn\u00ed listy k\u00e1r\u00e1 m\u00e9dia za ochotu &#8222;naskakovat na podstr\u010den\u00e9 \u0161peky&#8220;. I to podle n\u011bho p\u0159iost\u0159ilo a p\u0159iost\u0159uje vl\u00e1dn\u00ed krizi.<\/p>\n","protected":false},"author":1,"featured_media":0,"comment_status":"open","ping_status":"open","sticky":false,"template":"","format":"standard","meta":{"ngg_post_thumbnail":0,"footnotes":""},"categories":[13],"tags":[],"class_list":["post-1047","post","type-post","status-publish","format-standard","hentry","category-rozhovory"],"_links":{"self":[{"href":"https:\/\/www.ladislavjakl.cz\/index.php?rest_route=\/wp\/v2\/posts\/1047","targetHints":{"allow":["GET"]}}],"collection":[{"href":"https:\/\/www.ladislavjakl.cz\/index.php?rest_route=\/wp\/v2\/posts"}],"about":[{"href":"https:\/\/www.ladislavjakl.cz\/index.php?rest_route=\/wp\/v2\/types\/post"}],"author":[{"embeddable":true,"href":"https:\/\/www.ladislavjakl.cz\/index.php?rest_route=\/wp\/v2\/users\/1"}],"replies":[{"embeddable":true,"href":"https:\/\/www.ladislavjakl.cz\/index.php?rest_route=%2Fwp%2Fv2%2Fcomments&post=1047"}],"version-history":[{"count":1,"href":"https:\/\/www.ladislavjakl.cz\/index.php?rest_route=\/wp\/v2\/posts\/1047\/revisions"}],"predecessor-version":[{"id":1048,"href":"https:\/\/www.ladislavjakl.cz\/index.php?rest_route=\/wp\/v2\/posts\/1047\/revisions\/1048"}],"wp:attachment":[{"href":"https:\/\/www.ladislavjakl.cz\/index.php?rest_route=%2Fwp%2Fv2%2Fmedia&parent=1047"}],"wp:term":[{"taxonomy":"category","embeddable":true,"href":"https:\/\/www.ladislavjakl.cz\/index.php?rest_route=%2Fwp%2Fv2%2Fcategories&post=1047"},{"taxonomy":"post_tag","embeddable":true,"href":"https:\/\/www.ladislavjakl.cz\/index.php?rest_route=%2Fwp%2Fv2%2Ftags&post=1047"}],"curies":[{"name":"wp","href":"https:\/\/api.w.org\/{rel}","templated":true}]}}