{"id":10509,"date":"2019-08-02T13:50:13","date_gmt":"2019-08-02T11:50:13","guid":{"rendered":"http:\/\/www.ladislavjakl.cz\/?p=10509"},"modified":"2019-08-02T13:58:34","modified_gmt":"2019-08-02T11:58:34","slug":"jak-si-z-aktualne-prispechali-taky-prastit","status":"publish","type":"post","link":"https:\/\/www.ladislavjakl.cz\/?p=10509","title":{"rendered":"Jak si z Aktu\u00e1ln\u011b p\u0159isp\u011bchali taky pra\u0161tit"},"content":{"rendered":"<p>Dvakr\u00e1t mlad\u0161\u00ed mu\u017e m\u011b nejm\u00e9n\u011b desetkr\u00e1t, patn\u00e1ctk\u00e1t uhodil. Dev\u011bt dn\u016f jsem bolest\u00ed nespal. Mnoho t\u00fddn\u016f jsem se bez bolesti nemohl hnout. Ale na\u0161li se novin\u00e1\u0159i, kte\u0159\u00ed zatou\u017eili si taky bouchnout.<\/p>\n<p><!--more--><\/p>\n<p>Mysl\u00edm, \u017ee takov\u00e9 novin\u00e1\u0159e ani nenapadne, jak se \u017eije \u010dlov\u011bku, kter\u00fd je ter\u010dem fyzick\u00e9ho \u00fatoku pro sv\u00e9 postoje a je\u0161t\u011b o sob\u011b mus\u00ed \u010d\u00edst hnusy. Po pachatel\u00edch se nikdo nept\u00e1, to nikoho nezaj\u00edm\u00e1. Atrakc\u00ed je jen \u0161kodolib\u00e1 radost z \u00fajmy na tom, kdo si to p\u0159ece zaslou\u017e\u00ed.<\/p>\n<p>P\u0159ed t\u011bma dv\u011bma m\u011bs\u00edci jsem neb\u011bhal po redakc\u00edch ani policejn\u00edch slu\u017eebn\u00e1ch. Jen jsem se sv\u011b\u0159il sv\u00fdm bl\u00edzk\u00fdm a p\u0159\u00e1tel\u016fm. A n\u011bkdo z nich se sv\u011b\u0159il m\u00e9di\u00edm a policist\u016fm. Do t\u00e9to chv\u00edle jsem jen odpov\u00eddal na jejich dotazy. S\u00e1m od sebe jsem se dosud nevyj\u00e1d\u0159il. To \u010din\u00edm a\u017e te\u010f, i kdy\u017e vlastn\u011b tak\u00e9 v reakci na m\u00e9dia.<\/p>\n<p>M\u00e9dia zaj\u00edm\u00e1 jen to, \u017ee m\u011b m\u016f\u017eou d\u00e1t do souvislosti s n\u011bjak\u00fdm n\u00e1sil\u00edm. A nen\u00ed jim divn\u00e9 \u0161\u00ed\u0159it obhajobu jednoho z \u00fato\u010dn\u00edk\u016f, ani\u017e ho konfrontuj\u00ed jak\u00fdmkoli dotazem. O mn\u011b je mo\u017en\u00e9 si zjistit cokoli, co jsem kdy \u0159ekl, napsal. O \u00fato\u010dn\u00edc\u00edch \u017e\u00e1dnou \u017eivotn\u00ed historii nikdo nepot\u0159ebuje. Nikoho nezaj\u00edm\u00e1, co jsou za\u010d, jak\u00e9 jsou jejich motivy a n\u00e1zory. A tahle asymetrie m\u00e9di\u00edm nep\u0159ipad\u00e1 divn\u00e1.<\/p>\n<p>Policie v obou p\u0159\u00edpadech vedla n\u011bjak\u00e1 \u0161et\u0159en\u00ed. S n\u011bjak\u00fdm z\u00e1v\u011brem. Pr\u00fd. J\u00e1 toti\u017e o tom nic nev\u00edm, a\u017e dosud jsem nedostal \u017e\u00e1dn\u00e9 vyrozum\u011bn\u00ed. M\u00edsto toho ob\u011b policejn\u00ed pracovi\u0161t\u011b i doty\u010dn\u00fd komun\u00e1ln\u00ed \u00fa\u0159ad \u010dile komunikuj\u00ed s m\u00e9dii. Coby po\u0161kozen\u00fd m\u00e1m hledat v\u00fdsledky \u0161et\u0159en\u00ed v novin\u00e1ch, asi. U\u017e nev\u011b\u0159\u00edm v n\u011bjak\u00fd spravedliv\u00fd konec. I kdy\u017e: on \u017e\u00e1dn\u00fd konec nebude. Doba zost\u0159en\u00e9 pravdy a l\u00e1sky teprve nast\u00e1v\u00e1.<\/p>\n<p>Jak jej\u00ed odlesk reflektuj\u00ed m\u00e9dia, ukazuj\u00ed n\u00e1sleduj\u00edc\u00ed \u0159\u00e1dky. Jsou ilustrac\u00ed, jak vypad\u00e1 dne\u0161n\u00ed anga\u017eovan\u00e1 \u017eurnalistika.<\/p>\n<p>Nejd\u0159\u00edve esemeskov\u00e1 v\u00fdm\u011bna z minul\u00fdch dn\u016f:<\/p>\n<p><i>Vazeny pane Jakle, chtel bych Vas pozadat, az budete mit chvili, dejte mi, prosim, vedet. Zavolal bych Vam, bylo by to na minutku. S uctou Jan Horak, Aktualne.cz<\/i><\/p>\n<p>Dobr\u00fd den. Po\u0161lete mi, pros\u00edm, svou ot\u00e1zku touto cestou.<br \/>\nL. J.<\/p>\n<p><i>Vazeny pane Jakle, tento tyden obdrzel Urad mestske casti Praha 1 spis k prestupkovemu rizeni, ktere se tyka Vas a dalsi osoby. Dovolte mi, prosim, polozit Vam v teto souvislosti nekolik otazek. Chtel bych se Vas zeptat na nasledujici:<br \/>\n<\/i><i>1. Uz Vas urad vyzval, abyste se v ramci prestupkoveho rizeni dostavil a incident vysvetlil?<br \/>\n<\/i><i>2. Jake je Vase stanovisku k tomu, ze jste podezrely z prestupkoveho jednani?<br \/>\n<\/i><i>3. Trvate si na tom, ze jste se v konfliktu fyzicky neangazoval?<br \/>\n<\/i><i>Chtel bych Vas pozadat o co nejrychlejsi odpoved, kterou Vam cas dovoli. Dekuji za jakoukoliv reakci. S uctou Jan Horak, Aktualne.cz<\/i><\/p>\n<p>1. Ne.<br \/>\n2. Nev\u00edm nic o tom, \u017ee bych byl z n\u011b\u010deho n\u011bk\u00fdm podez\u0159\u00edv\u00e1n.<br \/>\n3. T\u00e9hle ot\u00e1zce moc nerozum\u00edm.<br \/>\nZdrav\u00ed<br \/>\nL. J.<\/p>\n<p><i>Vazeny pane Jakle, diky za odpoved. Zkusim otazku posledni otazku preformulovat: jste si jisty, ze jste druheho ucastnika konfliktu neuderil?<\/i><\/p>\n<p>Nev\u00edm, pro\u010d bych m\u011bl na sv\u00fdch dosavadn\u00edch v\u00fdpov\u011bd\u00edch cokoli m\u011bnit nebo k nim n\u011bco dod\u00e1vat (mo\u017en\u00e1 tak leda fotku \u2013 viz obr.). J\u00e1 \u00fatok popisuji od prvn\u00edch minut po\u0159\u00e1d stejn\u011b, nezkonstruoval jsem n\u011bjak\u00fd p\u0159\u00edb\u011bh po dvou t\u00fddnech porad s pr\u00e1vn\u00edky.<\/p>\n<p>++++++<\/p>\n<p>Zaj\u00edm\u00e1 v\u00e1s, co z t\u00e9to esemeskov\u00e9 v\u00fdm\u011bny uva\u0159ili v Aktu\u00e1ln\u011b? Tohle:<\/p>\n<p><a class=\"text-link\" href=\"https:\/\/zpravy.aktualne.cz\/domaci\/jakla-ceka-vyslech-kvuli-rvacce-v-metru\/r~ca563104aa1e11e9a305ac1f6b220ee8\/\" target=\"_blank\" rel=\"noopener\">Jakla \u010dek\u00e1 v\u00fdslech kv\u016fli rva\u010dce v metru. Nev\u00edm, \u017ee jsem podez\u0159el\u00fd z p\u0159estupku, \u0159\u00edk\u00e1<\/a><\/p>\n<p>Tak jsem do\u0161el k z\u00e1v\u011bru, \u017ee u\u017e se kone\u010dn\u011b ozvu.<\/p>\n<p>1. Aktu\u00e1ln\u011b tvrd\u00ed, \u017ee \u0161lo o rva\u010dku. M\u00e1 to v titulku i v prvn\u00ed v\u011bt\u011b. Odkud to v\u00ed, to \u010dten\u00e1\u0159\u016fm nesd\u011bluje. \u017de by se takov\u00e9 slovo objevilo v n\u011bjak\u00e9 tajn\u00e9, pouze redakci Aktu\u00e1ln\u011b zn\u00e1m\u00e9 policejn\u00ed nebo \u00fa\u0159edn\u00ed zpr\u00e1v\u011b? Nic takov\u00e9ho. V Aktu\u00e1ln\u011b si to slovo vymysleli, proto\u017ee kdo se \u00fa\u010dastn\u00ed rva\u010dky, je p\u0159ece rv\u00e1\u010d a jako rv\u00e1\u010de m\u011b cht\u011bj\u00ed sv\u00fdm \u010dten\u00e1\u0159\u016fm prezentovat. A tak\u00e9 t\u00edm \u2013 bez ud\u00e1n\u00ed zdroje \u2013 automaticky p\u0159ej\u00edmaj\u00ed sebeobhajuj\u00edc\u00ed interpretaci onoho \u00fato\u010dn\u00edka. Tedy ne \u017ee se mi sna\u017eil d\u00e1t co nejv\u011bt\u0161\u00ed po\u010det ran s co nejv\u011bt\u0161\u00edmi zdravotn\u00edmi n\u00e1sledky, ale \u017ee jsme se tak n\u011bjak oba rvali. V titulku tak\u00e9 p\u00ed\u0161\u00ed jen o mn\u011b, proto\u017ee jen o m\u00e9 osob\u011b p\u0159ece cht\u011bj\u00ed ps\u00e1t v o\u0161kliv\u00fdch souvislostech. Kdyby byli korektn\u00ed, nap\u00ed\u0161\u00ed: \u201eJakl a nezn\u00e1m\u00fd mu\u017e\u201c, nebo \u201eMu\u017e, jeho\u017e toto\u017enost dob\u0159e zn\u00e1me, ale v\u00e1m \u010dten\u00e1\u0159\u016fm ji nesd\u011bl\u00edme, a Jakl\u2026\u201c Titulek tak\u00e9 klasicky p\u0159edv\u00e1d\u00ed, jak cokoli, co \u0159eknu j\u00e1, uvedou distan\u010dn\u00edmi slovy \u201e\u201c\u00fadajn\u011b\u201c\u2026\u201cpr\u00fd\u201c\u2026 \u201etvrd\u00ed, \u017ee\u201c\u2026\u201cJakl \u0159\u00edk\u00e1\u201c, zat\u00edmco tvrzen\u00ed sv\u00e9ho chr\u00e1n\u011bnce p\u0159ej\u00edmaj\u00ed za vlastn\u00ed a p\u0159edkl\u00e1daj\u00ed \u010dten\u00e1\u0159\u016fm jako fakt.<\/p>\n<p>2. V Aktu\u00e1ln\u011b si notuj\u00ed s mluv\u010d\u00edm \u00da\u0159adu M\u011bstsk\u00e9 \u010d\u00e1sti Praha 1, kter\u00fd redakci piln\u011b sd\u011bluje, \u017ee se doty\u010dn\u00fdm spisem zab\u00fdv\u00e1 p\u0159\u00edslu\u0161n\u00e9 pracovi\u0161t\u011b, \u017ee budou v\u00fdslechy, \u017ee mohou b\u00fdt rozd\u00e1ny pokuty. Je ohromn\u00e9, \u017ee vybran\u00e9 redakci \u00fa\u0159ad takov\u00e9 v\u011bci tak hezky vypov\u00ed, ale j\u00e1 jsem \u017e\u00e1dn\u00e9 takov\u00e9 vyrozum\u011bn\u00ed dosud nedostal. U\u017e m\u011bs\u00edc si \u010dtu v r\u016fzn\u00fdch m\u00e9di\u00edch, \u017ee policie ukon\u010dila \u0161et\u0159en\u00ed, \u017ee se j\u00ed nepoda\u0159ilo prok\u00e1zat sp\u00e1ch\u00e1n\u00ed trestn\u00e9ho \u010dinu v\u016f\u010di mn\u011b a \u017ee p\u0159ed\u00e1v\u00e1 k posouzen\u00ed m\u011bstsk\u00e9mu \u00fa\u0159adu, zda nedo\u0161lo alespo\u0148 ke sp\u00e1ch\u00e1n\u00ed p\u0159estupku. Mn\u011b ov\u0161em za cel\u00fd tento m\u011bs\u00edc policie nic takov\u00e9ho neozn\u00e1mila. To m\u00e1m listovat m\u00e9dii, abych se dov\u011bd\u011bl, jak pokro\u010dilo \u0161et\u0159en\u00ed, kter\u00e9 se m\u011b bolestn\u011b t\u00fdk\u00e1? M\u00e9dia ale u\u017e m\u011bs\u00edc maj\u00ed jasno, \u017ee pr\u00fd jsem z n\u011b\u010deho podez\u0159el\u00fd. O podez\u0159el\u00e9m \u010dlov\u011bku se mluv\u00ed v\u00fdhradn\u011b v souvislosti s vy\u0161et\u0159ov\u00e1n\u00edm trestn\u00e9ho \u010dinu, jde o mo\u017en\u00e9ho pachatele, kter\u00fd se takto ozna\u010duje a\u017e do chv\u00edle, ne\u017e je z okruhu vy\u0161et\u0159ovan\u00fdch vylou\u010den, pop\u0159\u00edpad\u011b obvin\u011bn. Ale to slovo zn\u00ed tak hezky krimin\u00e1ln\u011b, tak pro\u010d ho nepou\u017e\u00edt proti \u010dlov\u011bku, kter\u00e9ho redakce nesn\u00e1\u0161\u00ed a l\u00e9ta o n\u011bm l\u017ee.<\/p>\n<p>3. Fantastick\u00e9 je, \u017ee Aktu\u00e1ln\u011b p\u0159esn\u011b v\u00ed, jak se \u00fatok na mou osobu odehr\u00e1l. \u201eIncident se odehr\u00e1l 25. kv\u011btna po jeden\u00e1ct\u00e9 hodin\u011b ve\u010der mezi stanicemi metra Florenc a N\u00e1m\u011bst\u00ed Republiky. Daniel R. zahl\u00e9dl Jakla ve voze metra, o radn\u00edm velk\u00e9 vys\u00edlac\u00ed rady mluvil vulg\u00e1rn\u011b. N\u00e1sledoval fyzick\u00fd konflikt, p\u0159i n\u011bm\u017e si oba mu\u017ei vz\u00e1jemn\u011b vym\u011bnili n\u011bkolik \u00fader\u016f.\u201c A tohle v\u0161e v\u00ed Aktu\u00e1ln\u011b odkud? Byl jejich report\u00e9r u toho? Kdepak. Zcela nekriticky a se samoz\u0159ejmost\u00ed p\u0159ej\u00edm\u00e1 dva t\u00fddny s pr\u00e1vn\u00edky konstruovanou obhajobu onoho \u00fato\u010dn\u00edka. Dokonce redakce ani nep\u00ed\u0161e \u201epodle druh\u00e9ho z \u00fa\u010dastn\u00edk\u016f konfliktu\u2026\u201c. Nap\u00ed\u0161e to jako sv\u00e9 vlastn\u00ed ov\u011b\u0159en\u00e9 tvrzen\u00ed.<\/p>\n<p>4. D\u00e1le Aktu\u00e1ln\u011b tvrd\u00ed, \u017ee je z\u00e1v\u011br kriminalist\u016f v ostr\u00e9m kontrastu s m\u00fdm sv\u011bdectv\u00edm. A to na z\u00e1klad\u011b jedin\u00e9ho cit\u00e1tu policejn\u00edho mluv\u010d\u00edho: \u201eOb\u011b osoby jsou podez\u0159el\u00e9 ze sp\u00e1ch\u00e1n\u00ed p\u0159estupku.\u201c A z t\u00e9to v\u011bty n\u011bjak plyne ostr\u00fd kontrast? Ne, jde jen o to, \u010demu maj\u00ed \u010dten\u00e1\u0159i Aktu\u00e1ln\u011b uv\u011b\u0159it. V\u00fdrok policejn\u00edho mluv\u010d\u00edho vypov\u00edd\u00e1 jen o tom, \u017ee se v\u011bc policii nepoda\u0159ilo objasnit jako trestn\u00fd \u010din a \u017ee nechce p\u0159edj\u00edmat \u0161et\u0159en\u00ed o p\u0159estupku. Nic v\u00edc.<\/p>\n<p>5. Mimo\u0159\u00e1dn\u011b odporn\u00fd je od Aktu\u00e1ln\u011b obrat, \u017ee jsem \u201e\u0161\u00ed\u0159il verzi\u201c. Aha. Tak m\u00e9 sv\u011bdectv\u00ed, podan\u00e9 m\u00fdm nejbli\u017e\u0161\u00edm u\u017e v prvn\u00edch minut\u00e1ch po napaden\u00ed, je podle Aktu\u00e1ln\u011b \u201e\u0161\u00ed\u0159en\u00edm verze\u201c, verze pilovan\u00e1 dva t\u00fddny s advok\u00e1ty na z\u00e1klad\u011b studia m\u00e9ho sv\u011bdectv\u00ed nen\u00ed uvedena ani jako v\u00fdpov\u011b\u010f druh\u00e9 strany, ale m\u00e1 podobu prost\u00e9ho neutr\u00e1ln\u00edho popisu. To je \u0161koln\u00ed p\u0159\u00edklad manipulace jak vy\u0161it\u00fd.<\/p>\n<p>6. Aktu\u00e1ln\u011b pot\u0159ebuje, aby se \u010dten\u00e1\u0159i nau\u010dili poh\u00e1dku o zl\u00e9m Jaklovi zpam\u011bti, tak je\u0161t\u011b jednou opakuje \u201cVzhledem k z\u00e1v\u011bru policie je z\u0159ejm\u00e9, \u017ee se incident odehr\u00e1l jinak a Jakl v n\u011bm sehr\u00e1l aktivn\u00ed roli.\u201c Vzhledem k jak\u00e9mu z\u00e1v\u011bru? Copak n\u011bkdo u\u010dinil n\u011bjak\u00fd z\u00e1v\u011br? Zn\u00e1 ho redakce? J\u00e1 ani ve\u0159ejnost ne. Ale nezn\u00e1 ho ani Aktu\u00e1ln\u011b. Nepot\u0159ebuje dokl\u00e1dat sv\u00e9 tvrzen\u00ed. Vede spravedliv\u00fd boj proti nep\u0159\u00edteli, v\u016f\u010di kter\u00e9mu je dovoleno v\u0161e.<\/p>\n<p>7. Barvitou uk\u00e1zkou, jak Aktu\u00e1ln\u011b zach\u00e1z\u00ed s m\u00fdmi v\u00fdroky, je n\u00e1sleduj\u00edc\u00ed pas\u00e1\u017e. \u201eNev\u00edm nic o tom, \u017ee bych byl z n\u011b\u010deho n\u011bk\u00fdm podez\u0159\u00edv\u00e1n, \u0159ekl Aktu\u00e1ln\u011b.cz Jakl. Jeho tvrzen\u00ed m\u016f\u017ee vych\u00e1zet z toho, \u017ee \u00fa\u0159ad je\u0161t\u011b \u0159\u00edzen\u00ed ofici\u00e1ln\u011b nezah\u00e1jil.\u201c Op\u011bt to slovo \u201etvrzen\u00ed\u201c, pou\u017e\u00edvan\u00e9 jen u m\u00fdch v\u011bt, nikdy ne u v\u011bt toho \u00fato\u010dn\u00edka. Plus kouzeln\u00e9 slovo \u201em\u016f\u017ee\u201c. To si mil\u00fd \u010dten\u00e1\u0159i p\u0159elo\u017e, jako \u017ee nemus\u00ed, \u017ee to klidn\u011b m\u016f\u017ee b\u00fdt i moje le\u017e. Nu\u017ee, j\u00e1 nic takov\u00e9ho opravdu nev\u00edm, opak by byl snadno prokazateln\u00fd dokladem o p\u0159evzet\u00ed n\u011bjak\u00e9 obs\u00edlky. \u017d\u00e1dnou takovou jsem ale neobdr\u017eel.<\/p>\n<p>8. \u201e\u00da\u010dast obou mu\u017e\u016f coby podez\u0159el\u00fdch z p\u0159estupku je p\u0159ekvapiv\u00e1 vzhledem k tomu, jak o incidentu p\u016fvodn\u011b informoval Jakl &#8211; Sed\u011bl jsem na sedadle a najednou kdosi nade mnou zvolal: \u201aTy se\u0161 Jakl, ten l\u00eddr SPD.\u2018 A za\u010dal m\u011b ml\u00e1tit do hlavy a ramene. Pak m\u011b strhl na zem a na zast\u00e1vce hned utekl, vypr\u00e1v\u011bl Jakl serveru Echo24,\u201c p\u00ed\u0161e Aktu\u00e1ln\u011b. Op\u011bt hezk\u00e9 slovo \u201evypr\u00e1v\u011bl\u201c. \u010cten\u00e1\u0159 m\u00e1 pochopit, \u017ee vypr\u00e1v\u011bj\u00ed se bajky. Najdeme takov\u00e1 distan\u010dn\u00ed slova u popisu obhajoby onoho nezn\u00e1m\u00e9ho? Ale kdepak. A co znamen\u00e1 slovo \u201ep\u016fvodn\u011b\u201c? To m\u00e1 \u010dten\u00e1\u0159\u016fm sugerovat, \u017ee jsem pozd\u011bji o sv\u00e9m napaden\u00ed informoval jinak.<\/p>\n<p>9. Zcela nepokryt\u00e9 stran\u011bn\u00ed nezn\u00e1m\u00e9mu \u00fato\u010dn\u00edkovi (nejsp\u00ed\u0161e ale Aktu\u00e1ln\u011b dob\u0159e zn\u00e1m\u00e9mu, kdy\u017e doty\u010dn\u00fd spolupracuje s bl\u00edzk\u00fdmi redakcemi Respektu a Den\u00edku N) p\u0159edv\u00e1d\u00ed Aktu\u00e1ln\u011b d\u00e1l: \u201eJen\u017ee n\u00e1sledn\u011b ve\u0159ejnosti p\u0159ibl\u00ed\u017eil svou verzi Daniel R., kter\u00fd konflikt postavil do nov\u00e9ho sv\u011btla.\u201c Pozor: on svou verzi ne\u0161\u00ed\u0159il, on ji \u201ep\u0159ibl\u00ed\u017eil ve\u0159ejnosti\u201c. A znovu pozor: opravdu ji \u201epostavil do nov\u00e9ho sv\u011btla\u201c? Pro toho, kdo je p\u0159ipraven okam\u017eit\u011b v\u011b\u0159it \u010demukoli, co bude zpochyb\u0148ovat m\u00e9 sv\u011bdectv\u00ed, mo\u017en\u00e1 ano. Pro ostatn\u00ed soudn\u00e9 lidi jde o tvrzen\u00ed h\u00e1j\u00edc\u00edho se \u010dlov\u011bka.<\/p>\n<p>10. Op\u011bt u doty\u010dn\u00e9ho Aktu\u00e1ln\u011b nem\u00e1 pot\u0159ebu odd\u011blit sv\u016fj pohled a pohled jedn\u00e9 ze stran sporu: \u201eP\u0159izn\u00e1v\u00e1, \u017ee prvn\u00ed impuls vze\u0161el od n\u011bj &#8211; Jakla vulg\u00e1rn\u011b oslovil.\u201c P\u0159izn\u00e1v\u00e1? Nikoli, tvrd\u00ed. P\u0159izn\u00e1v\u00e1 se realita. J\u00e1 jsem od n\u011bj ale \u017e\u00e1dn\u00e9 vulg\u00e1rn\u00ed osloven\u00ed nesly\u0161el. Sly\u0161el jsem jen pok\u0159ikovat sv\u00e9 jm\u00e9no a v\u011btu o tom, \u017ee jsem pr\u00fd ten l\u00eddr SPD. To v\u0161ak pro Aktu\u00e1ln\u011b nen\u00ed p\u0159izn\u00e1n\u00ed reality, ale m\u00e9 tvrzen\u00ed.<\/p>\n<div class=\"imagelist imagelist-pgal imagelist-fr not4bbtext\">\n<div class=\"cell cell-first\"><a href=\"http:\/\/neviditelnypes.lidovky.cz\/foto.aspx?r=p_spolecnost&amp;c=A190731_200526_p_spolecnost_wag&amp;foto=WAG7d0af2_rameno.jpeg\" target=\"ifotozoom\"><img loading=\"lazy\" decoding=\"async\" title=\"rameno\" src=\"http:\/\/1gr.cz\/fotky\/pes\/19\/074\/pgal\/WAG7d0af2_rameno.jpeg\" alt=\"rameno\" width=\"225\" height=\"400\"><\/a><\/div>\n<div class=\"fc0\">&nbsp;<\/div>\n<\/div>\n<p>11. \u201eDaniel R. sou\u010dasn\u011b uvedl, \u017ee b\u011bhem rva\u010dky dal Jaklovi dvakr\u00e1t p\u011bst\u00ed do obli\u010deje a jednou do ramene,\u201c p\u00ed\u0161e redakce Aktu\u00e1lkn\u011b, kter\u00e1 m\u00e1 k dispozici fotografii m\u00e9ho ramene nesouc\u00edho jasn\u00e9 stopy mnoha siln\u00fdch ran, ne jedn\u00e9. Fotografii ale \u010dten\u00e1\u0159\u016fm zataj\u00ed, jinak by musela bijcovo tvrzen\u00ed odm\u00edtnout.<\/p>\n<p>12. A znovu opakov\u00e1n\u00ed pro \u010dten\u00e1\u0159e, aby t\u0159eba nezapomn\u011bl, co si m\u00e1 myslet: \u201eZ\u00e1v\u011br policie ale sv\u011bd\u010d\u00ed o tom, \u017ee realit\u011b odpov\u00edd\u00e1 verze Daniela R.\u201c To je \u010d\u00ed tvrzen\u00ed? Redaktorovo? Tv\u00e1\u0159\u00ed se ale jako konstatov\u00e1n\u00ed zjeven\u00e9 pravdy. O ni\u010dem takov\u00e9m z\u00e1v\u011br policie, jak o n\u011bm sama informovala, nesv\u011bd\u010d\u00ed.<\/p>\n<p>13. A zde Aktu\u00e1ln\u011b rovnou l\u017ee.: \u201eNa p\u0159\u00edmou ot\u00e1zku den\u00edku Aktu\u00e1ln\u011b.cz, zda m\u016f\u017ee vylou\u010dit, \u017ee by sv\u00e9ho oponenta b\u011bhem konfrontace ude\u0159il, Jakl neodpov\u011bd\u011bl.\u201c Ale odpov\u011bd\u011bl, odpov\u011bd\u011bl, viz esemeskov\u00e1 v\u00fdm\u011bna. Jen\u017ee mou odpov\u011b\u010f redakce \u010dten\u00e1\u0159\u016fm zatajila, nehodila by se do kr\u00e1mu. Odpov\u011bd\u011bl jsem p\u0159ece t\u00edm, \u017ee jsem odk\u00e1zal na sv\u00e9 p\u0159edchoz\u00ed v\u00fdpov\u011bdi. Tenhle trik m\u00e9di\u00ed toti\u017e zn\u00e1m: pt\u00e1t se opakovan\u011b po\u0159\u00e1d na to sam\u00e9, a pokud t\u00e1zan\u00fd odpov\u00ed trochu jin\u00fdmi slovy, vyd\u00e1vat to za rozpor. No, a pokud na sv\u00fdch p\u0159edchoz\u00edch slovech nechce nic m\u011bnit, nap\u00ed\u0161e se, \u017ee pr\u00fd neodpov\u011bd\u011bl.<\/p>\n<p>14. Roztomil\u00e9 je, jak se redakce Aktu\u00e1ln\u011b vyrovn\u00e1v\u00e1 s t\u00edm, kdy\u017e ji v\u00fdvoj usv\u011bd\u010d\u00ed ze \u0161kodolib\u00e9 zaujatosti. Takto \u201ereferovala\u201c o m\u00e9m napaden\u00ed ve Zl\u00edn\u011b, sp\u00e1chan\u00e9m jen \u010dty\u0159i dny po \u00fatoku v metru: \u201cLadislav Jakl tvrd\u00ed, \u017ee byl znovu fyzicky napaden\u2026 Policie o incidentu, kter\u00fd se podle Parlamentn\u00edch list\u016f stal ve Zl\u00edn\u011b, nev\u00ed.\u201c \u010ct\u011bme dob\u0159e. Nejd\u0159\u00edv ono distan\u010dn\u00ed a zpochyb\u0148uj\u00edc\u00ed \u201etvrd\u00ed\u201c. \u010cten\u00e1\u0159 m\u00e1 usoudit, \u017ee jsem si to vymyslel. A pak le\u017e o tom, \u017ee zl\u00ednsk\u00e1 policie nic nev\u00ed. Nic nev\u011bd\u011bla tak leda v prvn\u00edch hodin\u00e1ch, ale v dob\u011b, kdy o tom psali v Aktu\u00e1ln\u011b, u\u017e se mnou byla zl\u00ednsk\u00e1 policie d\u00e1vno ve styku. N\u00e1sledn\u011b o vy\u0161et\u0159ov\u00e1n\u00ed ve\u0159ejn\u011b informovala, ale na Aktu\u00e1ln\u011b bylo je\u0161t\u011b \u0159adu t\u00fddn\u016f mo\u017en\u00e9 naj\u00edt jen ono tvrzen\u00ed, \u017ee policie po\u0159\u00e1d nic nev\u00ed. Redakce Aktu\u00e1ln\u011b svou desinformaci neopravila ani pot\u00e9, co n\u011bkdy p\u0159ed m\u011bs\u00edcem zl\u00ednsk\u00e1 policie ve\u0159ejn\u011b informovala o tom, \u017ee pachatele odhalila. (Podot\u00fdk\u00e1m, \u017ee mn\u011b coby po\u0161kozen\u00e9ho o tom neinformovala dodnes a \u017ee toto\u017enost \u00fato\u010dn\u00edka je st\u00e1le tajena a m\u00e9dia se po n\u00ed neptaj\u00ed. A pro zaj\u00edmavost dod\u00e1v\u00e1m, \u017ee tvrzen\u00ed o tom, \u017ee zl\u00ednsk\u00e1 policie pr\u00fd nic nev\u00ed, od Aktu\u00e1ln\u011b p\u0159evzal n\u011bjak\u00fd ochotn\u00fd wikipedista a to pak \u0159adu t\u00fddn\u016f figurovalo v m\u00e9m hesle, i kdy\u017e v\u011bc byla d\u00e1vno ve\u0159ejn\u011b zn\u00e1ma.) A\u017e po dal\u0161\u00edm m\u011bs\u00edci Aktu\u00e1ln\u011b p\u0159ilepilo informaci o Zl\u00edn\u011b k t\u00e9hle sv\u00e9 mas\u00e1\u017ei o kauze z metra: \u201eRadn\u00ed byl \u00fa\u010dastn\u00edkem dal\u0161\u00edho incidentu 29. kv\u011btna ve Zl\u00edn\u011b\u2026\u201c Tato formulace m\u011b ur\u00e1\u017e\u00ed. A\u017e budou v Aktu\u00e1ln\u011b ps\u00e1t, \u017ee v Karl\u00edn\u011b lupi\u010d post\u0159elil chodce, budou o tom chodci ps\u00e1t jako o \u201e\u00fa\u010dastn\u00edkovi incidentu\u201c? A redakce Aktu\u00e1ln\u011b dod\u00e1v\u00e1 \u201eV tomto p\u0159\u00edpad\u011b byl Jakl skute\u010dn\u011b ob\u011bt\u00ed \u00fatoku, jak plyne ze zji\u0161t\u011bn\u00ed policie.\u201c Zde je prost\u0159edkem manipulace slovo \u201eskute\u010dn\u011b\u201c. To jako, mil\u00fd \u010dten\u00e1\u0159i, abys v\u011bd\u011bl, \u017ee ostatn\u00ed v\u011bci, co \u0159\u00edk\u00e1 ten Jakl\u201c, skute\u010dn\u011b nebyly. Paradoxn\u00ed na v\u011bci je to, \u017ee v metru jsem dostal mnoho ran, kter\u00e9 mi zp\u016fsobily v\u00e1\u017en\u00e9 n\u00e1sledky na mnoho t\u00fddn\u016f, zat\u00edmco ve Zl\u00edn\u011b r\u00e1nu pouze jednu, kter\u00e1 bolela jen chv\u00edli.<\/p>\n<p>15. Pro Aktu\u00e1ln\u011b je zcela p\u0159irozen\u00e9, \u017ee m\u00fdm slov\u016fm se po\u0161klebuje, pop\u0159\u00edpad\u011b je zaml\u010duje, zat\u00edmco obhajobu druh\u00e9 strany p\u0159ej\u00edm\u00e1 se samoz\u0159ejmost\u00ed za svou. Ale pro v\u0161echna m\u00e9dia je v t\u00e9to v\u011bci spole\u010dn\u00e9 jedno: nikdo se nept\u00e1, kdo byli ti dva \u00fato\u010dn\u00edci. A to ani pot\u00e9, kdy jeden z nich nav\u0161t\u011bvuje redakce a vstupuje tak do ve\u0159ejn\u00e9ho d\u011bn\u00ed. Z \u00fakrytu anonymity, bez konfrontace s dotazy \u010di pochybnostmi se to na druh\u00e9ho \u00fato\u010d\u00ed snadno. A to se v Aktu\u00e1ln\u011b l\u00edb\u00ed.<\/p>\n<p><a href=\"http:\/\/neviditelnypes.lidovky.cz\/spolecnost\/media-jak-si-z-aktualne-prispechali-taky-prastit.A190731_200526_p_spolecnost_wag\">Zdroj<\/a><\/p>\n","protected":false},"excerpt":{"rendered":"<p>Dvakr\u00e1t mlad\u0161\u00ed mu\u017e m\u011b nejm\u00e9n\u011b desetkr\u00e1t, patn\u00e1ctk\u00e1t uhodil. Dev\u011bt dn\u016f jsem bolest\u00ed nespal. Mnoho t\u00fddn\u016f jsem se bez bolesti nemohl hnout. Ale na\u0161li se novin\u00e1\u0159i, kte\u0159\u00ed zatou\u017eili si taky bouchnout.<\/p>\n","protected":false},"author":1,"featured_media":0,"comment_status":"open","ping_status":"open","sticky":false,"template":"","format":"standard","meta":{"ngg_post_thumbnail":0,"footnotes":""},"categories":[6,1],"tags":[],"class_list":["post-10509","post","type-post","status-publish","format-standard","hentry","category-co-jsem-nerekl","category-publikovane-clanky"],"_links":{"self":[{"href":"https:\/\/www.ladislavjakl.cz\/index.php?rest_route=\/wp\/v2\/posts\/10509","targetHints":{"allow":["GET"]}}],"collection":[{"href":"https:\/\/www.ladislavjakl.cz\/index.php?rest_route=\/wp\/v2\/posts"}],"about":[{"href":"https:\/\/www.ladislavjakl.cz\/index.php?rest_route=\/wp\/v2\/types\/post"}],"author":[{"embeddable":true,"href":"https:\/\/www.ladislavjakl.cz\/index.php?rest_route=\/wp\/v2\/users\/1"}],"replies":[{"embeddable":true,"href":"https:\/\/www.ladislavjakl.cz\/index.php?rest_route=%2Fwp%2Fv2%2Fcomments&post=10509"}],"version-history":[{"count":4,"href":"https:\/\/www.ladislavjakl.cz\/index.php?rest_route=\/wp\/v2\/posts\/10509\/revisions"}],"predecessor-version":[{"id":10513,"href":"https:\/\/www.ladislavjakl.cz\/index.php?rest_route=\/wp\/v2\/posts\/10509\/revisions\/10513"}],"wp:attachment":[{"href":"https:\/\/www.ladislavjakl.cz\/index.php?rest_route=%2Fwp%2Fv2%2Fmedia&parent=10509"}],"wp:term":[{"taxonomy":"category","embeddable":true,"href":"https:\/\/www.ladislavjakl.cz\/index.php?rest_route=%2Fwp%2Fv2%2Fcategories&post=10509"},{"taxonomy":"post_tag","embeddable":true,"href":"https:\/\/www.ladislavjakl.cz\/index.php?rest_route=%2Fwp%2Fv2%2Ftags&post=10509"}],"curies":[{"name":"wp","href":"https:\/\/api.w.org\/{rel}","templated":true}]}}