{"id":10515,"date":"2019-08-07T12:46:45","date_gmt":"2019-08-07T10:46:45","guid":{"rendered":"http:\/\/www.ladislavjakl.cz\/?p=10515"},"modified":"2019-08-15T11:27:50","modified_gmt":"2019-08-15T09:27:50","slug":"stiznost-na-vrchni-statni-zastupitelstvi","status":"publish","type":"post","link":"https:\/\/www.ladislavjakl.cz\/?p=10515","title":{"rendered":"St\u00ed\u017enost na Vrchn\u00ed st\u00e1tn\u00ed zastupitelstv\u00ed"},"content":{"rendered":"<p>VSZ v&nbsp;Praze<\/p>\n<p>N\u00e1m. Hrdin\u016f 1300\/11<\/p>\n<p>K&nbsp;ruk\u00e1m JUDr. Brad\u00e1\u010dov\u00e9<\/p>\n<p>V\u00e1\u017een\u00e1 vrchn\u00ed st\u00e1tn\u00ed z\u00e1stupkyn\u011b,<\/p>\n<p><!--more--><\/p>\n<ol>\n<li>Dne 25. kv\u011btna jsem byl fyzicky napaden mn\u011b nezn\u00e1mou osobou, zran\u011bn\u00ed mi sice byla o\u0161et\u0159ena 26. 5. v&nbsp;nemocnici Na Franti\u0161ku na pohotovosti, 30. 5. u praktick\u00e9 l\u00e9ka\u0159ky na klinice Asklepion a 31. 5. na odd\u011blen\u00ed ortopedie Vojensk\u00e9 nemocnice ve St\u0159e\u0161ovic\u00edch, ale zp\u016fsobila mi zna\u010dn\u011b bolestiv\u00e9 i viditeln\u00e9 n\u00e1sledky, p\u0159etrv\u00e1vaj\u00edc\u00ed \u0159adu t\u00fddn\u016f. Vy\u0161et\u0159ov\u00e1n\u00ed se bez m\u00e9ho podn\u011btu ujalo Obvodn\u00ed \u0159editelstv\u00ed policie Praha 1, Slu\u017eba krimin\u00e1ln\u00ed policie a vy\u0161et\u0159ov\u00e1n\u00ed, odbor obecn\u00e9 kriminality, 9. odd\u011blen\u00ed obecn\u00e9 kriminality, deta\u0161ovan\u00e9 pracovi\u0161t\u011b Praha 7, Franti\u0161ek. Dne 30. 5. jsem podal vysv\u011btlen\u00ed a n\u00e1sledn\u011b jej je\u0161t\u011b doplnil o reakci na v\u00fdpov\u011b\u010f doty\u010dn\u00e9ho agresora, nejprve \u00fastn\u011b do protokolu, pozd\u011bji je\u0161t\u011b ob\u0161\u00edrn\u011bji p\u00edsemn\u011b.<\/li>\n<li>N\u011bkolik dn\u00ed po prvn\u00edm \u00fatoku jsem byl v&nbsp;jin\u00e9 lokalit\u011b op\u011bt fyzicky napaden. V&nbsp;obou p\u0159\u00edpadech dali \u00fato\u010dn\u00edci najevo, \u017ee m\u011b znaj\u00ed z&nbsp;ve\u0159ejn\u00e9ho p\u016fsoben\u00ed, v&nbsp;prvn\u00edm p\u0159\u00edpad\u011b \u00fatoku t\u011bsn\u011b p\u0159edch\u00e1zel v\u00fdrok, napadaj\u00edc\u00ed m\u011b v\u00fdslovn\u011b za politickou orientaci. I ve druh\u00e9m p\u0159\u00edpad\u011b se vy\u0161et\u0159ov\u00e1n\u00ed bez m\u00e9 iniciativy ujal policejn\u00ed org\u00e1n, v&nbsp;tomto p\u0159\u00edpad\u011b ve Zl\u00edn\u011b.<\/li>\n<li>Jak lze zjistit kontrolou spisu, dosud mi nebylo ani jedn\u00edm policejn\u00edm org\u00e1nem sd\u011bleno, \u017ee vy\u0161et\u0159ov\u00e1n\u00ed bylo ukon\u010deno, pop\u0159\u00edpad\u011b s&nbsp;jak\u00fdm v\u00fdsledkem. Proto nap\u0159\u00edklad ani nev\u00edm, jestli se m\u00e9 p\u00edsemn\u00e9 vyj\u00e1d\u0159en\u00ed v\u016fbec stalo sou\u010d\u00e1st\u00ed spisu, nebo jestli byl v&nbsp;dob\u011b p\u0159ed\u00e1n\u00ed vyj\u00e1d\u0159en\u00ed spis ji\u017e uzav\u0159en. Ofici\u00e1ln\u011b tedy nem\u00e1m o v\u00fdsledku vy\u0161et\u0159ov\u00e1n\u00ed a\u017e dosud \u017e\u00e1dnou informaci, p\u0159esto\u017ee jsem byl p\u0159edt\u00edm s&nbsp;ob\u011bma policejn\u00edmi org\u00e1ny opakovan\u011b i v&nbsp;telefonick\u00e9m styku. Nikdo mi nevolal, nikdo mi nepsal. Zato se v&nbsp;obou p\u0159\u00edpadech vy\u0161et\u0159ovatel\u00e9 obr\u00e1tili na m\u00e9dia a sd\u011blili jim, \u017ee vy\u0161et\u0159ov\u00e1n\u00ed bylo ukon\u010deno, a tak\u00e9 s&nbsp;jak\u00fdm v\u00fdsledkem. I po n\u011bkolika t\u00fddnech od zve\u0159ejn\u011bn\u00ed t\u011bchto informac\u00ed nem\u00e1m st\u00e1le \u017e\u00e1dnou ofici\u00e1ln\u00ed informaci, na kterou bych mohl n\u011bjak reagovat. V&nbsp;prvn\u00edm p\u0159\u00edpad\u011b policie novin\u00e1\u0159\u016fm (nikoli mn\u011b) podala informace, ze kter\u00fdch m\u00e1 ve\u0159ejnost usoudit, a) \u017ee policejn\u00ed org\u00e1n vy\u0161et\u0159ov\u00e1n\u00ed ukon\u010dil a v\u011bc b) postoupil p\u0159estupkov\u00e9mu org\u00e1nu s&nbsp;t\u00edm, \u017ee v&nbsp;rozporu se skute\u010dnost\u00ed c) vlastn\u011b ne\u0161lo o napaden\u00ed m\u00e9 osoby. A p\u0159esn\u011b v&nbsp;tomto duchu o v\u011bci m\u00e9dia referuj\u00ed, evidentn\u011b maj\u00edc\u00ed od policie v\u00edce sd\u011blen\u00ed ne\u017e j\u00e1, coby \u00fa\u010dastn\u00edk \u0159\u00edzen\u00ed a po\u0161kozen\u00fd. Policejn\u00ed mluv\u010d\u00ed dokonce v souvislosti s&nbsp;mou osobou pou\u017eil pro m\u00e9dia slovo \u201epodez\u0159el\u00fd\u201c, kter\u00e9 m\u00e1 pouze trestn\u011b pr\u00e1vn\u00ed konotaci a navozuje dojem, \u017ee jsem m\u011bl sp\u00e1chat n\u011bco protipr\u00e1vn\u00edho.<\/li>\n<li>Velmi podobn\u00e9 to bylo i v&nbsp;p\u0159\u00edpad\u011b zl\u00ednsk\u00e9ho \u00fatoku, o kter\u00e9m m\u00e9dia referovala relativizuj\u00edc\u00edm zp\u016fsobem, jako kdybych si v\u011bc vymyslel, a to i za p\u0159isp\u011bn\u00ed tamn\u00edho policejn\u00edho org\u00e1nu, kter\u00fd novin\u00e1\u0159\u016fm sd\u011bloval, \u017ee o v\u011bci nic nev\u00ed, p\u0159esto\u017ee tou dobou mi ji\u017e tamn\u00ed policist\u00e9 telefonovali. \u017d\u00e1dn\u00e1 dal\u0161\u00ed oprava, \u017ee v\u011bc se vy\u0161et\u0159uje, vyd\u00e1na nebyla. Ani zde jsem pot\u00e9 nedostal \u017e\u00e1dnou zpr\u00e1vu o ukon\u010den\u00ed vy\u0161et\u0159ov\u00e1n\u00ed. Pouze z&nbsp;m\u00e9di\u00ed se mi po n\u011bkolika t\u00fddnech doneslo, \u017ee doty\u010dn\u00fd \u00fato\u010dn\u00edk byl pr\u00fd odhalen a vede se v\u016f\u010di n\u011bmu p\u0159estupkov\u00e9 \u0159\u00edzen\u00ed. Tato informace byla polici\u00ed zcela marginalizov\u00e1na a v&nbsp;m\u00e9di\u00edch se t\u00e9m\u011b\u0159 neobjevila, z\u016fstala tam p\u016fvodn\u00ed verze, s\u00e1m \u00fatok zpochyb\u0148uj\u00edc\u00ed. Toto\u017enost \u00fato\u010dn\u00edka policie st\u00e1le chr\u00e1n\u00ed. Mou nikoli. Ani zde jsem \u017e\u00e1dnou informaci o ukon\u010den\u00ed vy\u0161et\u0159ov\u00e1n\u00ed dodnes neobdr\u017eel.<\/li>\n<li>Vzhledem k&nbsp;ve\u0159ejn\u00e9 funkci, do kter\u00e9 jsem byl zvolen Poslaneckou sn\u011bmovnou, pova\u017euji medializovan\u00e1 vyj\u00e1d\u0159en\u00ed policejn\u00edch org\u00e1n\u016f za a) n\u00e1pomoc p\u0159i znev\u00e1\u017een\u00ed moj\u00ed d\u016fv\u011bryhodnosti, pop\u0159. pomluv\u011b, b) poru\u0161en\u00ed z\u00e1konem stanoven\u00fdch procesn\u00edch pravidel. O poru\u0161en\u00ed pr\u00e1va na ochranu informac\u00ed osobn\u00edho charakteru ani nemluv\u011b.<\/li>\n<\/ol>\n<p>Vzhledem k&nbsp;uveden\u00e9mu V\u00e1s zdvo\u0159ile \u017e\u00e1d\u00e1m o prov\u011b\u0159en\u00ed z\u00e1konnosti a korektnosti dosavadn\u00edho procesn\u00edho postupu v\u00fd\u0161e ozna\u010den\u00fdch org\u00e1n\u016f Policie \u010cR. Z\u00e1rove\u0148 pros\u00edm o informaci o Va\u0161em postupu ve v\u011bci.<\/p>\n<p>D\u011bkuji.<\/p>\n<p>Praze, 25. 7. 2019<\/p>\n<p>Ladislav Jakl<\/p>\n","protected":false},"excerpt":{"rendered":"<p>VSZ v&nbsp;Praze N\u00e1m. Hrdin\u016f 1300\/11 K&nbsp;ruk\u00e1m JUDr. Brad\u00e1\u010dov\u00e9 V\u00e1\u017een\u00e1 vrchn\u00ed st\u00e1tn\u00ed z\u00e1stupkyn\u011b,<\/p>\n","protected":false},"author":1,"featured_media":0,"comment_status":"open","ping_status":"open","sticky":false,"template":"","format":"standard","meta":{"ngg_post_thumbnail":0,"footnotes":""},"categories":[1],"tags":[],"class_list":["post-10515","post","type-post","status-publish","format-standard","hentry","category-publikovane-clanky"],"_links":{"self":[{"href":"https:\/\/www.ladislavjakl.cz\/index.php?rest_route=\/wp\/v2\/posts\/10515","targetHints":{"allow":["GET"]}}],"collection":[{"href":"https:\/\/www.ladislavjakl.cz\/index.php?rest_route=\/wp\/v2\/posts"}],"about":[{"href":"https:\/\/www.ladislavjakl.cz\/index.php?rest_route=\/wp\/v2\/types\/post"}],"author":[{"embeddable":true,"href":"https:\/\/www.ladislavjakl.cz\/index.php?rest_route=\/wp\/v2\/users\/1"}],"replies":[{"embeddable":true,"href":"https:\/\/www.ladislavjakl.cz\/index.php?rest_route=%2Fwp%2Fv2%2Fcomments&post=10515"}],"version-history":[{"count":6,"href":"https:\/\/www.ladislavjakl.cz\/index.php?rest_route=\/wp\/v2\/posts\/10515\/revisions"}],"predecessor-version":[{"id":10539,"href":"https:\/\/www.ladislavjakl.cz\/index.php?rest_route=\/wp\/v2\/posts\/10515\/revisions\/10539"}],"wp:attachment":[{"href":"https:\/\/www.ladislavjakl.cz\/index.php?rest_route=%2Fwp%2Fv2%2Fmedia&parent=10515"}],"wp:term":[{"taxonomy":"category","embeddable":true,"href":"https:\/\/www.ladislavjakl.cz\/index.php?rest_route=%2Fwp%2Fv2%2Fcategories&post=10515"},{"taxonomy":"post_tag","embeddable":true,"href":"https:\/\/www.ladislavjakl.cz\/index.php?rest_route=%2Fwp%2Fv2%2Ftags&post=10515"}],"curies":[{"name":"wp","href":"https:\/\/api.w.org\/{rel}","templated":true}]}}