{"id":10527,"date":"2019-08-09T12:27:39","date_gmt":"2019-08-09T10:27:39","guid":{"rendered":"http:\/\/www.ladislavjakl.cz\/?p=10527"},"modified":"2019-08-09T12:27:39","modified_gmt":"2019-08-09T10:27:39","slug":"prulom-zmlaceny-jakl-podava-stiznost-na-chovani-policie-zname-identitu-utocnika","status":"publish","type":"post","link":"https:\/\/www.ladislavjakl.cz\/?p=10527","title":{"rendered":"Pr\u016flom! Zml\u00e1cen\u00fd Jakl pod\u00e1v\u00e1 st\u00ed\u017enost na chov\u00e1n\u00ed policie. Zn\u00e1me identitu \u00fato\u010dn\u00edka"},"content":{"rendered":"<p>B\u00fdval\u00fd tajemn\u00edk prezidenta Klause a nyn\u011bj\u0161\u00ed \u010dlen Rady pro rozhlasov\u00e9 a televizn\u00ed vys\u00edl\u00e1n\u00ed Ladislav Jakl, kter\u00fd byl koncem kv\u011btna v metru napaden, pod\u00e1v\u00e1 st\u00ed\u017enost pra\u017esk\u00e9 vrchn\u00ed st\u00e1tn\u00ed z\u00e1stupkyni. Policie podle n\u011bho poru\u0161ila pravidla a znev\u00e1\u017eila jeho d\u016fv\u011bryhodnost. Z\u00e1rove\u0148 Jakl zve\u0159ejnil jm\u00e9no \u00fato\u010dn\u00edka.<\/p>\n<p><!--more--><\/p>\n<p>P\u0159ed v\u00edce ne\u017e dv\u011bma m\u011bs\u00edci byl v pra\u017esk\u00e9m metru p\u0159\u00edmo ve vagonu napaden Ladislav Jakl. \u00dato\u010dn\u00edk na n\u011bj pok\u0159ikoval, \u017ee jde o \u201etoho l\u00eddra SPD\u201c a p\u0159itom ho ml\u00e1til. Jakl se musel podrobit \u0159ad\u011b l\u00e9ka\u0159sk\u00fdch vy\u0161et\u0159en\u00ed a v\u00edc ne\u017e t\u00fdden nemohl sp\u00e1t.<\/p>\n<p>Policie v\u011bc ukon\u010dila a p\u0159edala k vy\u0159e\u0161en\u00ed \u00da\u0159adu m\u011bstsk\u00e9 \u010d\u00e1sti Praha 1. To se Jaklovi hrub\u011b nel\u00edb\u00ed, proto\u017ee podle sv\u00fdch slov nebyl za celou dobu polici\u00ed informov\u00e1n o tom, jak \u0161et\u0159en\u00ed prob\u00edh\u00e1. Policist\u00e9 se pr\u00fd pouze vyjad\u0159ovali do m\u00e9di\u00ed a tot\u00e9\u017e te\u010f \u010din\u00ed \u00fa\u0159ad prvn\u00ed m\u011bstsk\u00e9 \u010d\u00e1sti hlavn\u00edho m\u011bsta.<\/p>\n<p>B\u00fdval\u00fd tajemn\u00edk prezidenta V\u00e1clava Klause to \u0159ekl novin\u00e1\u0159\u016fm na br\u00edfinku v p\u00e1tek odpoledne p\u0159\u00edmo ve stanici metra B Florenc. Krom\u011b toho v\u016fbec poprv\u00e9 zve\u0159ejnil jm\u00e9no \u00fato\u010dn\u00edka. Je j\u00edm Daniel Rub\u00edn, ro\u010dn\u00edk 1990.<\/p>\n<p>Jak policie, tak pozd\u011bji M\u010c Praha 1 a hlavn\u011b m\u00e9dia v souvislosti s \u00fatokem psala pouze o Jaklovi, ale jm\u00e9no \u00fato\u010dn\u00edka z\u016fst\u00e1valo celou dobu skryto. \u201eTa asymetrie se mi zd\u00e1 nespravedliv\u00e1. Chodil po sp\u0159\u00e1telen\u00fdch redakc\u00edch, ani\u017e by byl konfrontov\u00e1n s jakoukoli dopl\u0148uj\u00edc\u00ed ot\u00e1zkou \u010di s \u010d\u00edmkoli jin\u00fdm, a vypr\u00e1v\u00ed svou verzi p\u0159\u00edb\u011bhu. Usnesen\u00ed m\u011bstsk\u00e9 \u010d\u00e1sti nen\u00ed \u017e\u00e1dn\u00fd tajn\u00fd dokument, tak se o podstatnou informaci, kter\u00fdm je jm\u00e9no \u00fato\u010dn\u00edka, lze pod\u011blit,\u201c uvedl na br\u00edfinku Jakl.<\/p>\n<p><iframe loading=\"lazy\" src=\"https:\/\/www.parlamentnilisty.cz\/tv\/embed?id=591\" width=\"550\" height=\"330\" frameborder=\"0\" scrolling=\"no\" allowfullscreen=\"allowfullscreen\" data-mce-fragment=\"1\"><span data-mce-type=\"bookmark\" style=\"display: inline-block; width: 0px; overflow: hidden; line-height: 0;\" class=\"mce_SELRES_start\">\ufeff<\/span><span data-mce-type=\"bookmark\" style=\"display: inline-block; width: 0px; overflow: hidden; line-height: 0;\" class=\"mce_SELRES_start\">\ufeff<\/span><\/iframe><\/p>\n<p>\u201eStejn\u011b jako j\u00e1, co u\u017e pro\u017e\u00edv\u00e1m dva m\u011bs\u00edce, by i on m\u011bl b\u00fdt konfrontov\u00e1n s t\u00edm co \u0159ekl, jak to \u0159ekl, a zda je v\u016fbec mo\u017en\u00e9, aby to prob\u011bhlo tak, jak \u0159\u00edk\u00e1. Mohl jsem to jm\u00e9no nechat uniknout, ale nen\u00ed to m\u016fj styl, tak se j\u00e1 nechov\u00e1m. Do t\u00e9to doby byl stav velmi nespravedliv\u00fd a toto je jedin\u00e9, co pro narovn\u00e1n\u00ed spravedlnosti mohu ud\u011blat, aby i druh\u00e1 strana dost\u00e1vala nep\u0159\u00edjemn\u00e9 a \u010dasto i dost zlomysln\u00e9 ot\u00e1zky, jako jsem za posledn\u00ed dva m\u011bs\u00edce dost\u00e1val j\u00e1,\u201c uvedl.<\/p>\n<p><a href=\"https:\/\/www.ladislavjakl.cz\/wp-content\/uploads\/2019\/08\/doklad.jpg\"><img loading=\"lazy\" decoding=\"async\" class=\"alignnone wp-image-10528 \" src=\"https:\/\/www.ladislavjakl.cz\/wp-content\/uploads\/2019\/08\/doklad.jpg\" alt=\"\" width=\"539\" height=\"303\" srcset=\"https:\/\/www.ladislavjakl.cz\/wp-content\/uploads\/2019\/08\/doklad.jpg 1334w, https:\/\/www.ladislavjakl.cz\/wp-content\/uploads\/2019\/08\/doklad-264x148.jpg 264w, https:\/\/www.ladislavjakl.cz\/wp-content\/uploads\/2019\/08\/doklad-768x432.jpg 768w, https:\/\/www.ladislavjakl.cz\/wp-content\/uploads\/2019\/08\/doklad-900x506.jpg 900w\" sizes=\"auto, (max-width: 539px) 100vw, 539px\" \/><\/a><\/p>\n<p><em>Str\u00e1nka z \u00fa\u0159edn\u00edho dokumentu, kter\u00fd Jakl novin\u00e1\u0159\u016fm uk\u00e1zal<\/em><\/p>\n<p>Jakla na\u0161tvalo, \u017ee \u00da\u0159ad m\u011bstsk\u00e9 \u010d\u00e1sti Praha 1, kter\u00fd dostal p\u0159\u00edpad k do\u0159e\u0161en\u00ed, se v\u016fbec nezab\u00fdv\u00e1 fyzick\u00fdm napaden\u00edm, ale pouze slovn\u00edmi ur\u00e1\u017ekami. \u010clen RRTV se to dov\u011bd\u011bl z dokumentu, kter\u00fd mu s\u00e1m \u00fa\u0159ad poslal a \u017e\u00e1d\u00e1 ho o souhlas se zah\u00e1jen\u00edm p\u0159estupkov\u00e9ho \u0159\u00edzen\u00ed. Vzhledem k tomu, \u017ee \u00fa\u0159ad nechce Rub\u00edna trestat za napaden\u00ed, Jakl souhlas vyslovit odm\u00edt\u00e1, proto\u017ee by t\u00edm dle sv\u00fdch slov p\u0159istoupil na to, \u017ee nebyl napaden, jak pozd\u011bji tvrdil s\u00e1m \u00fato\u010dn\u00edk.&nbsp;<\/p>\n<p>\u201e\u0160lo o pe\u010dliv\u011b p\u0159ipraven\u00fd p\u0159\u00edb\u011bh, kter\u00fd ten \u010dlov\u011bk roznesl do sp\u0159\u00e1telen\u00fdch redakc\u00ed a m\u011bl to nejsp\u00ed\u0161 p\u0159ipraven\u00e9 s pr\u00e1vn\u00edkem,\u201c m\u00edn\u00ed Jakl. Rub\u00ednovo sv\u011bdectv\u00ed zve\u0159ejnily t\u0159in\u00e1ct dn\u00ed po incidentu Respekt a Den\u00edk N.<\/p>\n<p>Pokud jde o st\u00ed\u017enost, kterou Ladislav Jakl odeslal Lence Brad\u00e1\u010dov\u00e9, pra\u017esk\u00e9 vrchn\u00ed st\u00e1tn\u00ed z\u00e1stupkyni, tam jde o pro\u0161et\u0159en\u00ed postupu policie, kter\u00e1 podle Jakla nekonala, jak m\u011bla.&nbsp;<\/p>\n<p>\u201eVzhledem k ve\u0159ejn\u00e9 funkci, do kter\u00e9 jsem byl zvolen Poslaneckou sn\u011bmovnou, pova\u017euji medializovan\u00e1 vyj\u00e1d\u0159en\u00ed policejn\u00edch org\u00e1n\u016f za n\u00e1pomoc p\u0159i znev\u00e1\u017een\u00ed moj\u00ed d\u016fv\u011bryhodnosti a p\u0159i pomluv\u011b a za poru\u0161en\u00ed z\u00e1konem stanoven\u00fdch procesn\u00edch pravidel. O poru\u0161en\u00ed pr\u00e1va na ochranu informac\u00ed osobn\u00edho charakteru ani nemluv\u011b. \u017d\u00e1d\u00e1m o prov\u011b\u0159en\u00ed z\u00e1konnosti a korektnosti dosavadn\u00edho procesn\u00edho postupu v\u00fd\u0161e ozna\u010den\u00fdch org\u00e1n\u016f Policie \u010cR,\u201c p\u00ed\u0161e Ladislav Jakl ve st\u00ed\u017enosti, jej\u00ed\u017e zn\u011bn\u00ed poskytl v p\u00e1tek m\u00e9di\u00edm.<\/p>\n<p>Ladislav Jakl poskytl Parlamentn\u00edmList\u016fm.cz i sn\u00edmky sv\u00e9ho ramene zaznamenan\u00e9 kr\u00e1tce po \u00fatoku.<\/p>\n<p>Novin\u00e1\u0159\u016fm toti\u017e b\u011bhem br\u00edfinku ve stanici metra p\u0159ipomn\u011bl v\u00fdroky \u00fato\u010dn\u00edka Daniela Rub\u00edna,&nbsp;<a href=\"https:\/\/www.parlamentnilisty.cz\/arena\/monitor\/-Jakla-nikdo-nenapadl-on-prastil-me-Druhy-ucastnik-se-rozpovidal-v-Respektu-584701\" target=\"_blank\" rel=\"noopener\">kter\u00fd je\u0161t\u011b pod skrytou identitou m\u00e9di\u00edm tvrdil<\/a>, \u017ee Jakla pouze jednou lehce ude\u0159il do ramene. Nakolik jsou v\u00fdrazn\u00e9 mod\u0159iny tak\u0159ka na cel\u00e9 ruce n\u00e1sledkem \u201ejedn\u00e9 drobn\u00e9\u201c r\u00e1ny, nech\u0165 \u010dten\u00e1\u0159i posoud\u00ed sami.<\/p>\n<p><a href=\"https:\/\/www.ladislavjakl.cz\/wp-content\/uploads\/2019\/08\/rameno1.jpg\"><img loading=\"lazy\" decoding=\"async\" class=\"alignnone wp-image-10529 \" src=\"https:\/\/www.ladislavjakl.cz\/wp-content\/uploads\/2019\/08\/rameno1.jpg\" alt=\"\" width=\"426\" height=\"756\" srcset=\"https:\/\/www.ladislavjakl.cz\/wp-content\/uploads\/2019\/08\/rameno1.jpg 640w, https:\/\/www.ladislavjakl.cz\/wp-content\/uploads\/2019\/08\/rameno1-175x310.jpg 175w, https:\/\/www.ladislavjakl.cz\/wp-content\/uploads\/2019\/08\/rameno1-394x700.jpg 394w\" sizes=\"auto, (max-width: 426px) 100vw, 426px\" \/><\/a>&nbsp;<\/p>\n<p><a href=\"https:\/\/www.parlamentnilisty.cz\/zpravy\/kauzy\/Prulom-Zmlaceny-Jakl-podava-stiznost-na-chovani-policie-Zname-identitu-utocnika-591155\">Zdroj<\/a><\/p>\n","protected":false},"excerpt":{"rendered":"<p>B\u00fdval\u00fd tajemn\u00edk prezidenta Klause a nyn\u011bj\u0161\u00ed \u010dlen Rady pro rozhlasov\u00e9 a televizn\u00ed vys\u00edl\u00e1n\u00ed Ladislav Jakl, kter\u00fd byl koncem kv\u011btna v metru napaden, pod\u00e1v\u00e1 st\u00ed\u017enost pra\u017esk\u00e9 vrchn\u00ed st\u00e1tn\u00ed z\u00e1stupkyni. Policie podle n\u011bho poru\u0161ila pravidla a znev\u00e1\u017eila jeho d\u016fv\u011bryhodnost. Z\u00e1rove\u0148 Jakl zve\u0159ejnil jm\u00e9no \u00fato\u010dn\u00edka.<\/p>\n","protected":false},"author":1,"featured_media":0,"comment_status":"open","ping_status":"open","sticky":false,"template":"","format":"standard","meta":{"ngg_post_thumbnail":0,"footnotes":""},"categories":[11],"tags":[],"class_list":["post-10527","post","type-post","status-publish","format-standard","hentry","category-ozvena"],"_links":{"self":[{"href":"https:\/\/www.ladislavjakl.cz\/index.php?rest_route=\/wp\/v2\/posts\/10527","targetHints":{"allow":["GET"]}}],"collection":[{"href":"https:\/\/www.ladislavjakl.cz\/index.php?rest_route=\/wp\/v2\/posts"}],"about":[{"href":"https:\/\/www.ladislavjakl.cz\/index.php?rest_route=\/wp\/v2\/types\/post"}],"author":[{"embeddable":true,"href":"https:\/\/www.ladislavjakl.cz\/index.php?rest_route=\/wp\/v2\/users\/1"}],"replies":[{"embeddable":true,"href":"https:\/\/www.ladislavjakl.cz\/index.php?rest_route=%2Fwp%2Fv2%2Fcomments&post=10527"}],"version-history":[{"count":1,"href":"https:\/\/www.ladislavjakl.cz\/index.php?rest_route=\/wp\/v2\/posts\/10527\/revisions"}],"predecessor-version":[{"id":10530,"href":"https:\/\/www.ladislavjakl.cz\/index.php?rest_route=\/wp\/v2\/posts\/10527\/revisions\/10530"}],"wp:attachment":[{"href":"https:\/\/www.ladislavjakl.cz\/index.php?rest_route=%2Fwp%2Fv2%2Fmedia&parent=10527"}],"wp:term":[{"taxonomy":"category","embeddable":true,"href":"https:\/\/www.ladislavjakl.cz\/index.php?rest_route=%2Fwp%2Fv2%2Fcategories&post=10527"},{"taxonomy":"post_tag","embeddable":true,"href":"https:\/\/www.ladislavjakl.cz\/index.php?rest_route=%2Fwp%2Fv2%2Ftags&post=10527"}],"curies":[{"name":"wp","href":"https:\/\/api.w.org\/{rel}","templated":true}]}}